{"id":20435,"date":"2022-02-02T05:24:21","date_gmt":"2022-02-02T11:24:21","guid":{"rendered":"http:\/\/losperiodistas.com.mx\/portal\/?p=20435"},"modified":"2022-02-02T05:24:23","modified_gmt":"2022-02-02T11:24:23","slug":"descubiertos-coronavirus-con-un-preocupante-numero-de-mutaciones-en-cinco-personas-con-vih-sin-medicar-materia","status":"publish","type":"post","link":"https:\/\/losperiodistas.com.mx\/portal\/descubiertos-coronavirus-con-un-preocupante-numero-de-mutaciones-en-cinco-personas-con-vih-sin-medicar-materia\/","title":{"rendered":"Descubiertos coronavirus con un preocupante n\u00famero de mutaciones en cinco personas con VIH sin medicar | Materia"},"content":{"rendered":"\n<p style=\"font-size:18px\"><em>La media decena de casos, en \u00c1frica y Europa, sugiere que algunas infecciones descontroladas por el virus del sida pueden favorecer la aparici\u00f3n de nuevas variantes del SARS-CoV-2<\/em><\/p>\n\n\n\n<p><\/p>\n\n\n\n<figure class=\"wp-block-image size-large\"><img fetchpriority=\"high\" decoding=\"async\" width=\"1024\" height=\"683\" src=\"https:\/\/losperiodistas.com.mx\/portal\/wp-content\/uploads\/2022\/02\/QCVPEXULVREL3DQGUHHIFIXRQE-1024x683.jpeg\" alt=\"\" class=\"wp-image-20436\" srcset=\"https:\/\/losperiodistas.com.mx\/portal\/wp-content\/uploads\/2022\/02\/QCVPEXULVREL3DQGUHHIFIXRQE-1024x683.jpeg 1024w, https:\/\/losperiodistas.com.mx\/portal\/wp-content\/uploads\/2022\/02\/QCVPEXULVREL3DQGUHHIFIXRQE-300x200.jpeg 300w, https:\/\/losperiodistas.com.mx\/portal\/wp-content\/uploads\/2022\/02\/QCVPEXULVREL3DQGUHHIFIXRQE-768x513.jpeg 768w, https:\/\/losperiodistas.com.mx\/portal\/wp-content\/uploads\/2022\/02\/QCVPEXULVREL3DQGUHHIFIXRQE-1536x1025.jpeg 1536w, https:\/\/losperiodistas.com.mx\/portal\/wp-content\/uploads\/2022\/02\/QCVPEXULVREL3DQGUHHIFIXRQE.jpeg 1960w\" sizes=\"(max-width: 1024px) 100vw, 1024px\" \/><figcaption>Un centro de diagn\u00f3stico de covid, VIH y tuberculosis instalado en Johannesburgo (Sud\u00e1frica) en abril de 2020. JEROME DELAY (AP)<\/figcaption><\/figure>\n\n\n\n<p><\/p>\n\n\n\n<p class=\"has-vivid-cyan-blue-color has-text-color has-medium-font-size\">MANUEL ANSEDE \/ MATERIA \/ EL PA\u00cdS<\/p>\n\n\n\n<p>Algunas infecciones descontroladas por VIH, con su bajada de defensas asociada, pueden convertirse en un caldo de cultivo para la aparici\u00f3n de nuevas variantes preocupantes del coronavirus, seg\u00fan confirman cinco casos detectados en Sud\u00e1frica y el Reino Unido de personas sin medicar. En uno de ellos,&nbsp;<a href=\"https:\/\/papers.ssrn.com\/sol3\/papers.cfm?abstract_id=4014499\">una mujer de 22 a\u00f1os<\/a>&nbsp;con inmunodeficiencia \u2014que viv\u00eda en una zona rural sudafricana y no hab\u00eda tenido acceso a una vacuna contra la covid\u2014 sufri\u00f3 una infecci\u00f3n paralela de SARS-CoV-2 durante nueve meses. En su cuerpo debilitado, el coronavirus tuvo tiempo para evolucionar y acumular 21 mutaciones, algunas de ellas asociadas a una mayor capacidad para escapar de las defensas humanas.<\/p>\n\n\n\n<p>Los expertos advierten de que el virus de la covid todav\u00eda puede dar sorpresas. La&nbsp;<a href=\"https:\/\/elpais.com\/ciencia\/2022-01-02\/omicron-es-el-virus-con-la-propagacion-mas-rapida-de-la-historia.html\">variante \u00f3micron<\/a>&nbsp;del coronavirus, con medio centenar de mutaciones, se detect\u00f3 en Sud\u00e1frica hace poco m\u00e1s de dos meses y r\u00e1pidamente se convirti\u00f3 en la dominante en el mundo, pero la versi\u00f3n habitual ya est\u00e1 siendo desplazada por&nbsp;<a href=\"https:\/\/elpais.com\/ciencia\/2022-01-28\/la-ba2-una-nueva-version-de-la-omicron-que-es-todavia-mas-contagiosa-pero-no-mas-grave.html\">otra todav\u00eda m\u00e1s transmisible<\/a>, denominada BA.2. En el mundo siguen registr\u00e1ndose&nbsp;<a href=\"https:\/\/covid19.who.int\/\">m\u00e1s de 50.000 muertes<\/a>&nbsp;por covid confirmadas cada semana.<\/p>\n\n\n\n<p>La mujer de 22 a\u00f1os, atendida en un hospital de Ciudad del Cabo, super\u00f3 la infecci\u00f3n cr\u00f3nica por SARS-CoV-2 gracias a un tratamiento adecuado contra el VIH, que recuper\u00f3 sus defensas perdidas, seg\u00fan detalla el vir\u00f3logo&nbsp;<a href=\"https:\/\/www.linkedin.com\/in\/tongai-maponga-578a4479\/?originalSubdomain=za\">Tongai Maponga<\/a>, miembro del equipo m\u00e9dico. \u201cEste caso muestra que algunos de los desaf\u00edos asociados con el SARS-CoV-2 se pueden afrontar atendiendo a otros problemas sanitarios, como el VIH\u201d, subraya Maponga, de la Universidad de Stellenbosch. Sud\u00e1frica es el pa\u00eds con m\u00e1s personas afectadas por el virus del sida: casi ocho millones. Uno de cada cinco ciudadanos vive con VIH. La mujer de 22 a\u00f1os naci\u00f3 con el virus.<\/p>\n\n\n\n<p>Los cient\u00edficos sudafricanos llevan meses alertando de que la pasividad ante la pandemia de covid en los pa\u00edses con alta incidencia del VIH puede favorecer la aparici\u00f3n de\u00a0<a href=\"https:\/\/www.nature.com\/articles\/d41586-021-03546-8\">nuevas variantes del coronavirus<\/a>, m\u00e1s transmisibles o incluso capaces de regatear a las defensas producidas por las vacunas. Un nuevo estudio, publicado el 14 de enero, calcula que\u00a0<a href=\"https:\/\/www.sciencedirect.com\/science\/article\/pii\/S1931312822000415\">80.000 personas<\/a>\u00a0que viven con VIH en Sud\u00e1frica re\u00fanen las condiciones para sufrir infecciones cr\u00f3nicas de SARS-CoV-2, en las que el coronavirus puede acelerar su evoluci\u00f3n. El trabajo \u2014encabezado por el bi\u00f3logo\u00a0<a href=\"https:\/\/sigallab.net\/\">Alex Sigal<\/a>, de la Universidad de KwaZulu-Natal\u2014 detalla el caso de una mujer treinta\u00f1era con VIH y una infecci\u00f3n paralela por el coronavirus durante m\u00e1s de seis meses. El virus de la covid acumul\u00f3 en ese tiempo diversas mutaciones inquietantes, como las denominadas\u00a0<a href=\"https:\/\/elpais.com\/ciencia\/2021-01-20\/nelly-y-erik-las-inquietantes-mutaciones-del-coronavirus-que-amenazan-con-empeorar-la-pandemia.html\">Erik (E484K) y Nelly (N501Y)<\/a>, asociadas a una mayor capacidad para burlar las defensas humanas.<\/p>\n\n\n\n<figure class=\"wp-block-pullquote\"><blockquote><p>En el \u00c1frica subsahariana tienes las incidencias m\u00e1s altas de VIH y una poblaci\u00f3n que no tiene acceso a las vacunas contra la covid Teresa Cuti\u00f1o, vir\u00f3loga<\/p><\/blockquote><\/figure>\n\n\n\n<p>La vir\u00f3loga mexicana\u00a0<a href=\"https:\/\/www.linkedin.com\/in\/teresa-cutino-moguel-58715556\/\">Teresa Cuti\u00f1o<\/a>\u00a0cree que la aparici\u00f3n de variantes preocupantes del coronavirus va a ser \u201cmuy com\u00fan\u201d en los pa\u00edses con una incidencia muy alta de VIH. Cuti\u00f1o trabaja en\u00a0<a href=\"https:\/\/www.bartshealth.nhs.uk\/\">Barts Health<\/a>, uno de los grupos de hospitales p\u00fablicos m\u00e1s grandes de Inglaterra. Su equipo acaba de publicar\u00a0<a href=\"https:\/\/www.medrxiv.org\/content\/10.1101\/2022.01.14.21267836v1?s=09\">tres casos de pacientes<\/a>\u00a0con una enfermedad avanzada por VIH y una infecci\u00f3n cr\u00f3nica por el coronavirus, en los que surgieron mutaciones asociadas a una mayor transmisibilidad y a una mayor capacidad para regatear al sistema inmune. \u201cEn \u00c1frica subsahariana tienes las incidencias m\u00e1s altas de VIH y una poblaci\u00f3n que no tiene acceso a las vacunas contra la covid. Tienes todos los elementos para que se produzcan nuevas variantes\u201d, advierte.<\/p>\n\n\n\n<p>Cuti\u00f1o considera \u201cobsceno\u201d que algunos pa\u00edses ricos ya est\u00e9n ofreciendo cuartas dosis de la vacuna mientras hay pa\u00edses pobres sin acceso a las primeras inyecciones. En Espa\u00f1a, el 82% de la poblaci\u00f3n ya est\u00e1 vacunado, frente al 28% en Sud\u00e1frica y al 11% en todo el continente africano, seg\u00fan&nbsp;<a href=\"https:\/\/ourworldindata.org\/grapher\/share-people-fully-vaccinated-covid?country=Africa~ZAF~ESP\">el recuento<\/a>&nbsp;de la Universidad de Oxford. En Burundi y Rep\u00fablica Democr\u00e1tica del Congo,&nbsp;<a href=\"https:\/\/ourworldindata.org\/explorers\/coronavirus-data-explorer?zoomToSelection=true&amp;facet=none&amp;pickerSort=desc&amp;pickerMetric=total_vaccinations_per_hundred&amp;Metric=People+vaccinated+%28by+dose%29&amp;Interval=7-day+rolling+average&amp;Relative+to+Population=true&amp;Color+by+test+positivity=false&amp;country=BDI~COD\">menos del 0,5%<\/a>&nbsp;de los ciudadanos est\u00e1n vacunados contra la covid. Y en \u00c1frica viven&nbsp;<a href=\"https:\/\/www.who.int\/news-room\/fact-sheets\/detail\/hiv-aids#:~:text=There%20were%20an%20estimated%2037.7,in%20the%20WHO%20African%20Region.\">m\u00e1s de 25 millones<\/a>&nbsp;de personas con VIH, dos terceras partes del total mundial.<\/p>\n\n\n\n<p>La cient\u00edfica mexicana recuerda que las nuevas variantes del coronavirus tambi\u00e9n pueden surgir en otras personas con las defensas muy bajas, no solo en las que viven con VIH descontrolado: pacientes que han recibido un trasplante, enfermos de c\u00e1ncer sometidos a quimioterapia, gente con inmunodeficiencias de nacimiento. En la literatura cient\u00edfica constan varios casos de infecciones cr\u00f3nicas por SARS-CoV-2 que duraron meses, como las de un hombre de 60 a\u00f1os&nbsp;<a href=\"https:\/\/academic.oup.com\/jid\/article\/223\/1\/23\/5934826\">con linfoma de c\u00e9lulas del manto<\/a>&nbsp;y el de una mujer de 71 a\u00f1os&nbsp;<a href=\"https:\/\/www.cell.com\/cell\/fulltext\/S0092-8674(20)31456-2?_returnURL=https%3A%2F%2Flinkinghub.elsevier.com%2Fretrieve%2Fpii%2FS0092867420314562%3Fshowall%3Dtrue\">con leucemia linfoc\u00edtica cr\u00f3nica<\/a>, ambos en EE UU.<\/p>\n\n\n\n<p>La variante \u00f3micron del coronavirus es tan diferente de las anteriores que algunos cient\u00edficos, como el bi\u00f3logo dan\u00e9s&nbsp;<a href=\"https:\/\/andersen-lab.com\/\">Kristian Andersen<\/a>, llegaron a hipotetizar que el virus hab\u00eda saltado a los animales y hab\u00eda regresado a los humanos meses despu\u00e9s, ya transformado. Andersen, un investigador del Instituto Scripps (San Diego, EE UU) que es uno de los mayores expertos en la evoluci\u00f3n del coronavirus, ha reconocido&nbsp;<a href=\"https:\/\/twitter.com\/K_G_Andersen\/status\/1487850119881916416\">en sus redes sociales<\/a>&nbsp;que ha cambiado de opini\u00f3n tras ver los nuevos estudios en personas con VIH descontrolado. Ahora cree \u201cal 90%\u201d que las variantes m\u00e1s divergentes han surgido en pacientes con infecciones cr\u00f3nicas.<\/p>\n\n\n\n<p>El vir\u00f3logo Tongai Maponga hace un llamamiento a no \u201calimentar el estigma\u201d de las personas con VIH. Los pacientes que reciben tratamiento antirretroviral tienen niveles indetectables de virus y pueden vivir con normalidad. Sin embargo,&nbsp;<a href=\"https:\/\/www.unaids.org\/sites\/default\/files\/media_asset\/JC3032_AIDS_Data_book_2021_En.pdf\">10 millones<\/a>&nbsp;de los casi 38 millones de personas que viven con VIH en el mundo no reciben terapia contra el virus, seg\u00fan el Programa Conjunto de las Naciones Unidas sobre el VIH\/Sida (ONUSIDA). Seis millones de estos ciudadanos sin tratamiento&nbsp;<a href=\"https:\/\/www.unaids.org\/en\/resources\/presscentre\/pressreleaseandstatementarchive\/2021\/december\/20211206_icasa\">est\u00e1n en \u00c1frica<\/a>.<\/p>\n\n\n\n<p>Las dos pandemias, la de VIH y la de covid, se retroalimentan. El caos provocado por el SARS-CoV-2 en los \u00faltimos dos a\u00f1os ha dificultado el acceso a los tratamientos contra el virus del sida. Las personas con VIH, adem\u00e1s, tienen&nbsp;<a href=\"https:\/\/www.unaids.org\/en\/resources\/presscentre\/featurestories\/2021\/october\/20211011_people-living-with-hiv-covid19\">el doble de riesgo<\/a>&nbsp;de morir por covid que la poblaci\u00f3n general, seg\u00fan estudios en Inglaterra y Sud\u00e1frica citados por ONUSIDA.<\/p>\n\n\n\n<p>Maponga y sus colegas piden que se priorice la vacunaci\u00f3n contra la covid de las personas con VIH y que se facilite el acceso a los tratamientos antirretrovirales. El vir\u00f3logo recalca que no hay ninguna prueba de que el coronavirus con 21 mutaciones detectado en la chica sudafricana con VIH haya llegado al resto de la poblaci\u00f3n, pero cree que el caso ofrece una \u201clecci\u00f3n esencial\u201d al mundo. \u201cNo podemos permitirnos el lujo de ignorar otros desaf\u00edos sanitarios \u2014como el VIH, la tuberculosis, la hepatitis v\u00edrica, la malaria y el c\u00e1ncer\u2014 mientras nos concentramos en la covid\u201d, advierte Maponga.<\/p>\n\n\n\n<p><em>Puedes seguir a\u00a0<strong>MATERIA\u00a0<\/strong>en<\/em><a href=\"https:\/\/www.facebook.com\/Materia.Ciencia\/\"><em>\u00a0Facebook<\/em><\/a><em>,<\/em><a href=\"https:\/\/twitter.com\/materia_ciencia\"><em>\u00a0Twitter<\/em><\/a><em>\u00a0e<\/em><a href=\"https:\/\/www.instagram.com\/materia_ciencia\/\"><em>\u00a0Instagram<\/em><\/a><em>, o apuntarte aqu\u00ed para recibir\u00a0<\/em><a href=\"https:\/\/plus.elpais.com\/newsletters\/lnp\/1\/331\/\"><em>nuestra newsletter semanal<\/em><\/a><em>.<\/em><\/p>\n\n\n\n<p>Fuente: https:\/\/elpais.com\/ciencia\/2022-02-02\/descubiertos-coronavirus-con-un-preocupante-numero-de-mutaciones-en-cinco-personas-con-vih-sin-medicar.html<\/p>\n","protected":false},"excerpt":{"rendered":"<p>La media decena de casos, en \u00c1frica y Europa, sugiere que algunas infecciones descontroladas por el virus del sida pueden [&hellip;]<\/p>\n","protected":false},"author":1,"featured_media":20436,"comment_status":"open","ping_status":"open","sticky":false,"template":"","format":"standard","meta":{"site-sidebar-layout":"default","site-content-layout":"","ast-site-content-layout":"default","site-content-style":"default","site-sidebar-style":"default","ast-global-header-display":"","ast-banner-title-visibility":"","ast-main-header-display":"","ast-hfb-above-header-display":"","ast-hfb-below-header-display":"","ast-hfb-mobile-header-display":"","site-post-title":"","ast-breadcrumbs-content":"","ast-featured-img":"","footer-sml-layout":"","theme-transparent-header-meta":"","adv-header-id-meta":"","stick-header-meta":"","header-above-stick-meta":"","header-main-stick-meta":"","header-below-stick-meta":"","astra-migrate-meta-layouts":"default","ast-page-background-enabled":"default","ast-page-background-meta":{"desktop":{"background-color":"var(--ast-global-color-4)","background-image":"","background-repeat":"repeat","background-position":"center center","background-size":"auto","background-attachment":"scroll","background-type":"","background-media":"","overlay-type":"","overlay-color":"","overlay-opacity":"","overlay-gradient":""},"tablet":{"background-color":"","background-image":"","background-repeat":"repeat","background-position":"center center","background-size":"auto","background-attachment":"scroll","background-type":"","background-media":"","overlay-type":"","overlay-color":"","overlay-opacity":"","overlay-gradient":""},"mobile":{"background-color":"","background-image":"","background-repeat":"repeat","background-position":"center center","background-size":"auto","background-attachment":"scroll","background-type":"","background-media":"","overlay-type":"","overlay-color":"","overlay-opacity":"","overlay-gradient":""}},"ast-content-background-meta":{"desktop":{"background-color":"var(--ast-global-color-5)","background-image":"","background-repeat":"repeat","background-position":"center center","background-size":"auto","background-attachment":"scroll","background-type":"","background-media":"","overlay-type":"","overlay-color":"","overlay-opacity":"","overlay-gradient":""},"tablet":{"background-color":"var(--ast-global-color-5)","background-image":"","background-repeat":"repeat","background-position":"center center","background-size":"auto","background-attachment":"scroll","background-type":"","background-media":"","overlay-type":"","overlay-color":"","overlay-opacity":"","overlay-gradient":""},"mobile":{"background-color":"var(--ast-global-color-5)","background-image":"","background-repeat":"repeat","background-position":"center center","background-size":"auto","background-attachment":"scroll","background-type":"","background-media":"","overlay-type":"","overlay-color":"","overlay-opacity":"","overlay-gradient":""}},"footnotes":""},"categories":[8],"tags":[38,7338,7337],"class_list":["post-20435","post","type-post","status-publish","format-standard","has-post-thumbnail","hentry","category-noticias","tag-covid-19","tag-mutaciones-sars-cov-2","tag-vih"],"_links":{"self":[{"href":"https:\/\/losperiodistas.com.mx\/portal\/wp-json\/wp\/v2\/posts\/20435","targetHints":{"allow":["GET"]}}],"collection":[{"href":"https:\/\/losperiodistas.com.mx\/portal\/wp-json\/wp\/v2\/posts"}],"about":[{"href":"https:\/\/losperiodistas.com.mx\/portal\/wp-json\/wp\/v2\/types\/post"}],"author":[{"embeddable":true,"href":"https:\/\/losperiodistas.com.mx\/portal\/wp-json\/wp\/v2\/users\/1"}],"replies":[{"embeddable":true,"href":"https:\/\/losperiodistas.com.mx\/portal\/wp-json\/wp\/v2\/comments?post=20435"}],"version-history":[{"count":1,"href":"https:\/\/losperiodistas.com.mx\/portal\/wp-json\/wp\/v2\/posts\/20435\/revisions"}],"predecessor-version":[{"id":20437,"href":"https:\/\/losperiodistas.com.mx\/portal\/wp-json\/wp\/v2\/posts\/20435\/revisions\/20437"}],"wp:featuredmedia":[{"embeddable":true,"href":"https:\/\/losperiodistas.com.mx\/portal\/wp-json\/wp\/v2\/media\/20436"}],"wp:attachment":[{"href":"https:\/\/losperiodistas.com.mx\/portal\/wp-json\/wp\/v2\/media?parent=20435"}],"wp:term":[{"taxonomy":"category","embeddable":true,"href":"https:\/\/losperiodistas.com.mx\/portal\/wp-json\/wp\/v2\/categories?post=20435"},{"taxonomy":"post_tag","embeddable":true,"href":"https:\/\/losperiodistas.com.mx\/portal\/wp-json\/wp\/v2\/tags?post=20435"}],"curies":[{"name":"wp","href":"https:\/\/api.w.org\/{rel}","templated":true}]}}