{"id":20432,"date":"2022-02-02T04:45:18","date_gmt":"2022-02-02T10:45:18","guid":{"rendered":"http:\/\/losperiodistas.com.mx\/portal\/?p=20432"},"modified":"2022-02-02T04:55:40","modified_gmt":"2022-02-02T10:55:40","slug":"facundo-rosas-promueve-amparo-contra-captura-por-rapido-y-furioso-el-financiero","status":"publish","type":"post","link":"https:\/\/losperiodistas.com.mx\/portal\/facundo-rosas-promueve-amparo-contra-captura-por-rapido-y-furioso-el-financiero\/","title":{"rendered":"Facundo Rosas promueve amparo contra captura por R\u00e1pido y Furioso | El Financiero"},"content":{"rendered":"\n<p style=\"font-size:18px\"><em>El ex subsecretario de Seguridad P\u00fablica promovi\u00f3 una demanda de amparo que hasta el momento no se admite.<\/em><\/p>\n\n\n\n<p><\/p>\n\n\n\n<figure class=\"wp-block-image size-large\"><img fetchpriority=\"high\" decoding=\"async\" width=\"800\" height=\"450\" src=\"https:\/\/losperiodistas.com.mx\/portal\/wp-content\/uploads\/2022\/02\/7TT5OV3X5ZFPRNNGVSAIUJ2C7A.jpeg\" alt=\"\" class=\"wp-image-20433\" srcset=\"https:\/\/losperiodistas.com.mx\/portal\/wp-content\/uploads\/2022\/02\/7TT5OV3X5ZFPRNNGVSAIUJ2C7A.jpeg 800w, https:\/\/losperiodistas.com.mx\/portal\/wp-content\/uploads\/2022\/02\/7TT5OV3X5ZFPRNNGVSAIUJ2C7A-300x169.jpeg 300w, https:\/\/losperiodistas.com.mx\/portal\/wp-content\/uploads\/2022\/02\/7TT5OV3X5ZFPRNNGVSAIUJ2C7A-768x432.jpeg 768w\" sizes=\"(max-width: 800px) 100vw, 800px\" \/><figcaption>Facundo Rosas se encuentra actualmente preso en un penal de Sonora.\u00a0(Cuartoscuro)<\/figcaption><\/figure>\n\n\n\n<p><\/p>\n\n\n\n<p class=\"has-vivid-cyan-blue-color has-text-color has-medium-font-size\">EL FINANCIERO<\/p>\n\n\n\n<p><strong>Facundo Rosas<\/strong>&nbsp;Rosas, ex comisario general de la Polic\u00eda Federal y ex subsecretario de Secretaria de Seguridad P\u00fablica en la administraci\u00f3n de Genaro Garc\u00eda Luna, promovi\u00f3 un juicio de amparo contra la orden de aprehensi\u00f3n o comparecencia que se haya librado en su contra por el caso&nbsp;<strong>R\u00e1pido y Furioso<\/strong>.<\/p>\n\n\n\n<p>La demanda la present\u00f3 Jos\u00e9 Irving Arellano, el pasado 27 de enero, el mismo d\u00eda en el que&nbsp;<strong>Facundo Rosas<\/strong>&nbsp;fue detenido en la Ciudad de M\u00e9xico por atropellar y matar a una mujer de 62 a\u00f1os.<\/p>\n\n\n\n<p>Hasta el momento no se admite la demanda de\u00a0<strong>amparo<\/strong>, la cual fue radicada en el Juzgado S\u00e9ptimo de Distrito de Amparo en Materia Penal, cuyo titular, Julio Vered\u00edn Sena Vel\u00e1zquez, pidi\u00f3 aclarar el escrito de demanda.<\/p>\n\n\n\n<p><a href=\"https:\/\/www.elfinanciero.com.mx\/nacional\/2022\/01\/31\/dictan-formal-prision-a-facundo-rosas-excolaborador-de-garcia-luna\/\"><\/a><a href=\"https:\/\/www.elfinanciero.com.mx\/nacional\/2022\/01\/31\/dictan-formal-prision-a-facundo-rosas-excolaborador-de-garcia-luna\/\">Dictan formal prisi\u00f3n a Facundo Rosas, excolaborador de Garc\u00eda Luna<\/a><\/p>\n\n\n\n<hr class=\"wp-block-separator\"\/>\n\n\n\n<p>De acuerdo con una notificaci\u00f3n publicada ayer,&nbsp;<strong>Facundo Rosas<\/strong>&nbsp;se\u00f1al\u00f3 como autoridad responsable al Juez de Distrito Especializado en el Sistema Penal Acusatorio del Centro de Justicia Penal Federal del Reclusorio Sur y otros.<\/p>\n\n\n\n<p>Cabe recordar que, el Juzgado Noveno de Distrito con residencia en Agua Prieta, Sonora, dict\u00f3 auto de formal prisi\u00f3n en contra de&nbsp;<strong>Facundo Rosas<\/strong>, por el delito de tr\u00e1fico de armas relacionado con el caso \u201c<strong>R\u00e1pido y Furioso<\/strong>\u201d.<\/p>\n\n\n\n<p>Seg\u00fan la Fiscal\u00eda General de la Rep\u00fablica (FGR) autoridades de Estados Unidos y M\u00e9xico permitieron el tr\u00e1fico ilegal de 2 mil 500 armas de fuego con el fin de rastrear a bandas de traficantes de armas.<\/p>\n\n\n\n<p>No obstante, las armas fueron entregadas al C\u00e1rtel de Sinaloa, que era encabezado por Joaqu\u00edn Guzm\u00e1n, El Chapo, y utilizadas para diversos cr\u00edmenes vinculados con el narcotr\u00e1fico, incluso en fechas recientes.<\/p>\n\n\n\n<p>Al momento de ser detenido en la capital del pa\u00eds, Facundo Rosas ya ten\u00eda una orden de aprehensi\u00f3n vigente, la cual fue ejecutada. El ex funcionario se encuentra actualmente preso en un penal de Sonora.<\/p>\n\n\n\n<p>Fuente: https:\/\/www.elfinanciero.com.mx\/nacional\/2022\/02\/01\/facundo-rosas-promueve-amparo-contra-captura-por-rapido-y-furioso\/<\/p>\n","protected":false},"excerpt":{"rendered":"<p>El ex subsecretario de Seguridad P\u00fablica promovi\u00f3 una demanda de amparo que hasta el momento no se admite. EL FINANCIERO [&hellip;]<\/p>\n","protected":false},"author":1,"featured_media":20433,"comment_status":"open","ping_status":"open","sticky":false,"template":"","format":"standard","meta":{"site-sidebar-layout":"default","site-content-layout":"","ast-site-content-layout":"default","site-content-style":"default","site-sidebar-style":"default","ast-global-header-display":"","ast-banner-title-visibility":"","ast-main-header-display":"","ast-hfb-above-header-display":"","ast-hfb-below-header-display":"","ast-hfb-mobile-header-display":"","site-post-title":"","ast-breadcrumbs-content":"","ast-featured-img":"","footer-sml-layout":"","theme-transparent-header-meta":"","adv-header-id-meta":"","stick-header-meta":"","header-above-stick-meta":"","header-main-stick-meta":"","header-below-stick-meta":"","astra-migrate-meta-layouts":"default","ast-page-background-enabled":"default","ast-page-background-meta":{"desktop":{"background-color":"var(--ast-global-color-4)","background-image":"","background-repeat":"repeat","background-position":"center center","background-size":"auto","background-attachment":"scroll","background-type":"","background-media":"","overlay-type":"","overlay-color":"","overlay-opacity":"","overlay-gradient":""},"tablet":{"background-color":"","background-image":"","background-repeat":"repeat","background-position":"center center","background-size":"auto","background-attachment":"scroll","background-type":"","background-media":"","overlay-type":"","overlay-color":"","overlay-opacity":"","overlay-gradient":""},"mobile":{"background-color":"","background-image":"","background-repeat":"repeat","background-position":"center center","background-size":"auto","background-attachment":"scroll","background-type":"","background-media":"","overlay-type":"","overlay-color":"","overlay-opacity":"","overlay-gradient":""}},"ast-content-background-meta":{"desktop":{"background-color":"var(--ast-global-color-5)","background-image":"","background-repeat":"repeat","background-position":"center center","background-size":"auto","background-attachment":"scroll","background-type":"","background-media":"","overlay-type":"","overlay-color":"","overlay-opacity":"","overlay-gradient":""},"tablet":{"background-color":"var(--ast-global-color-5)","background-image":"","background-repeat":"repeat","background-position":"center center","background-size":"auto","background-attachment":"scroll","background-type":"","background-media":"","overlay-type":"","overlay-color":"","overlay-opacity":"","overlay-gradient":""},"mobile":{"background-color":"var(--ast-global-color-5)","background-image":"","background-repeat":"repeat","background-position":"center center","background-size":"auto","background-attachment":"scroll","background-type":"","background-media":"","overlay-type":"","overlay-color":"","overlay-opacity":"","overlay-gradient":""}},"footnotes":""},"categories":[8],"tags":[7241,6778],"class_list":["post-20432","post","type-post","status-publish","format-standard","has-post-thumbnail","hentry","category-noticias","tag-facundo-rosas","tag-rapido-y-furioso"],"_links":{"self":[{"href":"https:\/\/losperiodistas.com.mx\/portal\/wp-json\/wp\/v2\/posts\/20432","targetHints":{"allow":["GET"]}}],"collection":[{"href":"https:\/\/losperiodistas.com.mx\/portal\/wp-json\/wp\/v2\/posts"}],"about":[{"href":"https:\/\/losperiodistas.com.mx\/portal\/wp-json\/wp\/v2\/types\/post"}],"author":[{"embeddable":true,"href":"https:\/\/losperiodistas.com.mx\/portal\/wp-json\/wp\/v2\/users\/1"}],"replies":[{"embeddable":true,"href":"https:\/\/losperiodistas.com.mx\/portal\/wp-json\/wp\/v2\/comments?post=20432"}],"version-history":[{"count":1,"href":"https:\/\/losperiodistas.com.mx\/portal\/wp-json\/wp\/v2\/posts\/20432\/revisions"}],"predecessor-version":[{"id":20434,"href":"https:\/\/losperiodistas.com.mx\/portal\/wp-json\/wp\/v2\/posts\/20432\/revisions\/20434"}],"wp:featuredmedia":[{"embeddable":true,"href":"https:\/\/losperiodistas.com.mx\/portal\/wp-json\/wp\/v2\/media\/20433"}],"wp:attachment":[{"href":"https:\/\/losperiodistas.com.mx\/portal\/wp-json\/wp\/v2\/media?parent=20432"}],"wp:term":[{"taxonomy":"category","embeddable":true,"href":"https:\/\/losperiodistas.com.mx\/portal\/wp-json\/wp\/v2\/categories?post=20432"},{"taxonomy":"post_tag","embeddable":true,"href":"https:\/\/losperiodistas.com.mx\/portal\/wp-json\/wp\/v2\/tags?post=20432"}],"curies":[{"name":"wp","href":"https:\/\/api.w.org\/{rel}","templated":true}]}}