{"id":20416,"date":"2022-02-02T04:19:36","date_gmt":"2022-02-02T10:19:36","guid":{"rendered":"http:\/\/losperiodistas.com.mx\/portal\/?p=20416"},"modified":"2022-02-02T04:19:37","modified_gmt":"2022-02-02T10:19:37","slug":"tribunal-instruye-reactivacion-academica-en-la-udlap-fundacion-dice-que-no-hay-condiciones-oem","status":"publish","type":"post","link":"https:\/\/losperiodistas.com.mx\/portal\/tribunal-instruye-reactivacion-academica-en-la-udlap-fundacion-dice-que-no-hay-condiciones-oem\/","title":{"rendered":"Tribunal instruye reactivaci\u00f3n acad\u00e9mica en la Udlap; fundaci\u00f3n dice que no hay condiciones | OEM"},"content":{"rendered":"\n<p style=\"font-size:18px\"><em>Las puertas de la universidad fueron abiertas sin que ninguna autoridad se hiciera responsable de la entrega formal<\/em><\/p>\n\n\n\n<figure class=\"wp-block-image size-large\"><img fetchpriority=\"high\" decoding=\"async\" width=\"1024\" height=\"724\" src=\"https:\/\/losperiodistas.com.mx\/portal\/wp-content\/uploads\/2022\/02\/Captura-de-Pantalla-2022-02-02-a-las-4.15.19-1024x724.png\" alt=\"\" class=\"wp-image-20417\" srcset=\"https:\/\/losperiodistas.com.mx\/portal\/wp-content\/uploads\/2022\/02\/Captura-de-Pantalla-2022-02-02-a-las-4.15.19-1024x724.png 1024w, https:\/\/losperiodistas.com.mx\/portal\/wp-content\/uploads\/2022\/02\/Captura-de-Pantalla-2022-02-02-a-las-4.15.19-300x212.png 300w, https:\/\/losperiodistas.com.mx\/portal\/wp-content\/uploads\/2022\/02\/Captura-de-Pantalla-2022-02-02-a-las-4.15.19-768x543.png 768w, https:\/\/losperiodistas.com.mx\/portal\/wp-content\/uploads\/2022\/02\/Captura-de-Pantalla-2022-02-02-a-las-4.15.19.png 1502w\" sizes=\"(max-width: 1024px) 100vw, 1024px\" \/><\/figure>\n\n\n\n<p class=\"has-vivid-cyan-blue-color has-text-color has-medium-font-size\">MAYRA FLORES \/ EL SOL DE PUEBLA<\/p>\n\n\n\n<p>En medio de&nbsp;<strong>protestas de los alumnos de la Universidad de las Am\u00e9ricas Puebla (UDLAP)<\/strong>, el<strong>&nbsp;Tribunal Superior de Justicia del Estado (TSJEP)<\/strong>&nbsp;instruy\u00f3 que se reanuden actividades acad\u00e9micas de forma presencial, argumentando que hay condiciones para ello; sin embargo,&nbsp;<strong>la Fundaci\u00f3n Mary Street Jenkins aclar\u00f3 que esto no es posible<\/strong>&nbsp;porque no ha retomado la posesi\u00f3n legal de las instalaciones.<\/p>\n\n\n\n<p>A siete meses de que estallara el conflicto por la posesi\u00f3n de la universidad,\u00a0<strong>el campus sigue en disputa y ambas partes siguen en el litigio y ofreciendo sus versiones<\/strong>\u00a0sobre el cauce legal del pleito, que inici\u00f3 con la designaci\u00f3n de un nuevo patronato a trav\u00e9s de la Junta para el Cuidado de las Instituciones de Asistencia Privada del Estado, con el argumento de que los patronos de la familia Jenkins enfrentaban denuncias que los imposibilitaban para seguir en funciones.<\/p>\n\n\n\n<p><a href=\"https:\/\/www.elsoldepuebla.com.mx\/local\/\">LOCAL<\/a><\/p>\n\n\n\n<figure class=\"wp-block-image\"><a href=\"https:\/\/www.elsoldepuebla.com.mx\/local\/poder-judicial-del-estado-exhorta-a-la-reanudacion-de-actividades-academicas-en-la-udlap-7809710.html\"><img decoding=\"async\" src=\"https:\/\/www.elsoldepuebla.com.mx\/local\/4btxow-poder-judicial-del-estado-ordena-la-reanudacion-de-actividades-academicas-en-la-udlap\/alternates\/LANDSCAPE_200\/Poder%20Judicial%20del%20Estado%20ordena%20la%20reanudaci%C3%B3n%20de%20actividades%20acad%C3%A9micas%20en%20la%20Udlap\" alt=\"\" title=\"Poder Judicial del Estado ordena la reanudaci\u00f3n de actividades acad\u00e9micas en la Udlap\"\/><\/a><\/figure>\n\n\n\n<h4 class=\"wp-block-heading\"><a href=\"https:\/\/www.elsoldepuebla.com.mx\/local\/poder-judicial-del-estado-exhorta-a-la-reanudacion-de-actividades-academicas-en-la-udlap-7809710.html\">Poder Judicial del Estado exhorta a la reanudaci\u00f3n de actividades acad\u00e9micas en la Udlap<\/a><\/h4>\n\n\n\n<p>Ayer, el&nbsp;<strong>Tribunal Superior de Justicia del Estad<\/strong>o inform\u00f3 que una<strong>&nbsp;jueza determin\u00f3 que en noviembre pasado se dio cumplimiento a la restituci\u00f3n de la universidad a la Fundaci\u00f3n<\/strong>&nbsp;Jenkins por lo que existen condiciones de seguridad y acceso para restablecer las actividades presenciales.<\/p>\n\n\n\n<p>Incluso,&nbsp;<strong>exhort\u00f3 al personal&nbsp;<\/strong>administrativo y docente, as\u00ed como a la Secretar\u00eda de Seguridad P\u00fablica a coordinarse&nbsp;<strong>para garantizar el desarrollo de las actividades acad\u00e9micas en el campus.<\/strong><\/p>\n\n\n\n<p>Por su parte, el patronato que tom\u00f3 el control f\u00edsico de la UDLAP el 29 de junio pasado inform\u00f3, a trav\u00e9s de su representante legal<strong>&nbsp;Rodrigo Gurza C\u00e1rdenas,<\/strong>&nbsp;que las autoridades administrativas son las responsables de cuidar el campus y restablecer las actividades; mientras que<strong>&nbsp;la fundaci\u00f3n Mary Street Jenkins indic\u00f3 que lo anterior no ser\u00e1 posible&nbsp;<\/strong>hasta que estos \u00faltimos entreguen la posesi\u00f3n legal a la rectora interina, Cecilia Anaya Berr\u00edos, ante notario p\u00fablico y los medios de comunicaci\u00f3n.<\/p>\n\n\n\n<h2 class=\"wp-block-heading\"><strong>ALUMNOS REALIZAN BLOQUEOS PARA URGIR LA REAPERTURA<\/strong><\/h2>\n\n\n\n<p>Un grupo&nbsp;<strong>de alumnos bloque\u00f3 la recta a Cholula<\/strong>&nbsp;y tambi\u00e9n afect\u00f3 la circulaci\u00f3n vehicular en tramos del perif\u00e9rico ecol\u00f3gico y la lateral, con la intenci\u00f3n de presionar a las autoridades para que el&nbsp;<strong>campus sea abierto y devuelto a la fundaci\u00f3n que dirige Margarita Jenkins de Landa.<\/strong><\/p>\n\n\n\n<p>Durante la protesta,&nbsp;<strong>los alumnos intercambiaron palabras con automovilistas<\/strong>, conductores de transporte de carga y familias que trasladaban a pacientes enfermos, ya que se vieron afectados por el bloqueo en el perif\u00e9rico ecol\u00f3gico.<\/p>\n\n\n\n<p>Despu\u00e9s de varios altercados verbales y de que un grupo de manifestantes\u00a0<strong>da\u00f1ara con piedras un veh\u00edculo particular<\/strong>\u00a0que quiso evadir el cierre a la circulaci\u00f3n, los alumnos optaron por permitir el paso intermitente para ambulancias, aunque esto no resolvi\u00f3 el problema de<strong>\u00a0tr\u00e1nsito vehicular que se prolong\u00f3 por m\u00e1s de cuatro horas.<\/strong><\/p>\n\n\n\n<figure class=\"wp-block-embed is-type-rich is-provider-twitter wp-block-embed-twitter\"><div class=\"wp-block-embed__wrapper\">\n<blockquote class=\"twitter-tweet\" data-width=\"500\" data-dnt=\"true\"><p lang=\"es\" dir=\"ltr\">La gente molesta incluso amaga con &quot;aventarles&quot; los camiones para que reabran el paso.<br><br>V\u00eda: <a href=\"https:\/\/twitter.com\/diaz_bibiana?ref_src=twsrc%5Etfw\">@diaz_bibiana<\/a> <a href=\"https:\/\/t.co\/Ot4T0kGBUR\">pic.twitter.com\/Ot4T0kGBUR<\/a><\/p>&mdash; El Sol de Puebla (@elsoldepuebla1) <a href=\"https:\/\/twitter.com\/elsoldepuebla1\/status\/1488674218543833088?ref_src=twsrc%5Etfw\">February 2, 2022<\/a><\/blockquote><script async src=\"https:\/\/platform.twitter.com\/widgets.js\" charset=\"utf-8\"><\/script>\n<\/div><\/figure>\n\n\n\n<p>Al cierre de esta edici\u00f3n,&nbsp;<strong>al menos 300 estudiantes, profesores y padres de familia que se manten\u00edan realizando guardias<\/strong>&nbsp;en inmediaciones del campus, decidieron retirarse del lugar, no sin antes hacer responsable al gobierno de lo que pudiera ocurrir en el plantel, ya que sus puertas fueron abiertas sin haberse entregado por alguna autoridad.<\/p>\n\n\n\n<p>\u201cLo que creemos es que l<strong>o hicieron a manera de provocaci\u00f3n para que entremos y nos acusen de algo<\/strong>, por eso vamos a cuidar que nadie entre hasta que venga la rectora y se haga todo legal, para que se revise como est\u00e1n las instalaciones\u201d, dijo un alumno que pidi\u00f3 omitir su nombre.<\/p>\n\n\n\n<p>Al abrir las puertas, el personal de seguridad dijo a los j\u00f3venes que&nbsp;<strong>ten\u00edan la instrucci\u00f3n de permitirles el acceso siempre y cuando se identificaran&nbsp;<\/strong>como integrantes de la comunidad acad\u00e9mica, no obstante los alumnos optaron por acordonar la entrada para evitar el paso a cualquier persona.<\/p>\n\n\n\n<p>Al filo de las 22:00 horas, los alumnos que manten\u00edan bloqueada la recta a Cholula en ambos sentidos,&nbsp;<strong>con apoyo de veh\u00edculos particulares, tambi\u00e9n decidieron retirar la manifestaci\u00f3n.<\/strong><\/p>\n\n\n\n<h2 class=\"wp-block-heading\"><strong>PATRONATO PRESIDIDO POR MAGA\u00d1A ORDENA ABRIR EL CAMPUS, PERO NO LO DEVUELVE<\/strong><\/h2>\n\n\n\n<p>El patronato presidido por Horacio Maga\u00f1a inform\u00f3 que&nbsp;<strong>una jueza del Estado de Puebla determin\u00f3 la apertura del campus y el retorno a las actividades acad\u00e9micas con normalidad<\/strong>, cuesti\u00f3n que ya fue notificada a la empresa responsable de la seguridad del campus para que se \u201cevite cualquier especulaci\u00f3n sobre el cumplimiento de la misma\u201d.<\/p>\n\n\n\n<p>Asimismo se\u00f1al\u00f3 que \u201cla responsabilidad de cuidar el campus y de que se realicen las actividades educativas, acad\u00e9micas y culturales, queda a partir de ahora en las manos de la comunidad universitaria,\u00a0<strong>empezando por las autoridades administrativas de la UDLAP\u201d.<\/strong><\/p>\n\n\n\n<figure class=\"wp-block-embed is-type-rich is-provider-twitter wp-block-embed-twitter\"><div class=\"wp-block-embed__wrapper\">\n<blockquote class=\"twitter-tweet\" data-width=\"500\" data-dnt=\"true\"><p lang=\"es\" dir=\"ltr\">Alumnos de la UDLAP acordonan la entrada al campus, ya que las puertas fueron abiertas pero la posesi\u00f3n legal no ha sido entregada formalmente a la rectora, Cecilia Anaya.<br><br>V\u00eda: <a href=\"https:\/\/twitter.com\/MayWaldo?ref_src=twsrc%5Etfw\">@MayWaldo<\/a> <a href=\"https:\/\/t.co\/jmijSyWOSV\">pic.twitter.com\/jmijSyWOSV<\/a><\/p>&mdash; El Sol de Puebla (@elsoldepuebla1) <a href=\"https:\/\/twitter.com\/elsoldepuebla1\/status\/1488706796093165569?ref_src=twsrc%5Etfw\">February 2, 2022<\/a><\/blockquote><script async src=\"https:\/\/platform.twitter.com\/widgets.js\" charset=\"utf-8\"><\/script>\n<\/div><\/figure>\n\n\n\n<p>A\u00f1adi\u00f3 que el patronato que fue designado por la Junta para el Cuidado de las Instituciones de Asistencia Privada del Estado ha velado para que la UDLAP&nbsp;<strong>sea ajena a un conflicto legal que inici\u00f3 hace m\u00e1s de 10 a\u00f1os,<\/strong>&nbsp;sin embargo ahora corresponder\u00e1 a profesores, alumnos e integrantes de la comunidad acad\u00e9mica que funcione con normalidad.<\/p>\n\n\n\n<h2 class=\"wp-block-heading\"><strong>NO HABR\u00c1 ACTIVIDADES PRESENCIALES SIN POSESI\u00d3N LEGAL: FMSJ<\/strong><\/h2>\n\n\n\n<p>Por su parte,&nbsp;<strong>la Fundaci\u00f3n Mary Street Jenkins<\/strong>&nbsp;(FMSJ) afirm\u00f3 que mientras la<strong>&nbsp;posesi\u00f3n legal del campus no sea devuelta a la rectora Cecilia Anaya Berr\u00edos&nbsp;<\/strong>y a la presidenta de la Fundaci\u00f3n UDLAP,&nbsp;<strong>Margarita Jenkins de Landa&nbsp;<\/strong>de manera formal,&nbsp;<strong>no hay condiciones para retomar actividades el mismo<\/strong>.<\/p>\n\n\n\n<p>El representante legal de la FMSJ, Enrique Rodr\u00edguez, sostuvo que desde hace seis semanas un juez de Cholula debi\u00f3 intervenir&nbsp;<strong>para que el campus volviera a manos de sus representados,&nbsp;<\/strong>en acato a una resoluci\u00f3n definitiva de tipo federal obtenida por la fundaci\u00f3n.<\/p>\n\n\n\n<p>\u201cSi realmente el Poder Judicial de Puebla tiene la intenci\u00f3n de devolver formalmente la UDLAPdeben de hacerlo conforme a una suspensi\u00f3n definitiva ganada,&nbsp;<strong>ning\u00fan juez local est\u00e1 por encima de un mandato federal,<\/strong>&nbsp;que viene de un Tribunal Colegiado del Poder Judicial de la Federaci\u00f3n\u201d.<\/p>\n\n\n\n<p>Rodr\u00edguez se\u00f1al\u00f3 que el comunicado que emiti\u00f3 el TSJEP para ordenar la restituci\u00f3n de las actividades presenciales<strong>&nbsp;es un distractor orquestado desde el Gobierno Estatal<\/strong>&nbsp;para seguir desacatando una orden judicial federal, ya que el conflicto ha escalado a nivel nacional.<\/p>\n\n\n\n<p><strong>\u00bfQu\u00e9 debe pasar para que se acate la resoluci\u00f3n y se termine el conflicto?<\/strong>, se le cuestion\u00f3.<\/p>\n\n\n\n<p>\u201c<strong>Falta voluntad pol\u00edtica del gobernador Luis Miguel Barbosa<\/strong>&nbsp;(\u2026) va a ser con presi\u00f3n social que el gobernador tenga que acatar estas resoluciones. En razones de derecho, en tribunales federales, los hemos vencido hemos ganado resoluciones que nos favorecen y en funci\u00f3n de eso se dictaron \u00f3rdenes de restituci\u00f3n\u201d, respondi\u00f3.<\/p>\n\n\n\n<p>El vocero de la fundaci\u00f3n Jenkins dijo que&nbsp;<strong>lo que sigue es esperar a que el juez de Cholula sea sancionado por desacatar una orden judicial&nbsp;<\/strong>o se decida a cumplirla, mientras tanto las actividades presenciales dependen de que sus representados tengan la posesi\u00f3n legal de las instalaciones.<\/p>\n\n\n\n<p>\u201cQue le digan a la doctora (la rectora interina, Cecilia Anaya Berrios) a qu\u00e9 hora y en qu\u00e9 puerta le devuelven el campus y ah\u00ed nos vemos,&nbsp;<strong>si es que en verdad tienen la intenci\u00f3n de que las actividades se restablezcan<\/strong>\u201d, concluy\u00f3.<\/p>\n\n\n\n<p>Por su parte, la rectora Cecilia Anaya Berr\u00edos,&nbsp;<strong>calific\u00f3 como una ofensa a la inteligencia de la comunidad acad\u00e9mica que se pretenda simular la apertura del campus<\/strong>, por lo que exigi\u00f3 respeto al estado de derecho y la ejecuci\u00f3n de la sentencia por la cual las instalaciones deben ser devueltas formalmente.<\/p>\n\n\n\n<p>\u201cNo estamos esperando que nos dejen entrar, t<strong>ienen que hacer la entrega formal como indica la resoluci\u00f3n definitiva del juez<\/strong>&nbsp;tercero y salirse del campus\u201d, dijo al tiempo de explicar que se ha mantenido al margen de las protestas de los alumnos para evitar entorpecer el proceso legal.<\/p>\n\n\n\n<p>Por \u00faltimo indic\u00f3 que el regreso a las instalaciones \u201c<strong>es imposible cuando se pretende legitimar como administrador de la universidad\u00a0<\/strong>al grupo que la mantiene secuestrada desde el 29 de junio del a\u00f1o pasado y que pretende apoderarse de la operaci\u00f3n acad\u00e9mica sin contar siquiera con los atributos legales o estatutarios\u201d.<\/p>\n\n\n\n<p>Fuente: https:\/\/www.elsoldepuebla.com.mx\/local\/tribunal-instruye-reactivacion-academica-en-la-udlap-fundacion-dice-que-no-hay-condiciones-7810918.html<\/p>\n","protected":false},"excerpt":{"rendered":"<p>Las puertas de la universidad fueron abiertas sin que ninguna autoridad se hiciera responsable de la entrega formal MAYRA FLORES [&hellip;]<\/p>\n","protected":false},"author":1,"featured_media":20417,"comment_status":"open","ping_status":"open","sticky":false,"template":"","format":"standard","meta":{"site-sidebar-layout":"default","site-content-layout":"","ast-site-content-layout":"default","site-content-style":"default","site-sidebar-style":"default","ast-global-header-display":"","ast-banner-title-visibility":"","ast-main-header-display":"","ast-hfb-above-header-display":"","ast-hfb-below-header-display":"","ast-hfb-mobile-header-display":"","site-post-title":"","ast-breadcrumbs-content":"","ast-featured-img":"","footer-sml-layout":"","theme-transparent-header-meta":"","adv-header-id-meta":"","stick-header-meta":"","header-above-stick-meta":"","header-main-stick-meta":"","header-below-stick-meta":"","astra-migrate-meta-layouts":"default","ast-page-background-enabled":"default","ast-page-background-meta":{"desktop":{"background-color":"var(--ast-global-color-4)","background-image":"","background-repeat":"repeat","background-position":"center center","background-size":"auto","background-attachment":"scroll","background-type":"","background-media":"","overlay-type":"","overlay-color":"","overlay-opacity":"","overlay-gradient":""},"tablet":{"background-color":"","background-image":"","background-repeat":"repeat","background-position":"center center","background-size":"auto","background-attachment":"scroll","background-type":"","background-media":"","overlay-type":"","overlay-color":"","overlay-opacity":"","overlay-gradient":""},"mobile":{"background-color":"","background-image":"","background-repeat":"repeat","background-position":"center center","background-size":"auto","background-attachment":"scroll","background-type":"","background-media":"","overlay-type":"","overlay-color":"","overlay-opacity":"","overlay-gradient":""}},"ast-content-background-meta":{"desktop":{"background-color":"var(--ast-global-color-5)","background-image":"","background-repeat":"repeat","background-position":"center center","background-size":"auto","background-attachment":"scroll","background-type":"","background-media":"","overlay-type":"","overlay-color":"","overlay-opacity":"","overlay-gradient":""},"tablet":{"background-color":"var(--ast-global-color-5)","background-image":"","background-repeat":"repeat","background-position":"center center","background-size":"auto","background-attachment":"scroll","background-type":"","background-media":"","overlay-type":"","overlay-color":"","overlay-opacity":"","overlay-gradient":""},"mobile":{"background-color":"var(--ast-global-color-5)","background-image":"","background-repeat":"repeat","background-position":"center center","background-size":"auto","background-attachment":"scroll","background-type":"","background-media":"","overlay-type":"","overlay-color":"","overlay-opacity":"","overlay-gradient":""}},"footnotes":""},"categories":[8],"tags":[2175,7330,2379],"class_list":["post-20416","post","type-post","status-publish","format-standard","has-post-thumbnail","hentry","category-noticias","tag-fundacion-jenkins","tag-tsjep","tag-udlap"],"_links":{"self":[{"href":"https:\/\/losperiodistas.com.mx\/portal\/wp-json\/wp\/v2\/posts\/20416","targetHints":{"allow":["GET"]}}],"collection":[{"href":"https:\/\/losperiodistas.com.mx\/portal\/wp-json\/wp\/v2\/posts"}],"about":[{"href":"https:\/\/losperiodistas.com.mx\/portal\/wp-json\/wp\/v2\/types\/post"}],"author":[{"embeddable":true,"href":"https:\/\/losperiodistas.com.mx\/portal\/wp-json\/wp\/v2\/users\/1"}],"replies":[{"embeddable":true,"href":"https:\/\/losperiodistas.com.mx\/portal\/wp-json\/wp\/v2\/comments?post=20416"}],"version-history":[{"count":1,"href":"https:\/\/losperiodistas.com.mx\/portal\/wp-json\/wp\/v2\/posts\/20416\/revisions"}],"predecessor-version":[{"id":20419,"href":"https:\/\/losperiodistas.com.mx\/portal\/wp-json\/wp\/v2\/posts\/20416\/revisions\/20419"}],"wp:featuredmedia":[{"embeddable":true,"href":"https:\/\/losperiodistas.com.mx\/portal\/wp-json\/wp\/v2\/media\/20417"}],"wp:attachment":[{"href":"https:\/\/losperiodistas.com.mx\/portal\/wp-json\/wp\/v2\/media?parent=20416"}],"wp:term":[{"taxonomy":"category","embeddable":true,"href":"https:\/\/losperiodistas.com.mx\/portal\/wp-json\/wp\/v2\/categories?post=20416"},{"taxonomy":"post_tag","embeddable":true,"href":"https:\/\/losperiodistas.com.mx\/portal\/wp-json\/wp\/v2\/tags?post=20416"}],"curies":[{"name":"wp","href":"https:\/\/api.w.org\/{rel}","templated":true}]}}