{"id":20407,"date":"2022-02-02T04:11:15","date_gmt":"2022-02-02T10:11:15","guid":{"rendered":"http:\/\/losperiodistas.com.mx\/portal\/?p=20407"},"modified":"2022-02-02T04:11:16","modified_gmt":"2022-02-02T10:11:16","slug":"saskia-nino-de-rivera-afirma-que-directora-de-cereso-en-puebla-renuncio-ssp-lo-niega-la-razon","status":"publish","type":"post","link":"https:\/\/losperiodistas.com.mx\/portal\/saskia-nino-de-rivera-afirma-que-directora-de-cereso-en-puebla-renuncio-ssp-lo-niega-la-razon\/","title":{"rendered":"Saskia Ni\u00f1o de Rivera afirma que directora de Cereso en Puebla renunci\u00f3; SSP lo niega | La Raz\u00f3n"},"content":{"rendered":"\n<p style=\"font-size:18px\"><em>\u00abRenuncia la directora del penal de San Miguel\u00bb, inform\u00f3 la activista;\u00a0la SSP-Puebla neg\u00f3 que Mar\u00eda del Rayo Mendoza haya renunciado a su cargo<\/em><\/p>\n\n\n\n<figure class=\"wp-block-image size-large\"><img fetchpriority=\"high\" decoding=\"async\" width=\"940\" height=\"470\" src=\"https:\/\/losperiodistas.com.mx\/portal\/wp-content\/uploads\/2022\/02\/61e3051c95a7d.jpeg\" alt=\"\" class=\"wp-image-20409\" srcset=\"https:\/\/losperiodistas.com.mx\/portal\/wp-content\/uploads\/2022\/02\/61e3051c95a7d.jpeg 940w, https:\/\/losperiodistas.com.mx\/portal\/wp-content\/uploads\/2022\/02\/61e3051c95a7d-300x150.jpeg 300w, https:\/\/losperiodistas.com.mx\/portal\/wp-content\/uploads\/2022\/02\/61e3051c95a7d-768x384.jpeg 768w\" sizes=\"(max-width: 940px) 100vw, 940px\" \/><figcaption>Fachada del Centro Estatal de Reinserci\u00f3n Social (CERESO) en San Miguel, Puebla<strong>Foto: Especial<\/strong><\/figcaption><\/figure>\n\n\n\n<p class=\"has-vivid-cyan-blue-color has-text-color has-medium-font-size\">LA RAZ\u00d3N ONLINE<\/p>\n\n\n\n<p>Este martes, la directora de la organizaci\u00f3n Reinserta,\u00a0<strong>Saskia Ni\u00f1o de Rivera,<\/strong>\u00a0se\u00f1al\u00f3 que la directora del penal de San Miguel en Puebla, Mar\u00eda del Rayo Mendoza renunci\u00f3,\u00a0<strong>luego de haber sido nombrada apenas el pasado 27 de enero,\u00a0<\/strong>informaci\u00f3n que la Secretar\u00eda de Seguridad P\u00fablica de Puebla neg\u00f3 despu\u00e9s<strong>.<\/strong><\/p>\n\n\n\n<p id=\"m96-95-97\">A trav\u00e9s de sus redes, la activista mencion\u00f3: \u201cRenuncia la directora del penal de San Miguel. No llevaba ni una semana.&nbsp;<strong>As\u00ed han de estar las cosas all\u00e1 adentro\u201d,&nbsp;<\/strong>destac\u00f3.<\/p>\n\n\n\n<figure class=\"wp-block-image\"><img decoding=\"async\" src=\"https:\/\/imagenes.razon.com.mx\/files\/image_620_resize\/uploads\/2022\/02\/01\/61fa057d1e37f.jpeg\" alt=\"\"\/><figcaption>El mensaje de Saskia Ni\u00f1o ed Rivera en Twitter<strong>Foto: Redes sociales<\/strong><\/figcaption><\/figure>\n\n\n\n<p id=\"m132-131-133\"><strong>Mar\u00eda del Rayo Mendoza,<\/strong>&nbsp;titular del Centro de Reinserci\u00f3n Social (Cereso) de San Miguel lleg\u00f3 al cargo, luego de que el pasado 15 de enero&nbsp;<a href=\"https:\/\/www.razon.com.mx\/mexico\/patetica-actuacion-rosario-piedra-caso-tadeo-saskia-nino-rivera-469461\">se encontr\u00f3 a un beb\u00e9<\/a>&nbsp;de s\u00f3lo tres meses de nacido, en un basurero del penal.PUBLICIDAD<\/p>\n\n\n\n<p id=\"m137-136-138\">La organizaci\u00f3n Reinserta fue la que denunci\u00f3 el caso, despu\u00e9s, se descubri\u00f3 que&nbsp;<a href=\"https:\/\/www.razon.com.mx\/opinion\/columnas\/monica-garza\/cndh-sepulto-nuevo-tadeo-469093\">fue sustra\u00eddo de un pante\u00f3n en la alcald\u00eda de Iztapalapa.<\/a><\/p>\n\n\n\n<p id=\"m142-141-143\">La activista ha denunciado en reiteradas ocasiones el autogobierno que impera en el centro de rehabilitaci\u00f3n,&nbsp;<strong>que afecta a menores que se encuentran al interior.<\/strong><\/p>\n\n\n\n<h2 class=\"wp-block-heading\" id=\"m147-146-148\">SSP desmiente renuncia de directora del Cereso de Puebla<\/h2>\n\n\n\n<p id=\"m157-156-158\">Tras el se\u00f1alamiento de&nbsp;<strong>Saskia Ni\u00f1o de Rivera,<\/strong>&nbsp;la Secretar\u00eda de Seguridad P\u00fablica de Puebla neg\u00f3 que&nbsp;<strong>Mar\u00eda del Rayo Mendoza,<\/strong>&nbsp;directora del Centro de Reinserci\u00f3n Social (Cereso) de Puebla, donde un beb\u00e9 sin vida fue encontrado en un basurero, haya renunciado a su cargo.<\/p>\n\n\n\n<p id=\"m162-161-163\">Tras la publicaci\u00f3n, la dependencia cit\u00f3 el tuit de&nbsp; la activista y asegur\u00f3 que Del Rayo Mendoza sigue al frente del centro penitenciario.<\/p>\n\n\n\n<p id=\"m167-166-168\">\u201cBuenas noches, le informamos que es falsa su aseveraci\u00f3n; la directora se mantiene en su cargo\u201d, se lee en el perfil de la Secretar\u00eda.<\/p>\n\n\n\n<figure class=\"wp-block-image\"><img decoding=\"async\" src=\"https:\/\/imagenes.razon.com.mx\/files\/image_620_resize\/uploads\/2022\/02\/02\/61fa1fcd4dd36.jpeg\" alt=\"\"\/><figcaption>SSP desmiente renuncia de directora del Cereso de Puebla<strong>Foto: Captura de pantalla<\/strong><\/figcaption><\/figure>\n\n\n\n<p id=\"m198-197-199\"><strong>Posteriormente, Saskia Ni\u00f1o de Rivera elimin\u00f3 la publicaci\u00f3n.<\/strong><\/p>\n\n\n\n<p id=\"m203-202-204\">La activista fue quien dio a conocer el caso del beb\u00e9 Tadeo, cuyo cuerpo fue exhumado de un pante\u00f3n en la alcald\u00eda Iztapalapa en la Ciudad de M\u00e9xico, y posteriormente apareci\u00f3 en un contenedor de basura del Cereso ubicado en la localidad de San Miguel, en Puebla.<\/p>\n\n\n\n<p id=\"m208-207-209\">Hasta este martes, a\u00fan no se ha revelado el motivo por el cual su cad\u00e1ver fue sustra\u00eddo y llevado a ese penal, por lo que diversas organizaciones civiles mantienen en pie la exigencia para que las autoridades esclarezcan los hechos.<\/p>\n\n\n\n<p id=\"m213-212-214\">Ayer, la Fiscal\u00eda General del Estado dio a conocer que obtuvo la vinculaci\u00f3n a proceso de 17 de los 21 servidores p\u00fablicos del centro penitenciario que fueron aprehendidos tras ser vinculados con este caso.<\/p>\n\n\n\n<p id=\"m218-217-219\">\u201cSe constat\u00f3 la presunta inadecuada vigilancia en los accesos de entrada, salida e interior, conducta atribuida al personal penitenciario y directivo identificados como: Rodrigo N., Valent\u00edn N., Gil N., Mois\u00e9s Sergio N., Jos\u00e9 Isidro N., Felipe Cecilio N., Adri\u00e1n N., Filem\u00f3n N., Roberto N., Gerardo N., Jos\u00e9 Luis N., C\u00e9sar N., Agust\u00edn N., Alfredo N., Carlos N., Antonio N. y Jaime N\u201d, detall\u00f3 la instituci\u00f3n en un comunicado.<\/p>\n\n\n\n<p id=\"m223-222-224\">Los detenidos fueron se\u00f1alados como presuntos responsables por los delitos de incumplimiento de un deber legal e infracciones a las leyes y reglamentos sobre inhumaciones y exhumaciones, por lo que se les dict\u00f3 prisi\u00f3n preventiva como medida cautelar.<\/p>\n\n\n\n<p id=\"m228-227-229\">Precis\u00f3 que Carlos N., Antonio N. y Jaime N. tambi\u00e9n est\u00e1n vinculados a proceso por el delito de encubrimiento.<\/p>\n\n\n\n<p id=\"m233-232-234\">LRL<\/p>\n\n\n\n<p>Fuente: <\/p>\n\n\n\n<p><\/p>\n","protected":false},"excerpt":{"rendered":"<p>\u00abRenuncia la directora del penal de San Miguel\u00bb, inform\u00f3 la activista;\u00a0la SSP-Puebla neg\u00f3 que Mar\u00eda del Rayo Mendoza haya renunciado [&hellip;]<\/p>\n","protected":false},"author":1,"featured_media":20409,"comment_status":"open","ping_status":"open","sticky":false,"template":"","format":"standard","meta":{"site-sidebar-layout":"default","site-content-layout":"","ast-site-content-layout":"default","site-content-style":"default","site-sidebar-style":"default","ast-global-header-display":"","ast-banner-title-visibility":"","ast-main-header-display":"","ast-hfb-above-header-display":"","ast-hfb-below-header-display":"","ast-hfb-mobile-header-display":"","site-post-title":"","ast-breadcrumbs-content":"","ast-featured-img":"","footer-sml-layout":"","theme-transparent-header-meta":"","adv-header-id-meta":"","stick-header-meta":"","header-above-stick-meta":"","header-main-stick-meta":"","header-below-stick-meta":"","astra-migrate-meta-layouts":"default","ast-page-background-enabled":"default","ast-page-background-meta":{"desktop":{"background-color":"var(--ast-global-color-4)","background-image":"","background-repeat":"repeat","background-position":"center center","background-size":"auto","background-attachment":"scroll","background-type":"","background-media":"","overlay-type":"","overlay-color":"","overlay-opacity":"","overlay-gradient":""},"tablet":{"background-color":"","background-image":"","background-repeat":"repeat","background-position":"center center","background-size":"auto","background-attachment":"scroll","background-type":"","background-media":"","overlay-type":"","overlay-color":"","overlay-opacity":"","overlay-gradient":""},"mobile":{"background-color":"","background-image":"","background-repeat":"repeat","background-position":"center center","background-size":"auto","background-attachment":"scroll","background-type":"","background-media":"","overlay-type":"","overlay-color":"","overlay-opacity":"","overlay-gradient":""}},"ast-content-background-meta":{"desktop":{"background-color":"var(--ast-global-color-5)","background-image":"","background-repeat":"repeat","background-position":"center center","background-size":"auto","background-attachment":"scroll","background-type":"","background-media":"","overlay-type":"","overlay-color":"","overlay-opacity":"","overlay-gradient":""},"tablet":{"background-color":"var(--ast-global-color-5)","background-image":"","background-repeat":"repeat","background-position":"center center","background-size":"auto","background-attachment":"scroll","background-type":"","background-media":"","overlay-type":"","overlay-color":"","overlay-opacity":"","overlay-gradient":""},"mobile":{"background-color":"var(--ast-global-color-5)","background-image":"","background-repeat":"repeat","background-position":"center center","background-size":"auto","background-attachment":"scroll","background-type":"","background-media":"","overlay-type":"","overlay-color":"","overlay-opacity":"","overlay-gradient":""}},"footnotes":""},"categories":[8],"tags":[7329,7328,7097,7169],"class_list":["post-20407","post","type-post","status-publish","format-standard","has-post-thumbnail","hentry","category-noticias","tag-cereso","tag-maria-del-rayo-mendoza","tag-penal-san-miguel","tag-saskia-nino-de-rivera"],"_links":{"self":[{"href":"https:\/\/losperiodistas.com.mx\/portal\/wp-json\/wp\/v2\/posts\/20407","targetHints":{"allow":["GET"]}}],"collection":[{"href":"https:\/\/losperiodistas.com.mx\/portal\/wp-json\/wp\/v2\/posts"}],"about":[{"href":"https:\/\/losperiodistas.com.mx\/portal\/wp-json\/wp\/v2\/types\/post"}],"author":[{"embeddable":true,"href":"https:\/\/losperiodistas.com.mx\/portal\/wp-json\/wp\/v2\/users\/1"}],"replies":[{"embeddable":true,"href":"https:\/\/losperiodistas.com.mx\/portal\/wp-json\/wp\/v2\/comments?post=20407"}],"version-history":[{"count":1,"href":"https:\/\/losperiodistas.com.mx\/portal\/wp-json\/wp\/v2\/posts\/20407\/revisions"}],"predecessor-version":[{"id":20412,"href":"https:\/\/losperiodistas.com.mx\/portal\/wp-json\/wp\/v2\/posts\/20407\/revisions\/20412"}],"wp:featuredmedia":[{"embeddable":true,"href":"https:\/\/losperiodistas.com.mx\/portal\/wp-json\/wp\/v2\/media\/20409"}],"wp:attachment":[{"href":"https:\/\/losperiodistas.com.mx\/portal\/wp-json\/wp\/v2\/media?parent=20407"}],"wp:term":[{"taxonomy":"category","embeddable":true,"href":"https:\/\/losperiodistas.com.mx\/portal\/wp-json\/wp\/v2\/categories?post=20407"},{"taxonomy":"post_tag","embeddable":true,"href":"https:\/\/losperiodistas.com.mx\/portal\/wp-json\/wp\/v2\/tags?post=20407"}],"curies":[{"name":"wp","href":"https:\/\/api.w.org\/{rel}","templated":true}]}}