{"id":20392,"date":"2022-02-01T11:38:55","date_gmt":"2022-02-01T17:38:55","guid":{"rendered":"http:\/\/losperiodistas.com.mx\/portal\/?p=20392"},"modified":"2022-02-01T11:38:56","modified_gmt":"2022-02-01T17:38:56","slug":"lopez-gatell-da-por-superado-el-pico-maximo-de-la-cuarta-ola-de-contagios-de-covid-19-el-pais","status":"publish","type":"post","link":"https:\/\/losperiodistas.com.mx\/portal\/lopez-gatell-da-por-superado-el-pico-maximo-de-la-cuarta-ola-de-contagios-de-covid-19-el-pais\/","title":{"rendered":"L\u00f3pez Gatell da por superado el pico m\u00e1ximo de la cuarta ola de contagios de covid-19 | El Pa\u00eds"},"content":{"rendered":"\n<p style=\"font-size:18px\"><em>Las autoridades sanitarias ven una reducci\u00f3n de los casos estimados, las hospitalizaciones y del porcentaje de positividad como se\u00f1ales de que \u00f3micron comienza a perder terreno en M\u00e9xico<\/em><\/p>\n\n\n\n<p><\/p>\n\n\n\n<figure class=\"wp-block-image size-large\"><img fetchpriority=\"high\" decoding=\"async\" width=\"1024\" height=\"711\" src=\"https:\/\/losperiodistas.com.mx\/portal\/wp-content\/uploads\/2022\/02\/Captura-de-Pantalla-2022-02-01-a-las-11.34.52-1024x711.jpg\" alt=\"\" class=\"wp-image-20393\" srcset=\"https:\/\/losperiodistas.com.mx\/portal\/wp-content\/uploads\/2022\/02\/Captura-de-Pantalla-2022-02-01-a-las-11.34.52-1024x711.jpg 1024w, https:\/\/losperiodistas.com.mx\/portal\/wp-content\/uploads\/2022\/02\/Captura-de-Pantalla-2022-02-01-a-las-11.34.52-300x208.jpg 300w, https:\/\/losperiodistas.com.mx\/portal\/wp-content\/uploads\/2022\/02\/Captura-de-Pantalla-2022-02-01-a-las-11.34.52-768x533.jpg 768w, https:\/\/losperiodistas.com.mx\/portal\/wp-content\/uploads\/2022\/02\/Captura-de-Pantalla-2022-02-01-a-las-11.34.52-1536x1066.jpg 1536w, https:\/\/losperiodistas.com.mx\/portal\/wp-content\/uploads\/2022\/02\/Captura-de-Pantalla-2022-02-01-a-las-11.34.52-2048x1421.jpg 2048w\" sizes=\"(max-width: 1024px) 100vw, 1024px\" \/><figcaption>El subsecretario de Salud, Hugo L\u00f3pez-Gatell, en la conferencia de prensa de este martes. MARIO GUZM\u00c1N (EFE)<\/figcaption><\/figure>\n\n\n\n<p><\/p>\n\n\n\n<p class=\"has-vivid-cyan-blue-color has-text-color has-medium-font-size\">EL\u00cdAS CAMHAJI \/ EL PA\u00cdS<\/p>\n\n\n\n<p>Las autoridades mexicanas aseguran que el pa\u00eds ha dejado atr\u00e1s el punto m\u00e1ximo de contagios provocados por&nbsp;<a href=\"https:\/\/elpais.com\/mexico\/2022-01-21\/omicron-tensiona-el-sistema-de-salud-de-mexico-con-mas-de-50000-nuevos-contagios.html\">\u00f3micron<\/a>. El subsecretario de Salud,&nbsp;<a href=\"https:\/\/elpais.com\/mexico\/2022-01-28\/la-polarizacion-en-torno-a-lopez-gatell-empana-el-debate-sobre-la-pandemia-en-mexico.html\">Hugo L\u00f3pez-Gatell<\/a>, ha dicho este martes que hay varias se\u00f1ales para ser optimistas sobre el avance de la&nbsp;<a href=\"https:\/\/elpais.com\/mexico\/2022-01-29\/estuve-a-punto-de-la-bancarrota-aumenta-un-10-la-contratacion-de-los-seguros-medicos-en-mexico-por-la-covid-19.html\">pandemia<\/a>&nbsp;en el pa\u00eds, como una reducci\u00f3n de los casos que se esperan esta semana, una ocupaci\u00f3n hospitalaria que comienza a ceder y una ca\u00edda en el porcentaje de positividad: el porcentaje de personas que han dado positivo entre todos los que se han hecho una prueba. \u201cHemos pasado el punto m\u00e1ximo de esta cuarta ola de covid-19 en M\u00e9xico\u201d, ha dicho el funcionario.<\/p>\n\n\n\n<p>\u201cYa nos encontramos en la fase de descenso\u201d, ha agregado L\u00f3pez-Gatell en conferencia de prensa, que espera que la desescalada de la pandemia contin\u00fae en las pr\u00f3ximas semanas y que, por las caracter\u00edsticas de \u00f3micron, esta ca\u00edda se produzca \u201cposiblemente a una velocidad semejante al ascenso\u201d. El subsecretario ha se\u00f1alado que esta semana se estima una ca\u00edda del 31% de los contagios, as\u00ed como en el n\u00famero de pacientes que necesitan internarse en un hospital. \u201cEn una semana o semana y media las unidades m\u00e9dicas se van a empezar a desocupar\u201d, ha asegurado.<\/p>\n\n\n\n<p>M\u00e9xico tuvo un inicio de a\u00f1o complicado por el repunte de la pandemia. El pa\u00eds bati\u00f3 su r\u00e9cord de contagios diarios al registrar m\u00e1s de&nbsp;<a href=\"https:\/\/elpais.com\/mexico\/2022-01-20\/el-avance-de-omicron-no-cesa-en-mexico-con-mas-de-60000-contagios-en-un-dia.html\">60.000 casos<\/a>&nbsp;el pasado 19 de enero y las defunciones alcanzaron su punto m\u00e1s alto desde octubre, al rondar los 500 fallecimientos durante varios d\u00edas de la semana pasada, seg\u00fan datos oficiales. La reducci\u00f3n de los contagios se comenz\u00f3 a notar desde la semana pasada, cuando las autoridades sanitarias hablaron de una desaceleraci\u00f3n. Esa tendencia parece mantenerse: este lunes el pa\u00eds sum\u00f3 12.521 contagios y 198 defunciones por covid, aunque los datos suelen ser m\u00e1s bajos al inicio de cada semana.<\/p>\n\n\n\n<p>Algunos especialistas son m\u00e1s cautos, sobre todo en lo que respecta a las hospitalizaciones. Los \u00faltimos datos disponibles marcan un 47% de ocupaci\u00f3n en camas generales, dos puntos porcentuales m\u00e1s que el domingo. Las camas con ventilador se han mantenido ocupadas al 29%, sin cambios respecto del d\u00eda anterior. Las estad\u00edsticas dejan ver un desfase: las personas hospitalizadas no han bajado al mismo tiempo que se han reducido los casos. Una tendencia similar se ha visto con las defunciones. \u201cLa mortalidad todav\u00eda sigue en una tendencia al alza\u201d, ha reconocido L\u00f3pez-Gatell.<\/p>\n\n\n\n<p>\u201cEsta ha sido una fase de la pandemia caracterizada por los no vacunados, quienes llegan al hospital y pierden la vida son con toda probabilidad personas que no se vacunaron o pusieron el esquema completo\u201d, ha dicho el subsecretario. La vacunaci\u00f3n arranc\u00f3 a un ritmo lento, pero el Gobierno ha asegurado que ya se ha logrado cubrir con una dosis de refuerzo a todos los trabajadores sanitarios y ha se\u00f1alado que un 63% de los adultos mayores de 60 a\u00f1os ya tienen una tercera dosis. Las autoridades a\u00fan no han dicho cu\u00e1l ser\u00e1 la estrategia de inoculaciones para menores de 40 a\u00f1os y si va a haber un ajuste en vista de que \u00f3micron ha perdido terreno.<\/p>\n\n\n\n<p>El papel de L\u00f3pez-Gatell al frente de la gesti\u00f3n de la pandemia ha sido cuestionado y de acuerdo con el abogado Javier Coello Trejo, que busca llevar a la justicia al subsecretario por&nbsp;<a href=\"https:\/\/elpais.com\/mexico\/2022-01-21\/un-juez-la-fiscalia-y-hugo-lopez-gatell-un-enredo-judicial-sin-recorrido-penal.html\">homicidio por omisi\u00f3n<\/a>, ya se han sumado m\u00e1s de 2.000 personas a la demanda. Pese a la orden de un juez de investigarlo, la Fiscal\u00eda General de la Rep\u00fablica sostuvo que no ve elementos suficientes para abrir una pesquisa.<\/p>\n\n\n\n<h3 class=\"wp-block-heading\">Detectado el primer caso de la subvariante BA.2<\/h3>\n\n\n\n<p>M\u00e9xico ha identificado el primer caso de&nbsp;<a href=\"https:\/\/elpais.com\/ciencia\/2022-01-28\/la-ba2-una-nueva-version-de-la-omicron-que-es-todavia-mas-contagiosa-pero-no-mas-grave.html\">la subvariante BA.2<\/a>, una nueva versi\u00f3n de \u00f3micron que es todav\u00eda m\u00e1s contagiosa. Se trata de una mujer de 48 a\u00f1os que se hizo una prueba PCR el pasado 17 de enero en Ciudad de M\u00e9xico, seg\u00fan el Instituto Nacional de Medicina Gen\u00f3mica. El caso se comparti\u00f3 en la plataforma GISAID, donde cient\u00edficos de todo el mundo suben sus resultados sobre secuenciaci\u00f3n de muestras, 14 d\u00edas despu\u00e9s.<\/p>\n\n\n\n<p>La BA.2 es un subtipo de la variante \u00f3micron que ha tenido una expansi\u00f3n considerable en pa\u00edses como Dinamarca, donde se ha convertido en la versi\u00f3n dominante del virus. Estudios de ese pa\u00eds apuntan que puede ser 1,5 veces m\u00e1s contagiosa que el subtipo BA.1, que es la versi\u00f3n de \u00f3micron que primero se esparci\u00f3 por el mundo y que fue identificada en noviembre pasado en Sud\u00e1frica.<\/p>\n\n\n\n<p>Los especialistas, sin embargo, llaman a la calma. No hay indicios hasta ahora de que produzca s\u00edntomas m\u00e1s graves de la enfermedad ni que pueda eludir la protecci\u00f3n de las vacunas. \u201cBA.2 tiene suficientes mutaciones como para que merezca la pena vigilarla de cerca\u201d, matiz\u00f3 el microbi\u00f3logo espa\u00f1ol Dar\u00edo Garc\u00eda de Viedma, del hospital Gregorio Mara\u00f1\u00f3n en Madrid. El pasado 21 de enero, la Organizaci\u00f3n Mundial de la Salud inst\u00f3 a priorizar la investigaci\u00f3n sobre la nueva subvariante, aunque en ese momento el subtipo \u201ccl\u00e1sico\u201d de \u00f3micron, la BA.1, representaba pr\u00e1cticamente el 99% de los casos en el mundo.<\/p>\n\n\n\n<p><a href=\"https:\/\/plus.elpais.com\/newsletters\/lnp\/1\/348\"><strong>Suscr\u00edbase aqu\u00ed<\/strong><\/a>a la\u00a0<em>newsletter<\/em>\u00a0de EL PA\u00cdS M\u00e9xico y reciba todas las claves informativas de la actualidad de este pa\u00eds<\/p>\n\n\n\n<p>Fuente: https:\/\/elpais.com\/mexico\/2022-02-01\/lopez-gatell-da-por-superado-el-pico-maximo-de-la-cuarta-ola-de-contagios-de-covid-19.html<\/p>\n","protected":false},"excerpt":{"rendered":"<p>Las autoridades sanitarias ven una reducci\u00f3n de los casos estimados, las hospitalizaciones y del porcentaje de positividad como se\u00f1ales de [&hellip;]<\/p>\n","protected":false},"author":1,"featured_media":20393,"comment_status":"open","ping_status":"open","sticky":false,"template":"","format":"standard","meta":{"site-sidebar-layout":"default","site-content-layout":"","ast-site-content-layout":"default","site-content-style":"default","site-sidebar-style":"default","ast-global-header-display":"","ast-banner-title-visibility":"","ast-main-header-display":"","ast-hfb-above-header-display":"","ast-hfb-below-header-display":"","ast-hfb-mobile-header-display":"","site-post-title":"","ast-breadcrumbs-content":"","ast-featured-img":"","footer-sml-layout":"","theme-transparent-header-meta":"","adv-header-id-meta":"","stick-header-meta":"","header-above-stick-meta":"","header-main-stick-meta":"","header-below-stick-meta":"","astra-migrate-meta-layouts":"default","ast-page-background-enabled":"default","ast-page-background-meta":{"desktop":{"background-color":"var(--ast-global-color-4)","background-image":"","background-repeat":"repeat","background-position":"center center","background-size":"auto","background-attachment":"scroll","background-type":"","background-media":"","overlay-type":"","overlay-color":"","overlay-opacity":"","overlay-gradient":""},"tablet":{"background-color":"","background-image":"","background-repeat":"repeat","background-position":"center center","background-size":"auto","background-attachment":"scroll","background-type":"","background-media":"","overlay-type":"","overlay-color":"","overlay-opacity":"","overlay-gradient":""},"mobile":{"background-color":"","background-image":"","background-repeat":"repeat","background-position":"center center","background-size":"auto","background-attachment":"scroll","background-type":"","background-media":"","overlay-type":"","overlay-color":"","overlay-opacity":"","overlay-gradient":""}},"ast-content-background-meta":{"desktop":{"background-color":"var(--ast-global-color-5)","background-image":"","background-repeat":"repeat","background-position":"center center","background-size":"auto","background-attachment":"scroll","background-type":"","background-media":"","overlay-type":"","overlay-color":"","overlay-opacity":"","overlay-gradient":""},"tablet":{"background-color":"var(--ast-global-color-5)","background-image":"","background-repeat":"repeat","background-position":"center center","background-size":"auto","background-attachment":"scroll","background-type":"","background-media":"","overlay-type":"","overlay-color":"","overlay-opacity":"","overlay-gradient":""},"mobile":{"background-color":"var(--ast-global-color-5)","background-image":"","background-repeat":"repeat","background-position":"center center","background-size":"auto","background-attachment":"scroll","background-type":"","background-media":"","overlay-type":"","overlay-color":"","overlay-opacity":"","overlay-gradient":""}},"footnotes":""},"categories":[8],"tags":[7327,57,5906],"class_list":["post-20392","post","type-post","status-publish","format-standard","has-post-thumbnail","hentry","category-noticias","tag-covid-ba-2","tag-hugo-lopez-gatell","tag-omicron-mexico"],"_links":{"self":[{"href":"https:\/\/losperiodistas.com.mx\/portal\/wp-json\/wp\/v2\/posts\/20392","targetHints":{"allow":["GET"]}}],"collection":[{"href":"https:\/\/losperiodistas.com.mx\/portal\/wp-json\/wp\/v2\/posts"}],"about":[{"href":"https:\/\/losperiodistas.com.mx\/portal\/wp-json\/wp\/v2\/types\/post"}],"author":[{"embeddable":true,"href":"https:\/\/losperiodistas.com.mx\/portal\/wp-json\/wp\/v2\/users\/1"}],"replies":[{"embeddable":true,"href":"https:\/\/losperiodistas.com.mx\/portal\/wp-json\/wp\/v2\/comments?post=20392"}],"version-history":[{"count":1,"href":"https:\/\/losperiodistas.com.mx\/portal\/wp-json\/wp\/v2\/posts\/20392\/revisions"}],"predecessor-version":[{"id":20394,"href":"https:\/\/losperiodistas.com.mx\/portal\/wp-json\/wp\/v2\/posts\/20392\/revisions\/20394"}],"wp:featuredmedia":[{"embeddable":true,"href":"https:\/\/losperiodistas.com.mx\/portal\/wp-json\/wp\/v2\/media\/20393"}],"wp:attachment":[{"href":"https:\/\/losperiodistas.com.mx\/portal\/wp-json\/wp\/v2\/media?parent=20392"}],"wp:term":[{"taxonomy":"category","embeddable":true,"href":"https:\/\/losperiodistas.com.mx\/portal\/wp-json\/wp\/v2\/categories?post=20392"},{"taxonomy":"post_tag","embeddable":true,"href":"https:\/\/losperiodistas.com.mx\/portal\/wp-json\/wp\/v2\/tags?post=20392"}],"curies":[{"name":"wp","href":"https:\/\/api.w.org\/{rel}","templated":true}]}}