{"id":20384,"date":"2022-02-01T04:30:17","date_gmt":"2022-02-01T10:30:17","guid":{"rendered":"http:\/\/losperiodistas.com.mx\/portal\/?p=20384"},"modified":"2022-02-01T05:57:52","modified_gmt":"2022-02-01T11:57:52","slug":"atribuyen-milagro-al-papa-francisco","status":"publish","type":"post","link":"https:\/\/losperiodistas.com.mx\/portal\/atribuyen-milagro-al-papa-francisco\/","title":{"rendered":"Atribuyen milagro al Papa Francisco"},"content":{"rendered":"\n<p style=\"font-size:22px\">*Mam\u00e1 asegura que su hijo lo recibi\u00f3 tras encuentro con el Pont\u00edfice<\/p>\n\n\n\n<p><\/p>\n\n\n\n<figure class=\"wp-block-image size-large\"><img fetchpriority=\"high\" decoding=\"async\" width=\"900\" height=\"500\" src=\"https:\/\/losperiodistas.com.mx\/portal\/wp-content\/uploads\/2022\/02\/UN-PAPA-MILAGROSO.jpg\" alt=\"\" class=\"wp-image-20386\" srcset=\"https:\/\/losperiodistas.com.mx\/portal\/wp-content\/uploads\/2022\/02\/UN-PAPA-MILAGROSO.jpg 900w, https:\/\/losperiodistas.com.mx\/portal\/wp-content\/uploads\/2022\/02\/UN-PAPA-MILAGROSO-300x167.jpg 300w, https:\/\/losperiodistas.com.mx\/portal\/wp-content\/uploads\/2022\/02\/UN-PAPA-MILAGROSO-768x427.jpg 768w\" sizes=\"(max-width: 900px) 100vw, 900px\" \/><\/figure>\n\n\n\n<p class=\"has-vivid-cyan-blue-color has-text-color\" style=\"font-size:26px\"><strong><em>Por Ra\u00fal Torres Salmer\u00f3n<\/em><\/strong><\/p>\n\n\n\n<p>Fue uno de los momentos virales en El Vaticano del a\u00f1o 2021. Un ni\u00f1o con vestimenta deportiva, lentes y una mascarilla, se acerc\u00f3 espont\u00e1neamente a saludar al Papa Francisco en medio de una audiencia general.<\/p>\n\n\n\n<p>Sin embargo, hay m\u00e1s detalles de este encuentro imprevisto del mes de octubre. El ni\u00f1o de 10 a\u00f1os sufr\u00eda de epilepsia y autismo. Su salud hab\u00eda empeorado de forma tan grave que los m\u00e9dicos tem\u00edan que pudiera tener un tumor cerebral.<\/p>\n\n\n\n<p>Paolo Bonavita estaba en Roma ese d\u00eda para hacerse ex\u00e1menes m\u00e9dicos. Su madre, Elsa Morra, le dijo a CNA \u2013agencia en ingl\u00e9s del Grupo Agencia Cat\u00f3lica de Informaciones (ACI), que tras la audiencia papal sigui\u00f3 una inexplicable mejora en la condici\u00f3n de su hijo.<\/p>\n\n\n\n<p>Es un milagro. Es un milagro, para nosotros, para mi familia, dijo.<\/p>\n\n\n\n<p>Al comienzo de la audiencia transmitida en vivo el 20 de octubre, Bonavita subi\u00f3 inesperadamente los escalones hacia el Papa en el Sal\u00f3n Pablo VI del Vaticano.<\/p>\n\n\n\n<p>Paolo no tuvo fuerzas para subir. De hecho, cuando Paolo baja las escaleras necesita un apoyo, una mano o un pasamanos, pero ese d\u00eda pudo subir solo. Tropez\u00f3 un poco, dos o tres veces, pero enseguida tuvo el instinto de volver a levantarse. El Se\u00f1or estaba con \u00e9l ese d\u00eda, muy cerca, le hab\u00eda dado la mano, estoy convencida, cont\u00f3 Elsa.<\/p>\n\n\n\n<p>Cuando Paolo se acerc\u00f3 a Francisco, el Papa sonri\u00f3 y estrech\u00f3 la mano del ni\u00f1o y tambi\u00e9n salud\u00f3 a su madre. Le tom\u00f3 la mano y dijo: \u00a1Signora, forza! &#8211;\u00a1Se\u00f1ora, fuerza! &#8211;. Lo imposible no existe para ti. Estar\u00e9 cerca de ti en la oraci\u00f3n. Sigue adelante. Has hecho tanto por tu hijo. Eres una s\u00faper mam\u00e1.<\/p>\n\n\n\n<p>El colaborador de la Prefectura de la Casa Pontificia, Monse\u00f1or Leonardo Sapienza, que se sienta a la derecha del Papa en las audiencias generales, se levant\u00f3 y cedi\u00f3 su asiento a Bonavita. Los peregrinos aplaudieron y Paolo se uni\u00f3 a ellos, aplaudiendo con entusiasmo.<\/p>\n\n\n\n<p>Luego, el lector de la lengua espa\u00f1ola se acerc\u00f3 sonriendo y pronunci\u00f3 el pasaje de la Biblia, mientras que el peque\u00f1o se puso nuevamente de pie, fue hacia el Papa, le tom\u00f3 los brazos y salt\u00f3 frente a \u00e9l. Poco despu\u00e9s, el ni\u00f1o comenz\u00f3 a se\u00f1alar con la mano el solideo &#8211;gorro blanco&#8211; del Pont\u00edfice.<\/p>\n\n\n\n<p>Cuando toc\u00f3 el turno al lector de lengua portuguesa, el peque\u00f1o se acerc\u00f3 a \u00e9l, lo tom\u00f3 de la mano y lo llev\u00f3 hacia el Papa, por lo que las personas presentes aplaudieron nuevamente, mientras que el peque\u00f1o volvi\u00f3 a se\u00f1alar el solideo del Papa.<\/p>\n\n\n\n<p>Finalmente, el peque\u00f1o recibi\u00f3 un solideo blanco que se puso en la cabeza y regres\u00f3 a sentarse a su lugar con sus familiares.<\/p>\n\n\n\n<p>Cuando el Papa inici\u00f3 su catequesis retom\u00f3 en forma espont\u00e1nea el episodio y se\u00f1al\u00f3: Me acord\u00e9 de lo que dijo Jes\u00fas sobre la espontaneidad y la libertad de los ni\u00f1os, cuando este ni\u00f1o tuvo la libertad de acercarse y moverse como si estuviera en su casa&#8230; Y Jes\u00fas nos dice: Tambi\u00e9n ustedes, si no se comportan como ni\u00f1os, no entrar\u00e1n en el Reino de los Cielos.<\/p>\n\n\n\n<p>En esta l\u00ednea, el Santo Padre alent\u00f3 a tener la valent\u00eda de acercarse, de abrirse, de no tener miedo del Se\u00f1or. Agradezco a este ni\u00f1o la lecci\u00f3n que nos ha dado a todos. Y que el Se\u00f1or le ayude en su limitaci\u00f3n, en su crecimiento porque ha dado este testimonio que le sali\u00f3 del coraz\u00f3n. Los ni\u00f1os no tienen un traductor autom\u00e1tico del coraz\u00f3n a la vida: el coraz\u00f3n sigue adelante.<\/p>\n\n\n\n<p>RESULTADOS M\u00c9DICOS SORPRENDENTES<\/p>\n\n\n\n<p>Elsa recibi\u00f3 una llamada telef\u00f3nica la noche de ese d\u00eda, 20 de octubre, para pedirle que llevara a Paolo a realizar pruebas al d\u00eda siguiente en su ciudad natal de Bari.<\/p>\n\n\n\n<p>A los m\u00e9dicos les preocupaba que Paolo tuviera niveles muy altos de prolactina, una prote\u00edna segregada por la gl\u00e1ndula pituitaria, que puede aumentar despu\u00e9s de los ataques epil\u00e9pticos.<\/p>\n\n\n\n<p>La madre y el ni\u00f1o asistieron a la cita el 21 de octubre. Tres d\u00edas despu\u00e9s, un m\u00e9dico llam\u00f3 a Elsa para decirle que el nivel de prolactina de Paolo hab\u00eda ca\u00eddo de un m\u00e1ximo de 157 a 106, aunque los m\u00e9dicos no sab\u00edan c\u00f3mo ni por qu\u00e9.<\/p>\n\n\n\n<p>La madre dijo que ella y Paolo regresaron a Roma el 5 de noviembre para hacer m\u00e1s pruebas. En dos semanas el nivel de prolactina de Paolo, baj\u00f3 a 26, que son otros 80 puntos menos, explic\u00f3.<\/p>\n\n\n\n<p>Tambi\u00e9n registr\u00f3 un aumento en el nivel de hemoglobina, la prote\u00edna que transporta el ox\u00edgeno por todo el cuerpo, lo que es fundamental para Paolo, ya que sufre un trastorno sangu\u00edneo llamado talasemia.<\/p>\n\n\n\n<p>Elsa dijo que los m\u00e9dicos pudieron descartar la hip\u00f3tesis de que Paolo padec\u00eda un tumor o esclerosis, una cicatriz en el cerebro.<\/p>\n\n\n\n<p>La noticia fue un gran alivio para la madre, a quien le preocupaba que su hijo no pudiera soportar una cirug\u00eda. Tem\u00eda que una operaci\u00f3n llevara a Paolo a ser confinado a una silla de ruedas o incluso a la muerte.<\/p>\n\n\n\n<p>Hablando con CBS News en noviembre pasado, se le pregunt\u00f3 a Elsa qu\u00e9 le gustar\u00eda decirle al Papa Francisco despu\u00e9s de la reuni\u00f3n que le cambi\u00f3 la vida a su hijo. Gracias por el milagro, dijo.<\/p>\n\n\n\n<p>En fin, como escribi\u00f3 Manuel del Palacio (Espa\u00f1a, 1831-1906), en su poema:<\/p>\n\n\n\n<p>S\u00fabito ruge el hurac\u00e1n furioso<\/p>\n\n\n\n<p>y en la costa el esquife ya a cubierto,<\/p>\n\n\n\n<p>mira estrellarse el buque poderoso.<\/p>\n\n\n\n<p>Tal es de la fortuna el fallo cierto,<\/p>\n\n\n\n<p>El humilde se salva, el orgulloso<\/p>\n\n\n\n<p>tan solo por milagro gana el puerto.<\/p>\n\n\n\n<p>raultorress@hotmail.com<\/p>\n","protected":false},"excerpt":{"rendered":"<p>*Mam\u00e1 asegura que su hijo lo recibi\u00f3 tras encuentro con el Pont\u00edfice Por Ra\u00fal Torres Salmer\u00f3n Fue uno de los [&hellip;]<\/p>\n","protected":false},"author":1,"featured_media":20386,"comment_status":"open","ping_status":"open","sticky":false,"template":"","format":"standard","meta":{"site-sidebar-layout":"default","site-content-layout":"","ast-site-content-layout":"default","site-content-style":"default","site-sidebar-style":"default","ast-global-header-display":"","ast-banner-title-visibility":"","ast-main-header-display":"","ast-hfb-above-header-display":"","ast-hfb-below-header-display":"","ast-hfb-mobile-header-display":"","site-post-title":"","ast-breadcrumbs-content":"","ast-featured-img":"","footer-sml-layout":"","theme-transparent-header-meta":"","adv-header-id-meta":"","stick-header-meta":"","header-above-stick-meta":"","header-main-stick-meta":"","header-below-stick-meta":"","astra-migrate-meta-layouts":"default","ast-page-background-enabled":"default","ast-page-background-meta":{"desktop":{"background-color":"var(--ast-global-color-4)","background-image":"","background-repeat":"repeat","background-position":"center center","background-size":"auto","background-attachment":"scroll","background-type":"","background-media":"","overlay-type":"","overlay-color":"","overlay-opacity":"","overlay-gradient":""},"tablet":{"background-color":"","background-image":"","background-repeat":"repeat","background-position":"center center","background-size":"auto","background-attachment":"scroll","background-type":"","background-media":"","overlay-type":"","overlay-color":"","overlay-opacity":"","overlay-gradient":""},"mobile":{"background-color":"","background-image":"","background-repeat":"repeat","background-position":"center center","background-size":"auto","background-attachment":"scroll","background-type":"","background-media":"","overlay-type":"","overlay-color":"","overlay-opacity":"","overlay-gradient":""}},"ast-content-background-meta":{"desktop":{"background-color":"var(--ast-global-color-5)","background-image":"","background-repeat":"repeat","background-position":"center center","background-size":"auto","background-attachment":"scroll","background-type":"","background-media":"","overlay-type":"","overlay-color":"","overlay-opacity":"","overlay-gradient":""},"tablet":{"background-color":"var(--ast-global-color-5)","background-image":"","background-repeat":"repeat","background-position":"center center","background-size":"auto","background-attachment":"scroll","background-type":"","background-media":"","overlay-type":"","overlay-color":"","overlay-opacity":"","overlay-gradient":""},"mobile":{"background-color":"var(--ast-global-color-5)","background-image":"","background-repeat":"repeat","background-position":"center center","background-size":"auto","background-attachment":"scroll","background-type":"","background-media":"","overlay-type":"","overlay-color":"","overlay-opacity":"","overlay-gradient":""}},"footnotes":""},"categories":[8,19],"tags":[7326,196],"class_list":["post-20384","post","type-post","status-publish","format-standard","has-post-thumbnail","hentry","category-noticias","category-sin-limites-2","tag-paolo-bonavita","tag-papa-francisco"],"_links":{"self":[{"href":"https:\/\/losperiodistas.com.mx\/portal\/wp-json\/wp\/v2\/posts\/20384","targetHints":{"allow":["GET"]}}],"collection":[{"href":"https:\/\/losperiodistas.com.mx\/portal\/wp-json\/wp\/v2\/posts"}],"about":[{"href":"https:\/\/losperiodistas.com.mx\/portal\/wp-json\/wp\/v2\/types\/post"}],"author":[{"embeddable":true,"href":"https:\/\/losperiodistas.com.mx\/portal\/wp-json\/wp\/v2\/users\/1"}],"replies":[{"embeddable":true,"href":"https:\/\/losperiodistas.com.mx\/portal\/wp-json\/wp\/v2\/comments?post=20384"}],"version-history":[{"count":1,"href":"https:\/\/losperiodistas.com.mx\/portal\/wp-json\/wp\/v2\/posts\/20384\/revisions"}],"predecessor-version":[{"id":20387,"href":"https:\/\/losperiodistas.com.mx\/portal\/wp-json\/wp\/v2\/posts\/20384\/revisions\/20387"}],"wp:featuredmedia":[{"embeddable":true,"href":"https:\/\/losperiodistas.com.mx\/portal\/wp-json\/wp\/v2\/media\/20386"}],"wp:attachment":[{"href":"https:\/\/losperiodistas.com.mx\/portal\/wp-json\/wp\/v2\/media?parent=20384"}],"wp:term":[{"taxonomy":"category","embeddable":true,"href":"https:\/\/losperiodistas.com.mx\/portal\/wp-json\/wp\/v2\/categories?post=20384"},{"taxonomy":"post_tag","embeddable":true,"href":"https:\/\/losperiodistas.com.mx\/portal\/wp-json\/wp\/v2\/tags?post=20384"}],"curies":[{"name":"wp","href":"https:\/\/api.w.org\/{rel}","templated":true}]}}