{"id":20368,"date":"2022-02-01T04:28:52","date_gmt":"2022-02-01T10:28:52","guid":{"rendered":"http:\/\/losperiodistas.com.mx\/portal\/?p=20368"},"modified":"2022-02-01T04:28:56","modified_gmt":"2022-02-01T10:28:56","slug":"muere-la-cantante-cubana-suylen-milanes-hija-de-pablo-milanes-publico","status":"publish","type":"post","link":"https:\/\/losperiodistas.com.mx\/portal\/muere-la-cantante-cubana-suylen-milanes-hija-de-pablo-milanes-publico\/","title":{"rendered":"Muere la cantante cubana Suyl\u00e9n Milan\u00e9s, hija de Pablo Milan\u00e9s | P\u00fablico"},"content":{"rendered":"\n<p style=\"font-size:18px\"><em>La artista\u00a0llevaba internada desde el pasado jueves en una sala de cuidados intensivos del Instituto Nacional de Neurolog\u00eda y Neurocirug\u00eda de La Habana.<\/em><\/p>\n\n\n\n<p><\/p>\n\n\n\n<figure class=\"wp-block-image size-large\"><img fetchpriority=\"high\" decoding=\"async\" width=\"1024\" height=\"750\" src=\"https:\/\/losperiodistas.com.mx\/portal\/wp-content\/uploads\/2022\/02\/Captura-de-Pantalla-2022-02-01-a-las-4.25.40-1024x750.png\" alt=\"\" class=\"wp-image-20369\" srcset=\"https:\/\/losperiodistas.com.mx\/portal\/wp-content\/uploads\/2022\/02\/Captura-de-Pantalla-2022-02-01-a-las-4.25.40-1024x750.png 1024w, https:\/\/losperiodistas.com.mx\/portal\/wp-content\/uploads\/2022\/02\/Captura-de-Pantalla-2022-02-01-a-las-4.25.40-300x220.png 300w, https:\/\/losperiodistas.com.mx\/portal\/wp-content\/uploads\/2022\/02\/Captura-de-Pantalla-2022-02-01-a-las-4.25.40-768x562.png 768w, https:\/\/losperiodistas.com.mx\/portal\/wp-content\/uploads\/2022\/02\/Captura-de-Pantalla-2022-02-01-a-las-4.25.40.png 1330w\" sizes=\"(max-width: 1024px) 100vw, 1024px\" \/><\/figure>\n\n\n\n<p>EFE \/ P\u00daBLICO<\/p>\n\n\n\n<p id=\"m338-337-339\">La cantante y productora musical Suyl\u00e9n Milan\u00e9s, hija del reconocido cantautor cubano Pablo Milan\u00e9s,&nbsp;<strong>falleci\u00f3 este domingo<\/strong>&nbsp;por un accidente cerebrovascular, inform\u00f3 la discogr\u00e1fica estatal EGREM.<\/p>\n\n\n\n<p id=\"m343-1-344\">Suyl\u00e9n, una de las tres hijas del matrimonio de Pablo Milan\u00e9s y Yolanda Benett, hab\u00eda desarrollado una amplia carrera en el \u00e1mbito musical en sus 50 a\u00f1os y se\u00a0<strong>hab\u00eda labrado un nombre propio<\/strong>\u00a0en el mundo cultural cubano<\/p>\n\n\n\n<p id=\"m348-2-349\">\u00abCon profundo pesar conocimos hoy la muerte de Suyl\u00e9n Milan\u00e9s, destacada int\u00e9rprete y productora musical. Le decimos adi\u00f3s a esta mujer apasionada, emprendedora y talentosa. Mucha luz para su alma\u00bb, escribi\u00f3 EGREM en Twitter.<\/p>\n\n\n\n<figure class=\"wp-block-embed is-type-rich is-provider-twitter wp-block-embed-twitter\"><div class=\"wp-block-embed__wrapper\">\nhttps:\/\/twitter.com\/EGREMOFICIAL\/status\/1487795656014155778?ref_src=twsrc%5Etfw%7Ctwcamp%5Etweetembed%7Ctwterm%5E1487795656014155778%7Ctwgr%5E%7Ctwcon%5Es1_c10&#038;ref_url=https%3A%2F%2Fwww.publico.es%2Fculturas%2Fmuere-cantante-cubana-suylen-milanes-hija-pablo-milanes.html\n<\/div><\/figure>\n\n\n\n<p id=\"m364-4-365\">\u00abSu coraz\u00f3n dej\u00f3 de latir hace pocas horas\u00bb, escribi\u00f3 Nancy P\u00e9rez Rey, actual esposa de Pablo Milan\u00e9s, quien agreg\u00f3 que el padre de la fallecida&nbsp;<strong>no ir\u00e1 de momento a Cuba<\/strong>&nbsp;\u2013se encuentra en Espa\u00f1a\u2013&nbsp;<strong>por motivos de salud<\/strong>.<\/p>\n\n\n\n<p id=\"m369-5-370\">La artista llevaba internada&nbsp;<strong>desde el pasado jueves<\/strong>&nbsp;en una sala de cuidados intensivos del Instituto Nacional de Neurolog\u00eda y Neurocirug\u00eda de La Habana y desde su ingreso fue diagnosticada con severas afectaciones cerebrales y un&nbsp;<strong>pron\u00f3stico \u00abirreversible\u00bb,<\/strong>&nbsp;seg\u00fan explicaron a Efe fuentes familiares.<\/p>\n\n\n\n<p id=\"m374-6-375\">La noticia circul\u00f3 de inmediato en\u00a0<strong>medios digitales independientes<\/strong>\u00a0y en las\u00a0<strong>redes sociales<\/strong>, donde se multiplicaron los deseos de mejor\u00eda de su salud.<\/p>\n\n\n\n<h2 class=\"wp-block-heading\" id=\"m379-7-380\">Incansable y pr\u00f3diga creadora de la m\u00fasica<\/h2>\n\n\n\n<p id=\"m384-8-385\">Milan\u00e9s estaba considerada como una&nbsp;<strong>incansable y pr\u00f3diga creadora<\/strong>, que&nbsp;<strong>apost\u00f3 por la m\u00fasica alternativa<\/strong>&nbsp;de factura nacional, en especial la electr\u00f3nica y los cantos afrocubanos.<\/p>\n\n\n\n<p id=\"m389-9-390\">Ella fue la presidenta y organizadora del&nbsp;<strong>festival de la m\u00fasica electr\u00f3nica cubana<\/strong>&nbsp;<strong>Eyeife<\/strong>, que cada fin de a\u00f1o inundaba su sede en el parque habanero Almendares, en sus \u00faltimas versiones celebrado de manera online a causa de la pandemia de la covid.<\/p>\n\n\n\n<p id=\"m394-10-395\">En 2009 Suyl\u00e9n\u00a0<strong>asumi\u00f3 la direcci\u00f3n de la Oficina Proposiciones<\/strong>, adscrita a la instituci\u00f3n cultural PM Records fundada en 1998 por su padre, un espacio desde el que se realizan producciones musicales, discogr\u00e1ficas y audiovisuales, el dise\u00f1o e implementaci\u00f3n de campa\u00f1as publicitarias, desarrollo de identidades corporativas y organizaci\u00f3n de eventos en general, entre otros servicios.<\/p>\n\n\n\n<p id=\"m399-11-400\">Al mismo tiempo la din\u00e1mica artista era la voz l\u00edder de la agrupaci\u00f3n musical&nbsp;<strong>Yarini&#8217;s sessions<\/strong>, con Daima Falc\u00f3n (coro), Hansel Arrocha (guitarra), Yandiel Cruz (bajo), Diana Ruz y Pedro Guti\u00e9rrez (bater\u00eda). Tambi\u00e9n colabor\u00f3 con el grupo Tesis de Menta, entre otros.<\/p>\n\n\n\n<h2 class=\"wp-block-heading\" id=\"m404-12-405\">Mujeres y m\u00fasica<\/h2>\n\n\n\n<p id=\"m409-13-410\">Fue asimismo la creadora del&nbsp;<strong>proyecto Somos<\/strong>, en el que reuni\u00f3&nbsp;<strong>a siete mujeres emprendedoras&nbsp;<\/strong>en varios \u00e1mbitos del universo musical: empresarias, productoras, vocalistas, compositoras, t\u00e9cnicas de sonido, bailarinas y directoras.<\/p>\n\n\n\n<p id=\"m414-14-415\">Milan\u00e9s explic\u00f3 en una entrevista que con un proyecto&nbsp;<strong>pretend\u00eda \u00abdar luz\u00bb&nbsp;<\/strong>al papel de las mujeres a trav\u00e9s de la puesta en escena, la formaci\u00f3n y la sensibilizaci\u00f3n a las m\u00e1s j\u00f3venes,&nbsp;<strong>\u00abimpuls\u00e1ndolas a que persigan sus sue\u00f1os\u00bb<\/strong>, creando un espacio donde tanto mujeres como hombres pudieran promover la m\u00fasica alternativa en igualdad de condiciones.Milan\u00e9s pretend\u00eda \u00abdar luz\u00bb al papel de las mujeres e \u00abimpulsarlas a que persigan sus sue\u00f1os\u00bb<\/p>\n\n\n\n<p id=\"m424-16-425\">En su versi\u00f3n de 2020, el festival Eyeife, se centr\u00f3 en el&nbsp;<strong>tema de las mujeres en la m\u00fasica<\/strong>, con amplia presencia de mujeres DJs, y entonces su presidenta explic\u00f3 que lo quiso sumar al proyecto Somos.<\/p>\n\n\n\n<p id=\"m429-17-430\">\u00abSobre todo me interesa visibilizar el proyecto a trav\u00e9s de todas las v\u00edas posibles para luego materializarlo en varios f\u00f3rums de la escena cubana. Porque Eyeife es fusi\u00f3n electr\u00f3nica con cualquier g\u00e9nero y cualquier manifestaci\u00f3n art\u00edstica. Somos es lo mismo pero rock con electr\u00f3nica alternativa\u00bb, se\u00f1al\u00f3.<\/p>\n\n\n\n<p id=\"m434-18-435\"><strong>Somos<\/strong>, la \u00faltima iniciativa a la que dedic\u00f3 sus energ\u00edas, empuj\u00f3 la producci\u00f3n de un \u00e1lbum de estudio \u2013con una docena de temas\u2013 en alianza con la empresa PM Records y con el apoyo del m\u00fasico y productor Athanai Castro, reconocido por su trabajo en solitario y junto a figuras como Rosario Flores y su hermana Lynn Milan\u00e9s.<\/p>\n\n\n\n<p id=\"m439-19-440\">Milan\u00e9s\u00a0<strong>ten\u00eda dos hijos<\/strong>, Pablo y Camila, fruto de sus respectivos matrimonios con Mauricio Renter\u00eda y Camilo Guevara, hijo del guerrillero argentino-cubano Ernesto &#8216;Che&#8217; Guevara.<\/p>\n\n\n\n<p>Fuente: https:\/\/www.publico.es\/culturas\/muere-cantante-cubana-suylen-milanes-hija-pablo-milanes.html<\/p>\n","protected":false},"excerpt":{"rendered":"<p>La artista\u00a0llevaba internada desde el pasado jueves en una sala de cuidados intensivos del Instituto Nacional de Neurolog\u00eda y Neurocirug\u00eda [&hellip;]<\/p>\n","protected":false},"author":1,"featured_media":20369,"comment_status":"open","ping_status":"open","sticky":false,"template":"","format":"standard","meta":{"site-sidebar-layout":"default","site-content-layout":"","ast-site-content-layout":"default","site-content-style":"default","site-sidebar-style":"default","ast-global-header-display":"","ast-banner-title-visibility":"","ast-main-header-display":"","ast-hfb-above-header-display":"","ast-hfb-below-header-display":"","ast-hfb-mobile-header-display":"","site-post-title":"","ast-breadcrumbs-content":"","ast-featured-img":"","footer-sml-layout":"","theme-transparent-header-meta":"","adv-header-id-meta":"","stick-header-meta":"","header-above-stick-meta":"","header-main-stick-meta":"","header-below-stick-meta":"","astra-migrate-meta-layouts":"default","ast-page-background-enabled":"default","ast-page-background-meta":{"desktop":{"background-color":"var(--ast-global-color-4)","background-image":"","background-repeat":"repeat","background-position":"center center","background-size":"auto","background-attachment":"scroll","background-type":"","background-media":"","overlay-type":"","overlay-color":"","overlay-opacity":"","overlay-gradient":""},"tablet":{"background-color":"","background-image":"","background-repeat":"repeat","background-position":"center center","background-size":"auto","background-attachment":"scroll","background-type":"","background-media":"","overlay-type":"","overlay-color":"","overlay-opacity":"","overlay-gradient":""},"mobile":{"background-color":"","background-image":"","background-repeat":"repeat","background-position":"center center","background-size":"auto","background-attachment":"scroll","background-type":"","background-media":"","overlay-type":"","overlay-color":"","overlay-opacity":"","overlay-gradient":""}},"ast-content-background-meta":{"desktop":{"background-color":"var(--ast-global-color-5)","background-image":"","background-repeat":"repeat","background-position":"center center","background-size":"auto","background-attachment":"scroll","background-type":"","background-media":"","overlay-type":"","overlay-color":"","overlay-opacity":"","overlay-gradient":""},"tablet":{"background-color":"var(--ast-global-color-5)","background-image":"","background-repeat":"repeat","background-position":"center center","background-size":"auto","background-attachment":"scroll","background-type":"","background-media":"","overlay-type":"","overlay-color":"","overlay-opacity":"","overlay-gradient":""},"mobile":{"background-color":"var(--ast-global-color-5)","background-image":"","background-repeat":"repeat","background-position":"center center","background-size":"auto","background-attachment":"scroll","background-type":"","background-media":"","overlay-type":"","overlay-color":"","overlay-opacity":"","overlay-gradient":""}},"footnotes":""},"categories":[8],"tags":[2872,7317],"class_list":["post-20368","post","type-post","status-publish","format-standard","has-post-thumbnail","hentry","category-noticias","tag-pablo-milanes","tag-suylen-milanes"],"_links":{"self":[{"href":"https:\/\/losperiodistas.com.mx\/portal\/wp-json\/wp\/v2\/posts\/20368","targetHints":{"allow":["GET"]}}],"collection":[{"href":"https:\/\/losperiodistas.com.mx\/portal\/wp-json\/wp\/v2\/posts"}],"about":[{"href":"https:\/\/losperiodistas.com.mx\/portal\/wp-json\/wp\/v2\/types\/post"}],"author":[{"embeddable":true,"href":"https:\/\/losperiodistas.com.mx\/portal\/wp-json\/wp\/v2\/users\/1"}],"replies":[{"embeddable":true,"href":"https:\/\/losperiodistas.com.mx\/portal\/wp-json\/wp\/v2\/comments?post=20368"}],"version-history":[{"count":1,"href":"https:\/\/losperiodistas.com.mx\/portal\/wp-json\/wp\/v2\/posts\/20368\/revisions"}],"predecessor-version":[{"id":20370,"href":"https:\/\/losperiodistas.com.mx\/portal\/wp-json\/wp\/v2\/posts\/20368\/revisions\/20370"}],"wp:featuredmedia":[{"embeddable":true,"href":"https:\/\/losperiodistas.com.mx\/portal\/wp-json\/wp\/v2\/media\/20369"}],"wp:attachment":[{"href":"https:\/\/losperiodistas.com.mx\/portal\/wp-json\/wp\/v2\/media?parent=20368"}],"wp:term":[{"taxonomy":"category","embeddable":true,"href":"https:\/\/losperiodistas.com.mx\/portal\/wp-json\/wp\/v2\/categories?post=20368"},{"taxonomy":"post_tag","embeddable":true,"href":"https:\/\/losperiodistas.com.mx\/portal\/wp-json\/wp\/v2\/tags?post=20368"}],"curies":[{"name":"wp","href":"https:\/\/api.w.org\/{rel}","templated":true}]}}