{"id":20359,"date":"2022-02-01T04:03:20","date_gmt":"2022-02-01T10:03:20","guid":{"rendered":"http:\/\/losperiodistas.com.mx\/portal\/?p=20359"},"modified":"2022-02-01T04:03:22","modified_gmt":"2022-02-01T10:03:22","slug":"rusia-afirma-que-no-retrocedera-ante-amenazas-de-sanciones-de-ee-uu-dw","status":"publish","type":"post","link":"https:\/\/losperiodistas.com.mx\/portal\/rusia-afirma-que-no-retrocedera-ante-amenazas-de-sanciones-de-ee-uu-dw\/","title":{"rendered":"Rusia afirma que no retroceder\u00e1 ante amenazas de sanciones de EE.UU. | DW"},"content":{"rendered":"\n<p style=\"font-size:18px\"><em>Por medio de un comunicado de su embajada en Washington, Mosc\u00fa asegur\u00f3 que es Estados Unidos quien genera las tensiones y que los 100.000 soldados apostados en la frontera con Ucrania \u201cno amenazan a nadie\u201d.<\/em><\/p>\n\n\n\n<p><\/p>\n\n\n\n<figure class=\"wp-block-image size-large\"><img fetchpriority=\"high\" decoding=\"async\" width=\"700\" height=\"394\" src=\"https:\/\/losperiodistas.com.mx\/portal\/wp-content\/uploads\/2022\/02\/60460761_303.jpeg\" alt=\"\" class=\"wp-image-20360\" srcset=\"https:\/\/losperiodistas.com.mx\/portal\/wp-content\/uploads\/2022\/02\/60460761_303.jpeg 700w, https:\/\/losperiodistas.com.mx\/portal\/wp-content\/uploads\/2022\/02\/60460761_303-300x169.jpeg 300w\" sizes=\"(max-width: 700px) 100vw, 700px\" \/><figcaption>Soldados rusos se trasladan para ejercicios militares en Kaliningrado, en 2021.<\/figcaption><\/figure>\n\n\n\n<p><\/p>\n\n\n\n<p class=\"has-vivid-cyan-blue-color has-text-color has-medium-font-size\">DW<\/p>\n\n\n\n<p>Rusia no \u00abretroceder\u00e1\u00bb ante la amenaza de sanciones de Washington por las tensiones en Ucrania, afirm\u00f3 la embajada rusa en Estados Unidos antes de la conversaci\u00f3n telef\u00f3nica prevista para este martes (01.02.2022) entre el ministro de Exteriores ruso, Serguei Lavrov, y el secretario de Estado de Estados Unidos, Antony Blinken.<\/p>\n\n\n\n<p>\u00abNo vamos a retroceder ni quedarnos quietos escuchando las amenazas de sanciones de Estados Unidos\u00bb, dijo la embajada rusa en Washington en su p\u00e1gina de Facebook. \u00abEs Washington y no Mosc\u00fa quien genera las tensiones\u00bb, agreg\u00f3. El texto es una respuesta a un comunicado del Departamento de Estado en el que recordaba que fue Rusia la que invadi\u00f3 Ucrania en 2014 y ocup\u00f3 Crimea.<\/p>\n\n\n\n<p>\u00abEs Estados Unidos quien alent\u00f3 el golpe nacionalista radical en Ucrania como resultado del cual la poblaci\u00f3n de Crimea fue amenazada de exterminio y vot\u00f3 por reunirse con Rusia\u00bb, dice el mensaje publicado por la embajada, sobre una imagen del mapa de Crimea en el que est\u00e1 sobreimpresa la frase \u00abCrimea es Rusia\u00bb. Las tensiones entre los dos pa\u00edses se agravaron en las \u00faltimas semanas con las acusaciones estadounidenses de que Rusia planea invadir Ucrania.<\/p>\n\n\n\n<h2 class=\"wp-block-heading\">\u00abDerecho soberano\u00bb<\/h2>\n\n\n\n<p>Al respecto, la embajada sostuvo que los m\u00e1s de 100.000 soldados rusos estacionados en la frontera con Ucrania \u00abno amenazan a nadie\u201d y record\u00f3 que \u00abel movimiento de las Fuerzas Armadas rusas en nuestro propio suelo es nuestro derecho soberano\u201d, lo que no se condice con la postura de Mosc\u00fa de buscar impedir que un estado soberano, como Ucrania, se integre a los organismos internacionales que desee.<\/p>\n\n\n\n<p>Blinken y Lavrov sostendr\u00e1n la conversaci\u00f3n telef\u00f3nica en un nuevo intento por dar salida a la crisis por medio del \u00abcamino diplom\u00e1tico\u201d. Ser\u00e1 el primer di\u00e1logo entre ambas autoridades despu\u00e9s de que Washington respondiese por escrito la pasada semana a las exigencias de garant\u00edas de seguridad de Mosc\u00fa, y que ha sido recibida con escepticismo por la parte rusa. La Casa Blanca sostuvo el lunes que est\u00e1 preparada para imponer sanciones contra los allegados del presidente ruso, Vladimir Putin, en caso de un ataque.<\/p>\n\n\n\n<p>DZC (EFE, AFP)<\/p>\n\n\n\n<p>Fuente: https:\/\/www.dw.com\/es\/rusia-afirma-que-no-retroceder%C3%A1-ante-amenazas-de-sanciones-de-eeuu\/a-60618723<\/p>\n","protected":false},"excerpt":{"rendered":"<p>Por medio de un comunicado de su embajada en Washington, Mosc\u00fa asegur\u00f3 que es Estados Unidos quien genera las tensiones [&hellip;]<\/p>\n","protected":false},"author":1,"featured_media":20360,"comment_status":"open","ping_status":"open","sticky":false,"template":"","format":"standard","meta":{"site-sidebar-layout":"default","site-content-layout":"","ast-site-content-layout":"default","site-content-style":"default","site-sidebar-style":"default","ast-global-header-display":"","ast-banner-title-visibility":"","ast-main-header-display":"","ast-hfb-above-header-display":"","ast-hfb-below-header-display":"","ast-hfb-mobile-header-display":"","site-post-title":"","ast-breadcrumbs-content":"","ast-featured-img":"","footer-sml-layout":"","theme-transparent-header-meta":"","adv-header-id-meta":"","stick-header-meta":"","header-above-stick-meta":"","header-main-stick-meta":"","header-below-stick-meta":"","astra-migrate-meta-layouts":"default","ast-page-background-enabled":"default","ast-page-background-meta":{"desktop":{"background-color":"var(--ast-global-color-4)","background-image":"","background-repeat":"repeat","background-position":"center center","background-size":"auto","background-attachment":"scroll","background-type":"","background-media":"","overlay-type":"","overlay-color":"","overlay-opacity":"","overlay-gradient":""},"tablet":{"background-color":"","background-image":"","background-repeat":"repeat","background-position":"center center","background-size":"auto","background-attachment":"scroll","background-type":"","background-media":"","overlay-type":"","overlay-color":"","overlay-opacity":"","overlay-gradient":""},"mobile":{"background-color":"","background-image":"","background-repeat":"repeat","background-position":"center center","background-size":"auto","background-attachment":"scroll","background-type":"","background-media":"","overlay-type":"","overlay-color":"","overlay-opacity":"","overlay-gradient":""}},"ast-content-background-meta":{"desktop":{"background-color":"var(--ast-global-color-5)","background-image":"","background-repeat":"repeat","background-position":"center center","background-size":"auto","background-attachment":"scroll","background-type":"","background-media":"","overlay-type":"","overlay-color":"","overlay-opacity":"","overlay-gradient":""},"tablet":{"background-color":"var(--ast-global-color-5)","background-image":"","background-repeat":"repeat","background-position":"center center","background-size":"auto","background-attachment":"scroll","background-type":"","background-media":"","overlay-type":"","overlay-color":"","overlay-opacity":"","overlay-gradient":""},"mobile":{"background-color":"var(--ast-global-color-5)","background-image":"","background-repeat":"repeat","background-position":"center center","background-size":"auto","background-attachment":"scroll","background-type":"","background-media":"","overlay-type":"","overlay-color":"","overlay-opacity":"","overlay-gradient":""}},"footnotes":""},"categories":[8],"tags":[2231,6232],"class_list":["post-20359","post","type-post","status-publish","format-standard","has-post-thumbnail","hentry","category-noticias","tag-rusia","tag-ucrania"],"_links":{"self":[{"href":"https:\/\/losperiodistas.com.mx\/portal\/wp-json\/wp\/v2\/posts\/20359","targetHints":{"allow":["GET"]}}],"collection":[{"href":"https:\/\/losperiodistas.com.mx\/portal\/wp-json\/wp\/v2\/posts"}],"about":[{"href":"https:\/\/losperiodistas.com.mx\/portal\/wp-json\/wp\/v2\/types\/post"}],"author":[{"embeddable":true,"href":"https:\/\/losperiodistas.com.mx\/portal\/wp-json\/wp\/v2\/users\/1"}],"replies":[{"embeddable":true,"href":"https:\/\/losperiodistas.com.mx\/portal\/wp-json\/wp\/v2\/comments?post=20359"}],"version-history":[{"count":1,"href":"https:\/\/losperiodistas.com.mx\/portal\/wp-json\/wp\/v2\/posts\/20359\/revisions"}],"predecessor-version":[{"id":20361,"href":"https:\/\/losperiodistas.com.mx\/portal\/wp-json\/wp\/v2\/posts\/20359\/revisions\/20361"}],"wp:featuredmedia":[{"embeddable":true,"href":"https:\/\/losperiodistas.com.mx\/portal\/wp-json\/wp\/v2\/media\/20360"}],"wp:attachment":[{"href":"https:\/\/losperiodistas.com.mx\/portal\/wp-json\/wp\/v2\/media?parent=20359"}],"wp:term":[{"taxonomy":"category","embeddable":true,"href":"https:\/\/losperiodistas.com.mx\/portal\/wp-json\/wp\/v2\/categories?post=20359"},{"taxonomy":"post_tag","embeddable":true,"href":"https:\/\/losperiodistas.com.mx\/portal\/wp-json\/wp\/v2\/tags?post=20359"}],"curies":[{"name":"wp","href":"https:\/\/api.w.org\/{rel}","templated":true}]}}