{"id":20174,"date":"2022-01-28T09:50:38","date_gmt":"2022-01-28T15:50:38","guid":{"rendered":"http:\/\/losperiodistas.com.mx\/portal\/?p=20174"},"modified":"2022-01-28T09:50:40","modified_gmt":"2022-01-28T15:50:40","slug":"huauchinango-foco-de-covid-19-en-la-sierra-norte","status":"publish","type":"post","link":"https:\/\/losperiodistas.com.mx\/portal\/huauchinango-foco-de-covid-19-en-la-sierra-norte\/","title":{"rendered":"Huauchinango, foco de Covid-19 en la Sierra Norte"},"content":{"rendered":"\n<p style=\"font-size:22px\">*Autoridades sanitarias municipales y estatales sin reaccionar<\/p>\n\n\n\n<p><\/p>\n\n\n\n<figure class=\"wp-block-image size-large\"><img fetchpriority=\"high\" decoding=\"async\" width=\"400\" height=\"224\" src=\"https:\/\/losperiodistas.com.mx\/portal\/wp-content\/uploads\/2022\/01\/DOCTOR-CESAR-BENAVIDES-.jpeg\" alt=\"\" class=\"wp-image-20175\" srcset=\"https:\/\/losperiodistas.com.mx\/portal\/wp-content\/uploads\/2022\/01\/DOCTOR-CESAR-BENAVIDES-.jpeg 400w, https:\/\/losperiodistas.com.mx\/portal\/wp-content\/uploads\/2022\/01\/DOCTOR-CESAR-BENAVIDES--300x168.jpeg 300w\" sizes=\"(max-width: 400px) 100vw, 400px\" \/><\/figure>\n\n\n\n<p class=\"has-vivid-cyan-blue-color has-text-color\" style=\"font-size:26px\"><strong><em>Por Ra\u00fal Torres Salmer\u00f3n<\/em><\/strong><\/p>\n\n\n\n<p>Con 300 nuevos casos de infectados por el Covid-19 en el mes de enero de 2022, a un ritmo de diez infectados diariamente, Huauchinango se consolida como el epicentro de la pandemia en la Sierra Norte de Puebla por tercer a\u00f1o consecutivo.<\/p>\n\n\n\n<p>As\u00ed lo dio a conocer al periodista Carlos Castel\u00e1n, Director de la Gaceta de la Sierra Norte, el m\u00e9dico C\u00e9sar Benavides Manzano, quien explic\u00f3 que, desde el mes de mayo del a\u00f1o 2020 hasta el 31 de diciembre 2021, es decir 637 d\u00edas, se registraron mil 348 enfermos de Covid-19, casi dos casos diarios, seg\u00fan el portal https:\/\/datos.covid-19.conacyt.mx\/ del Gobierno Federal.<\/p>\n\n\n\n<p>Sin embargo, en estos primeros 27 d\u00edas del mes de enero de 2022, se han registrado 300 nuevos casos, un alarmante ritmo de diez enfermos diariamente. El problema es que, en el mayor n\u00famero de enfermos es en menores de edad, ya que son los m\u00e1s susceptibles y quienes carecen de vacunaci\u00f3n.<\/p>\n\n\n\n<p>Esta situaci\u00f3n no quiere decir que las personas adultas no sufran la letal enfermedad que a la fecha ha enlutado los hogares de 236 personas fallecidas en el municipio, es decir, un promedio que no debi\u00f3 haberse dado y que es mayor a la media nacional por cada 100 mil personas.<\/p>\n\n\n\n<p>Lo anterior es de acuerdo con las cifras globales oficiales que se conocen por medio de la Universidad John Hopkins en donde se se\u00f1ala que 4 pa\u00edses acusan la mayor letalidad del Covid-19 y son Estados Unidos que presenta una mayor tasa de mortalidad sobre el total de la poblaci\u00f3n, de acuerdo con la base de datos de la Universidad Johns Hopkins con cerca de 210 mil muertes totales.<\/p>\n\n\n\n<p>Otro pa\u00eds es Brasil que registra casi 100 decesos por cada 100 mil de sus habitantes. En M\u00e9xico, que suma alrededor de 140 mil 700 fallecidos, los registros oficiales reflejan una mortalidad de 111 personas cada 100 mil habitantes. En la India, el tercer pa\u00eds con m\u00e1s muertes totales, 11 personas por cada 100 mil habitantes han perdido la vida a causa de la COVID-19.<\/p>\n\n\n\n<p>Estos datos, asegura el galeno quien es Director de la Cl\u00ednica de Especialidades M\u00e9dicas Monte de Yav\u00e9 en Huauchinango, debieran alertar a las autoridades sanitarias del Estado y del Municipio, para actuar en consecuencia, sin embargo lamenta, no se le ve reaccionar cuando deber\u00edan estar vigilantes en comercios, vialidades y en las escuelas para urgir y verificar un programa agresivo de concientizaci\u00f3n, entre la poblaci\u00f3n luego de que el&nbsp; mayor n\u00famero de casos se encuentra registrado en menores de edad no vacunados y sin conocimiento cabal de c\u00f3mo se deben cuidar.<\/p>\n\n\n\n<p>Asimismo, advierte, se deber\u00edan instalar brigadas en el centro de la poblaci\u00f3n y tambi\u00e9n itinerantes en las colonias y comunidades, armados con term\u00f3metros, ox\u00edmetros, gel, alcohol antibacterial y volantes de orientaci\u00f3n a la poblaci\u00f3n para tratar de detectar personas que por su calidad asintom\u00e1tica son transmisores de las variantes \u00d3micron y Delta.<\/p>\n\n\n\n<p>La voz de alerta est\u00e1 dada en Huauchinango.<\/p>\n\n\n\n<p>ENCUENTRO DE FOLCLOR INTERNACIONAL<\/p>\n\n\n\n<p>Alejandra Rivera Escamilla, Directora de los Grupos Culturales Nacionales del Movimiento Antorchista y responsable de la Academia Nacional de Danza, anunci\u00f3 que la Comisi\u00f3n Nacional Cultural prepara el Encuentro de Folclor Internacional para los d\u00edas 29 y 30 de enero de 2022.<\/p>\n\n\n\n<p>Invita al p\u00fablico a que se divierta con este encuentro que se transmitir\u00e1 por redes sociales, ya que por la pandemia no se puede llevar a cabo de manera presencial y se llevar\u00e1 a cabo en el auditorio de la Guelaguetza en Oaxaca.<\/p>\n\n\n\n<p>Rivera Escamilla se\u00f1ala que en esta edici\u00f3n participar\u00e1n los mejores ballets de la Rep\u00fablica Mexicana, como son&nbsp; los Baja California, Coahuila, San Luis Potos\u00ed, Michoac\u00e1n, Estado de M\u00e9xico, CDMX, Veracruz, Puebla y Chiapas, que presentar\u00e1n el folclor de diferentes pa\u00edses latinoamericanos como Rep\u00fablica Dominicana, Panam\u00e1, Per\u00fa, Argentina, Venezuela, Bolivia y Colombia, adem\u00e1s de Folklore Country y la participaci\u00f3n especial del Ballet Nacional del Movimiento Antorchista con una representaci\u00f3n especial de tangos argentinos.<\/p>\n\n\n\n<p>En fin, como escribi\u00f3 Miguel de Cervantes (Espa\u00f1a, 1547-1616), en su poema Busco en la Muerte la Vida:<\/p>\n\n\n\n<p>Busco en la muerte la vida,<\/p>\n\n\n\n<p>salud en la enfermedad,<\/p>\n\n\n\n<p>en la prisi\u00f3n libertad,<\/p>\n\n\n\n<p>en lo cerrado salida<\/p>\n\n\n\n<p>y en el traidor lealtad.<\/p>\n\n\n\n<p>Pero mi suerte, de quien<\/p>\n\n\n\n<p>jam\u00e1s espero alg\u00fan bien,<\/p>\n\n\n\n<p>con el cielo ha estatuido,<\/p>\n\n\n\n<p>que, pues lo imposible pido,<\/p>\n\n\n\n<p>lo posible a\u00fan no me den.<\/p>\n\n\n\n<p>raultorress@hotmail.com<\/p>\n","protected":false},"excerpt":{"rendered":"<p>*Autoridades sanitarias municipales y estatales sin reaccionar Por Ra\u00fal Torres Salmer\u00f3n Con 300 nuevos casos de infectados por el Covid-19 [&hellip;]<\/p>\n","protected":false},"author":1,"featured_media":20175,"comment_status":"open","ping_status":"open","sticky":false,"template":"","format":"standard","meta":{"site-sidebar-layout":"default","site-content-layout":"","ast-site-content-layout":"default","site-content-style":"default","site-sidebar-style":"default","ast-global-header-display":"","ast-banner-title-visibility":"","ast-main-header-display":"","ast-hfb-above-header-display":"","ast-hfb-below-header-display":"","ast-hfb-mobile-header-display":"","site-post-title":"","ast-breadcrumbs-content":"","ast-featured-img":"","footer-sml-layout":"","theme-transparent-header-meta":"","adv-header-id-meta":"","stick-header-meta":"","header-above-stick-meta":"","header-main-stick-meta":"","header-below-stick-meta":"","astra-migrate-meta-layouts":"default","ast-page-background-enabled":"default","ast-page-background-meta":{"desktop":{"background-color":"var(--ast-global-color-4)","background-image":"","background-repeat":"repeat","background-position":"center center","background-size":"auto","background-attachment":"scroll","background-type":"","background-media":"","overlay-type":"","overlay-color":"","overlay-opacity":"","overlay-gradient":""},"tablet":{"background-color":"","background-image":"","background-repeat":"repeat","background-position":"center center","background-size":"auto","background-attachment":"scroll","background-type":"","background-media":"","overlay-type":"","overlay-color":"","overlay-opacity":"","overlay-gradient":""},"mobile":{"background-color":"","background-image":"","background-repeat":"repeat","background-position":"center center","background-size":"auto","background-attachment":"scroll","background-type":"","background-media":"","overlay-type":"","overlay-color":"","overlay-opacity":"","overlay-gradient":""}},"ast-content-background-meta":{"desktop":{"background-color":"var(--ast-global-color-5)","background-image":"","background-repeat":"repeat","background-position":"center center","background-size":"auto","background-attachment":"scroll","background-type":"","background-media":"","overlay-type":"","overlay-color":"","overlay-opacity":"","overlay-gradient":""},"tablet":{"background-color":"var(--ast-global-color-5)","background-image":"","background-repeat":"repeat","background-position":"center center","background-size":"auto","background-attachment":"scroll","background-type":"","background-media":"","overlay-type":"","overlay-color":"","overlay-opacity":"","overlay-gradient":""},"mobile":{"background-color":"var(--ast-global-color-5)","background-image":"","background-repeat":"repeat","background-position":"center center","background-size":"auto","background-attachment":"scroll","background-type":"","background-media":"","overlay-type":"","overlay-color":"","overlay-opacity":"","overlay-gradient":""}},"footnotes":""},"categories":[8,19],"tags":[38,4442],"class_list":["post-20174","post","type-post","status-publish","format-standard","has-post-thumbnail","hentry","category-noticias","category-sin-limites-2","tag-covid-19","tag-huauchinango"],"_links":{"self":[{"href":"https:\/\/losperiodistas.com.mx\/portal\/wp-json\/wp\/v2\/posts\/20174","targetHints":{"allow":["GET"]}}],"collection":[{"href":"https:\/\/losperiodistas.com.mx\/portal\/wp-json\/wp\/v2\/posts"}],"about":[{"href":"https:\/\/losperiodistas.com.mx\/portal\/wp-json\/wp\/v2\/types\/post"}],"author":[{"embeddable":true,"href":"https:\/\/losperiodistas.com.mx\/portal\/wp-json\/wp\/v2\/users\/1"}],"replies":[{"embeddable":true,"href":"https:\/\/losperiodistas.com.mx\/portal\/wp-json\/wp\/v2\/comments?post=20174"}],"version-history":[{"count":1,"href":"https:\/\/losperiodistas.com.mx\/portal\/wp-json\/wp\/v2\/posts\/20174\/revisions"}],"predecessor-version":[{"id":20176,"href":"https:\/\/losperiodistas.com.mx\/portal\/wp-json\/wp\/v2\/posts\/20174\/revisions\/20176"}],"wp:featuredmedia":[{"embeddable":true,"href":"https:\/\/losperiodistas.com.mx\/portal\/wp-json\/wp\/v2\/media\/20175"}],"wp:attachment":[{"href":"https:\/\/losperiodistas.com.mx\/portal\/wp-json\/wp\/v2\/media?parent=20174"}],"wp:term":[{"taxonomy":"category","embeddable":true,"href":"https:\/\/losperiodistas.com.mx\/portal\/wp-json\/wp\/v2\/categories?post=20174"},{"taxonomy":"post_tag","embeddable":true,"href":"https:\/\/losperiodistas.com.mx\/portal\/wp-json\/wp\/v2\/tags?post=20174"}],"curies":[{"name":"wp","href":"https:\/\/api.w.org\/{rel}","templated":true}]}}