{"id":20167,"date":"2022-01-28T08:28:59","date_gmt":"2022-01-28T14:28:59","guid":{"rendered":"http:\/\/losperiodistas.com.mx\/portal\/?p=20167"},"modified":"2022-01-28T08:29:01","modified_gmt":"2022-01-28T14:29:01","slug":"america-latina-retrocede-27-anos-en-indicadores-de-pobreza-y-de-pobreza-extrema-aleteia","status":"publish","type":"post","link":"https:\/\/losperiodistas.com.mx\/portal\/america-latina-retrocede-27-anos-en-indicadores-de-pobreza-y-de-pobreza-extrema-aleteia\/","title":{"rendered":"Am\u00e9rica Latina retrocede 27 a\u00f1os en indicadores de pobreza y de pobreza extrema | Aleteia"},"content":{"rendered":"\n<p style=\"font-size:18px\"><em>En 2021 lleva al l\u00edmite de mera supervivencia a 86 millones de personas<\/em><\/p>\n\n\n\n<p><\/p>\n\n\n\n<figure class=\"wp-block-image size-large\"><img fetchpriority=\"high\" decoding=\"async\" width=\"1024\" height=\"512\" src=\"https:\/\/losperiodistas.com.mx\/portal\/wp-content\/uploads\/2022\/01\/WEB3-ARGENTINA-CRISIS-000_1WU1TS-Ronaldo-SCHEMIDT-AFP-1024x512.jpeg\" alt=\"\" class=\"wp-image-20168\" srcset=\"https:\/\/losperiodistas.com.mx\/portal\/wp-content\/uploads\/2022\/01\/WEB3-ARGENTINA-CRISIS-000_1WU1TS-Ronaldo-SCHEMIDT-AFP-1024x512.jpeg 1024w, https:\/\/losperiodistas.com.mx\/portal\/wp-content\/uploads\/2022\/01\/WEB3-ARGENTINA-CRISIS-000_1WU1TS-Ronaldo-SCHEMIDT-AFP-300x150.jpeg 300w, https:\/\/losperiodistas.com.mx\/portal\/wp-content\/uploads\/2022\/01\/WEB3-ARGENTINA-CRISIS-000_1WU1TS-Ronaldo-SCHEMIDT-AFP-768x384.jpeg 768w, https:\/\/losperiodistas.com.mx\/portal\/wp-content\/uploads\/2022\/01\/WEB3-ARGENTINA-CRISIS-000_1WU1TS-Ronaldo-SCHEMIDT-AFP.jpeg 1200w\" sizes=\"(max-width: 1024px) 100vw, 1024px\" \/><figcaption>Ronaldo SCHEMIDT \/ AFP<\/figcaption><\/figure>\n\n\n\n<p><\/p>\n\n\n\n<p class=\"has-vivid-cyan-blue-color has-text-color has-medium-font-size\">JAIME SEPTI\u00c9N \/ ALETEIA<\/p>\n\n\n\n<p>Am\u00e9rica Latina ha sido, hasta el momento, la regi\u00f3n del mundo con mayor vulnerabilidad a los efectos negativos de la pandemia. Adem\u00e1s de los muertos por la Covid-19 (Brasil, M\u00e9xico y Per\u00fa sumados llegan a 1.3 millones de defunciones \u201coficiales\u201d, de los 5.6 millones de personas que han muerto en el mundo), la pobreza extrema avanz\u00f3 fuertemente en 2021.<\/p>\n\n\n\n<p>Seg\u00fan el informe \u00abPanorama Social de Am\u00e9rica Latina\u00bb dado a conocer por la Comisi\u00f3n Econ\u00f3mica para Am\u00e9rica Latina y el Caribe (Cepal), la pobreza extrema en la regi\u00f3n volvi\u00f3 a crecer en 2021 (ya hab\u00eda sucedido as\u00ed en 2020) y alcanz\u00f3 a llevar a l\u00edmite de mera supervivencia a 86 millones de personas.<\/p>\n\n\n\n<p>En 2020, la pobreza extrema \u2013siempre seg\u00fan el informe de la Cepal\u2014lleg\u00f3 a 81 millones de personas en la regi\u00f3n. Lo cual significa que, pese a las ayudas sociales movilizadas por los gobiernos, cada d\u00eda se sumaron 13.600 personas a vivir en condiciones de injusticia, con un ingreso de menos de dos d\u00f3lares diarios.<\/p>\n\n\n\n<h3 class=\"wp-block-heading\">La pandemia ahond\u00f3 la desigualdad<\/h3>\n\n\n\n<p>En t\u00e9rminos generales, la pobreza baj\u00f3 en Am\u00e9rica Latina en 2021, de 33 a 32.1 por ciento; sin embargo, la parte m\u00e1s dura de la pobreza, la extrema, subi\u00f3 por segundo a\u00f1o consecutivo de 13.1 a 13.8 por ciento, manteni\u00e9ndose ambos niveles por encima de los registros de pobreza y de pobreza extrema de 2019.<\/p>\n\n\n\n<p>La crisis social, de salud, pol\u00edtica y econ\u00f3mica de la regi\u00f3n, lastrada por gobiernos populistas de izquierda y derecha, ha llevado a que 201 millones de personas en Am\u00e9rica Latina y el Caribe viven en pobreza. El coronavirus solamente ha venido a ahondar el desigual reparto de la riqueza en esta parte del mundo.<\/p>\n\n\n\n<p>La Cepal, un organismo dependiente de la ONU, con sede en Santiago de Chile, afirma en su reporte que la tasa de incremento de la pobreza extrema representa \u00abun retroceso de 27 a\u00f1os\u00bb en el avance de los indicadores, afectando en 2021 sobre todo a Brasil y Costa Rica \u201cpor los recortes de las ayudas estatales\u201d.<\/p>\n\n\n\n<p>Del otro lado, Chile y Rep\u00fablica Dominicana mantendr\u00edan sus niveles, apoyados en la continuidad de las transferencias fiscales que han realizado en favor de sus ciudadanos y de las empresas generadoras de empleo, cosa que no han hecho gigantes de la regi\u00f3n como M\u00e9xico.<\/p>\n\n\n\n<p>\u00abLa recuperaci\u00f3n econ\u00f3mica de 2021 no ha sido suficiente para mitigar los profundos efectos sociales y laborales de la pandemia, estrechamente vinculados a la desigualdad de ingreso y g\u00e9nero, a la pobreza, a la informalidad y a la vulnerabilidad en que vive la poblaci\u00f3n\u00bb, dijo Alicia Barcena, secretaria ejecutiva de la Cepal.<\/p>\n\n\n\n<h3 class=\"wp-block-heading\">Oportunidad hist\u00f3rica<\/h3>\n\n\n\n<p>La funcionaria mexicana quien ocupa la secretar\u00eda ejecutiva del organismo desde 2008, llam\u00f3 a mantener las transferencias monetarias de emergencia en 2022 o hasta que la crisis sanitaria est\u00e9 controlada, ya que fueron claves en gran parte de los pa\u00edses para \u201cmantener a raya\u201d los niveles de pobreza.<\/p>\n\n\n\n<p>\u201cLa pandemia es una oportunidad hist\u00f3rica para construir un nuevo pacto social que brinde protecci\u00f3n, certidumbre y confianza. Un nuevo contrato social debe avanzar y fortalecer la institucionalidad de los sistemas de protecci\u00f3n social y promover que estos sean universales, integrales, sostenibles y resilientes\u201d, dice en la parte medular el informe de la Cepal.<\/p>\n\n\n\n<p>De igual manera la Cepal indica que en 2021 aument\u00f3 la proporci\u00f3n de mujeres que no recibe ingresos propios y persisten las brechas de pobreza en \u00e1reas rurales, pueblos ind\u00edgenas y la ni\u00f1ez, \u00e1reas prioritarias para un desarrollo integral de la regi\u00f3n que se han quedado rezagadas por la desigualdad.<\/p>\n\n\n\n<h3 class=\"wp-block-heading\">Garantizar el derecho a la salud<\/h3>\n\n\n\n<p>A la fecha, 62.3 por ciento de la poblaci\u00f3n de Am\u00e9rica Latina y el Caribe (408 millones de personas) cuenta con un esquema completo de vacunaci\u00f3n. Por ello, la Cepal hizo un llamado para que a mediados de 2022 todos los pa\u00edses de la regi\u00f3n hayan inmunizado al 70 por ciento de su poblaci\u00f3n con la pauta completa.<\/p>\n\n\n\n<p>Precisamente porque la pandemia de la Covid-19 vino a destapar las desigualdad en la regi\u00f3n, urge, como se\u00f1ala la Cepal \u201creestructurar los sistemas de salud, avanzar hacia una cobertura universal, con atenci\u00f3n oportuna y de calidad para toda la poblaci\u00f3n, y que el Estado act\u00fae como garante del derecho a la salud\u201d.<\/p>\n\n\n\n<p>Fuente: https:\/\/es.aleteia.org\/2022\/01\/28\/america-latina-retrocede-27-anos-en-indicadores-de-pobreza-y-de-pobreza-extrema\/<\/p>\n","protected":false},"excerpt":{"rendered":"<p>En 2021 lleva al l\u00edmite de mera supervivencia a 86 millones de personas JAIME SEPTI\u00c9N \/ ALETEIA Am\u00e9rica Latina ha [&hellip;]<\/p>\n","protected":false},"author":1,"featured_media":20168,"comment_status":"open","ping_status":"open","sticky":false,"template":"","format":"standard","meta":{"site-sidebar-layout":"default","site-content-layout":"","ast-site-content-layout":"default","site-content-style":"default","site-sidebar-style":"default","ast-global-header-display":"","ast-banner-title-visibility":"","ast-main-header-display":"","ast-hfb-above-header-display":"","ast-hfb-below-header-display":"","ast-hfb-mobile-header-display":"","site-post-title":"","ast-breadcrumbs-content":"","ast-featured-img":"","footer-sml-layout":"","theme-transparent-header-meta":"","adv-header-id-meta":"","stick-header-meta":"","header-above-stick-meta":"","header-main-stick-meta":"","header-below-stick-meta":"","astra-migrate-meta-layouts":"default","ast-page-background-enabled":"default","ast-page-background-meta":{"desktop":{"background-color":"var(--ast-global-color-4)","background-image":"","background-repeat":"repeat","background-position":"center center","background-size":"auto","background-attachment":"scroll","background-type":"","background-media":"","overlay-type":"","overlay-color":"","overlay-opacity":"","overlay-gradient":""},"tablet":{"background-color":"","background-image":"","background-repeat":"repeat","background-position":"center center","background-size":"auto","background-attachment":"scroll","background-type":"","background-media":"","overlay-type":"","overlay-color":"","overlay-opacity":"","overlay-gradient":""},"mobile":{"background-color":"","background-image":"","background-repeat":"repeat","background-position":"center center","background-size":"auto","background-attachment":"scroll","background-type":"","background-media":"","overlay-type":"","overlay-color":"","overlay-opacity":"","overlay-gradient":""}},"ast-content-background-meta":{"desktop":{"background-color":"var(--ast-global-color-5)","background-image":"","background-repeat":"repeat","background-position":"center center","background-size":"auto","background-attachment":"scroll","background-type":"","background-media":"","overlay-type":"","overlay-color":"","overlay-opacity":"","overlay-gradient":""},"tablet":{"background-color":"var(--ast-global-color-5)","background-image":"","background-repeat":"repeat","background-position":"center center","background-size":"auto","background-attachment":"scroll","background-type":"","background-media":"","overlay-type":"","overlay-color":"","overlay-opacity":"","overlay-gradient":""},"mobile":{"background-color":"var(--ast-global-color-5)","background-image":"","background-repeat":"repeat","background-position":"center center","background-size":"auto","background-attachment":"scroll","background-type":"","background-media":"","overlay-type":"","overlay-color":"","overlay-opacity":"","overlay-gradient":""}},"footnotes":""},"categories":[8],"tags":[3646,6483,6613,3887],"class_list":["post-20167","post","type-post","status-publish","format-standard","has-post-thumbnail","hentry","category-noticias","tag-brasil","tag-cepal","tag-extrema-pobreza","tag-peru"],"_links":{"self":[{"href":"https:\/\/losperiodistas.com.mx\/portal\/wp-json\/wp\/v2\/posts\/20167","targetHints":{"allow":["GET"]}}],"collection":[{"href":"https:\/\/losperiodistas.com.mx\/portal\/wp-json\/wp\/v2\/posts"}],"about":[{"href":"https:\/\/losperiodistas.com.mx\/portal\/wp-json\/wp\/v2\/types\/post"}],"author":[{"embeddable":true,"href":"https:\/\/losperiodistas.com.mx\/portal\/wp-json\/wp\/v2\/users\/1"}],"replies":[{"embeddable":true,"href":"https:\/\/losperiodistas.com.mx\/portal\/wp-json\/wp\/v2\/comments?post=20167"}],"version-history":[{"count":1,"href":"https:\/\/losperiodistas.com.mx\/portal\/wp-json\/wp\/v2\/posts\/20167\/revisions"}],"predecessor-version":[{"id":20169,"href":"https:\/\/losperiodistas.com.mx\/portal\/wp-json\/wp\/v2\/posts\/20167\/revisions\/20169"}],"wp:featuredmedia":[{"embeddable":true,"href":"https:\/\/losperiodistas.com.mx\/portal\/wp-json\/wp\/v2\/media\/20168"}],"wp:attachment":[{"href":"https:\/\/losperiodistas.com.mx\/portal\/wp-json\/wp\/v2\/media?parent=20167"}],"wp:term":[{"taxonomy":"category","embeddable":true,"href":"https:\/\/losperiodistas.com.mx\/portal\/wp-json\/wp\/v2\/categories?post=20167"},{"taxonomy":"post_tag","embeddable":true,"href":"https:\/\/losperiodistas.com.mx\/portal\/wp-json\/wp\/v2\/tags?post=20167"}],"curies":[{"name":"wp","href":"https:\/\/api.w.org\/{rel}","templated":true}]}}