{"id":20163,"date":"2022-01-28T08:01:56","date_gmt":"2022-01-28T14:01:56","guid":{"rendered":"http:\/\/losperiodistas.com.mx\/portal\/?p=20163"},"modified":"2022-01-28T08:01:58","modified_gmt":"2022-01-28T14:01:58","slug":"papa-a-comunicadores-combatan-las-noticias-falsas-de-la-pandemia-buscando-la-verdad-vatican-news","status":"publish","type":"post","link":"https:\/\/losperiodistas.com.mx\/portal\/papa-a-comunicadores-combatan-las-noticias-falsas-de-la-pandemia-buscando-la-verdad-vatican-news\/","title":{"rendered":"Papa a comunicadores: \u00abCombatan las noticias falsas de la pandemia buscando la verdad\u00bb | Vatican News"},"content":{"rendered":"\n<p style=\"font-size:18px\">Dirigi\u00e9ndose al consorcio internacional de medios de comunicaci\u00f3n cat\u00f3licos \u00abCatholic fact-checking\u00bb, el Papa Francisco exhort\u00f3 a reflexionar sobre el estilo de los comunicadores cristianos en relaci\u00f3n a determinadas cuestiones de la pandemia del Covid-19 y las vacunas. Ante la difusi\u00f3n de noticias falsas, el Santo Padre pidi\u00f3 buscar siempre la verdad, combatiendo la mentira, \u00abpero nunca estando en contra de las personas, sino respetando y construyendo puentes\u00bb.<\/p>\n\n\n\n<figure class=\"wp-block-image size-large\"><img fetchpriority=\"high\" decoding=\"async\" width=\"1024\" height=\"621\" src=\"https:\/\/losperiodistas.com.mx\/portal\/wp-content\/uploads\/2022\/01\/Captura-de-Pantalla-2022-01-28-a-las-7.57.55-1024x621.jpg\" alt=\"\" class=\"wp-image-20165\" srcset=\"https:\/\/losperiodistas.com.mx\/portal\/wp-content\/uploads\/2022\/01\/Captura-de-Pantalla-2022-01-28-a-las-7.57.55-1024x621.jpg 1024w, https:\/\/losperiodistas.com.mx\/portal\/wp-content\/uploads\/2022\/01\/Captura-de-Pantalla-2022-01-28-a-las-7.57.55-300x182.jpg 300w, https:\/\/losperiodistas.com.mx\/portal\/wp-content\/uploads\/2022\/01\/Captura-de-Pantalla-2022-01-28-a-las-7.57.55-768x466.jpg 768w, https:\/\/losperiodistas.com.mx\/portal\/wp-content\/uploads\/2022\/01\/Captura-de-Pantalla-2022-01-28-a-las-7.57.55.jpg 1504w\" sizes=\"(max-width: 1024px) 100vw, 1024px\" \/><\/figure>\n\n\n\n<p class=\"has-vivid-cyan-blue-color has-text-color has-medium-font-size\">VATICAN NEWS<\/p>\n\n\n\n<p>La ma\u00f1ana del viernes 28 de enero, el Papa Francisco recibi\u00f3 en audiencia en la Sala Clementina del Vaticano a los miembros del Consorcio Internacional de Medios de Comunicaci\u00f3n Cat\u00f3licos&nbsp;<em>\u00abCatholic fact-checking\u00bb<\/em>. En su discurso, el Pont\u00edfice abord\u00f3 algunas cuestiones cruciales de la comunicaci\u00f3n social en este tiempo particular que vivimos marcado por la pandemia del Covid -19, tomando como referencia&nbsp;algunas expresiones de San Pablo VI del Mensaje para la Jornada de las Comunicaciones Sociales de 1972, quien reconoc\u00eda el poder de los medios de comunicaci\u00f3n en el comportamiento y las elecciones de las personas.<\/p>\n\n\n\n<h2 class=\"wp-block-heading\"><strong>Informar con rigor y responsabilidad<\/strong><\/h2>\n\n\n\n<p>En este sentido -a\u00f1adi\u00f3 Francisco- el Papa Pablo VI subrayaba que&nbsp;<em>\u00abla excelencia de la tarea del informador consiste no s\u00f3lo en anotar lo que es inmediatamente perceptible, sino tambi\u00e9n en buscar elementos de encuadre y de explicaci\u00f3n sobre las causas y las circunstancias de los hechos individuales que tiene que informar\u00bb.<\/em>&nbsp;Un trabajo, por tanto, que requiere sentido de la responsabilidad y rigor.LEA TAMBI\u00c9N<a href=\"https:\/\/www.vaticannews.va\/es\/papa\/news\/2021-11\/papa-donacion-pandemia-covid19-irak-sistema-oxigeno-hospital.html\"><\/a>24\/11\/2021<\/p>\n\n\n\n<h2 class=\"wp-block-heading\"><a href=\"https:\/\/www.vaticannews.va\/es\/papa\/news\/2021-11\/papa-donacion-pandemia-covid19-irak-sistema-oxigeno-hospital.html\">El Papa dona un sistema de ox\u00edgeno medicinal al Hospital Saint Raphael de Bagdad<\/a><\/h2>\n\n\n\n<p>Tal y como se\u00f1alaba Pablo VI, se necesita&nbsp;<em>\u00abrigor en el control y la evaluaci\u00f3n cr\u00edtica de las fuentes, en la fidelidad a los datos observados y en la transmisi\u00f3n integral de los mismos\u00bb.&nbsp;<\/em><\/p>\n\n\n\n<p>Asimismo, Francisco indic\u00f3 que la responsabilidad es a\u00fan mayor, cuando el comunicador est\u00e1 llamado (como ocurre a menudo)&nbsp;<em>\u00aba a\u00f1adir elementos de juicio y de orientaci\u00f3n al simple informe del hecho\u00bb.&nbsp;<\/em><\/p>\n\n\n\n<h2 class=\"wp-block-heading\"><strong>Combatir las fake news con la verdad<\/strong><\/h2>\n\n\n\n<p><em>\u00abEn su mensaje el Papa Montini se refer\u00eda a la comunicaci\u00f3n y a la informaci\u00f3n en general, pero sus palabras se ajustan mucho a la realidad si pensamos en cierta desinformaci\u00f3n que circula hoy por la red\u00bb<\/em>, puntualiz\u00f3 el Santo Padre, haciendo hincapi\u00e9 en que el objetivo actual de los comunicadores es poner de manifiesto las noticias falsas (fake news) y la informaci\u00f3n parcial o enga\u00f1osa sobre las vacunas Covid-19.<\/p>\n\n\n\n<p>Una labor que este Consorcio ya ha comenzado mediante la creaci\u00f3n de redes en diferentes medios de comunicaci\u00f3n cat\u00f3licos que cuentan con la participaci\u00f3n de varios expertos con el fin de buscar la verdad y el Papa les agredi\u00f3 por ello.&nbsp;<\/p>\n\n\n\n<h2 class=\"wp-block-heading\"><strong>Permanecer juntos en red<\/strong><\/h2>\n\n\n\n<p>Por otro lado, el Pont\u00edfice destac\u00f3 tres palabras claves que hay que tener en cuenta a la hora de comunicar:&nbsp;<em>juntos, por y verdad.<\/em><\/p>\n\n\n\n<p>En primer lugar, el t\u00e9rmino \u00ab<strong>juntos\u00bb:<\/strong><\/p>\n\n\n\n<figure class=\"wp-block-pullquote\"><blockquote><p>\u201cEsto tambi\u00e9n es fundamental en el \u00e1mbito de la informaci\u00f3n. La creaci\u00f3n de redes, la puesta en com\u00fan de habilidades, conocimientos y contribuciones, para poder informar de manera adecuada, es en s\u00ed misma un primer testimonio. En un tiempo herido por la pandemia y por tantas divisiones -incluso en las opiniones- el hecho de estar en la red como comunicadores cristianos es ya un mensaje, es un punto de partida\u201d<\/p><\/blockquote><\/figure>\n\n\n\n<h2 class=\"wp-block-heading\"><strong>Infodemia: Distorsionar la realidad con el miedo<\/strong><\/h2>\n\n\n\n<p>En este contexto, Francisco se\u00f1al\u00f3 que, adem\u00e1s de la pandemia, se est\u00e1 extendiendo la \u00abinfodemia\u00bb, es decir, \u00abla distorsi\u00f3n de la realidad basada en el miedo, que en la sociedad global se hace eco y comenta noticias falsificadas cuando no inventadas\u00bb.<\/p>\n\n\n\n<p>De ah\u00ed la importancia de permanecer juntos,&nbsp;mantenerse en la red y aliarse con la investigaci\u00f3n cient\u00edfica sobre las enfermedades poniendo siempre mucha atenci\u00f3n a las fuentes ya que con frecuencia vemos&nbsp;<em>\u00abla proliferaci\u00f3n y superposici\u00f3n de informaciones\u00bb,&nbsp;<\/em>comentarios y opiniones supuestamente \u00abcient\u00edficas\u00bb que quiz\u00e1s de forma inconsciente, acaban confundiendo a los lectores y oyentes.<\/p>\n\n\n\n<p>Algo que seg\u00fan el Papa tambi\u00e9n se aplica a las vacunas:&nbsp;<em>\u00abHay una necesidad urgente de ayudar a los pa\u00edses que tienen menos, pero esto debe hacerse con planes de larga duraci\u00f3n, no motivados s\u00f3lo por la prisa de las naciones ricas por ser m\u00e1s seguras. Los remedios deben distribuirse con dignidad, por favor, no como limosnas de piedad\u00bb.<\/em><\/p>\n\n\n\n<p>La segunda palabra propuesta por Francisco para los comunicadores es&nbsp;<strong>\u00abpor\u00bb:<\/strong><\/p>\n\n\n\n<figure class=\"wp-block-pullquote\"><blockquote><p>\u201cEs una palabra muy peque\u00f1a pero reveladora: nos recuerda que como cristianos estamos contra la injusticia y la mentira, pero siempre a favor del pueblo. Aunque el objetivo de su Consorcio es combatir la desinformaci\u00f3n, luchar contra las noticias falsas y la manipulaci\u00f3n de las conciencias de los m\u00e1s d\u00e9biles, nunca debemos olvidar la distinci\u00f3n fundamental entre las noticias y las personas. Hay que combatir las noticias falsas, pero siempre hay que respetar a las personas, que a menudo se adhieren a ellas sin pleno conocimiento y responsabilidad\u201d<\/p><\/blockquote><\/figure>\n\n\n\n<p>Igualmente, el Obispo de Roma observ\u00f3 que el comunicador cristiano hace suyo el estilo evang\u00e9lico:&nbsp;<em>\u00abconstruye puentes porque es un artesano de la paz&nbsp; y sobre todo de la b\u00fasqueda de la verdad\u00bb.<\/em><\/p>\n\n\n\n<h2 class=\"wp-block-heading\"><strong>No crear oposici\u00f3n, respetar y dialogar con los dudosos<\/strong><\/h2>\n\n\n\n<p>Por tanto, Francisco alent\u00f3 a todos a no mantener un enfoque de oposici\u00f3n con las personas, ni adoptar actitudes de superioridad:<\/p>\n\n\n\n<p><em>\u00abLa realidad es siempre m\u00e1s compleja de lo que pensamos, y debemos respetar las dudas, ansiedades y preguntas de las personas, intentando acompa\u00f1arlas sin tratarlas nunca con condescendencia, dialogando con los dudosos\u00bb.<\/em><\/p>\n\n\n\n<h2 class=\"wp-block-heading\"><strong>No se cansen de verificar las noticias<\/strong><\/h2>\n\n\n\n<p>Finalmente, la tercera palabra sobre la que reflexion\u00f3 el Pont\u00edfice fue<strong>&nbsp;\u00abverdad\u00bb<\/strong>:<\/p>\n\n\n\n<p><em>\u00abNo nos cansemos de verificar las noticias, de presentar los datos correctamente, de estar siempre investigando. La b\u00fasqueda de la verdad no puede plegarse a un punto de vista comercial, a los intereses de los poderosos, a los grandes intereses econ\u00f3micos. \u00a1No! Estar\u00a0<strong>juntos por la verdad<\/strong>\u00a0tambi\u00e9n significa buscar un ant\u00eddoto a los algoritmos dise\u00f1ados para maximizar la rentabilidad comercial, significa promover una sociedad informada, justa, sana y sostenible\u00bb,<\/em>\u00a0concluy\u00f3 el Papa dirigiendo un pensamiento especial a aquellas personas que, sin tener el virus, murieron al servicio de los enfermos.\u00a0<em>\u00abSon los h\u00e9roes de estos d\u00edas, tantos h\u00e9roes ocultos\u00bb.\u00a0<\/em><\/p>\n\n\n\n<p>Fuente: https:\/\/www.vaticannews.va\/es\/papa\/news\/2022-01\/papa-audiencia-comunicadores-cristianos-combatir-noticias-falsas.html<\/p>\n","protected":false},"excerpt":{"rendered":"<p>Dirigi\u00e9ndose al consorcio internacional de medios de comunicaci\u00f3n cat\u00f3licos \u00abCatholic fact-checking\u00bb, el Papa Francisco exhort\u00f3 a reflexionar sobre el estilo [&hellip;]<\/p>\n","protected":false},"author":1,"featured_media":20165,"comment_status":"open","ping_status":"open","sticky":false,"template":"","format":"standard","meta":{"site-sidebar-layout":"default","site-content-layout":"","ast-site-content-layout":"default","site-content-style":"default","site-sidebar-style":"default","ast-global-header-display":"","ast-banner-title-visibility":"","ast-main-header-display":"","ast-hfb-above-header-display":"","ast-hfb-below-header-display":"","ast-hfb-mobile-header-display":"","site-post-title":"","ast-breadcrumbs-content":"","ast-featured-img":"","footer-sml-layout":"","theme-transparent-header-meta":"","adv-header-id-meta":"","stick-header-meta":"","header-above-stick-meta":"","header-main-stick-meta":"","header-below-stick-meta":"","astra-migrate-meta-layouts":"default","ast-page-background-enabled":"default","ast-page-background-meta":{"desktop":{"background-color":"var(--ast-global-color-4)","background-image":"","background-repeat":"repeat","background-position":"center center","background-size":"auto","background-attachment":"scroll","background-type":"","background-media":"","overlay-type":"","overlay-color":"","overlay-opacity":"","overlay-gradient":""},"tablet":{"background-color":"","background-image":"","background-repeat":"repeat","background-position":"center center","background-size":"auto","background-attachment":"scroll","background-type":"","background-media":"","overlay-type":"","overlay-color":"","overlay-opacity":"","overlay-gradient":""},"mobile":{"background-color":"","background-image":"","background-repeat":"repeat","background-position":"center center","background-size":"auto","background-attachment":"scroll","background-type":"","background-media":"","overlay-type":"","overlay-color":"","overlay-opacity":"","overlay-gradient":""}},"ast-content-background-meta":{"desktop":{"background-color":"var(--ast-global-color-5)","background-image":"","background-repeat":"repeat","background-position":"center center","background-size":"auto","background-attachment":"scroll","background-type":"","background-media":"","overlay-type":"","overlay-color":"","overlay-opacity":"","overlay-gradient":""},"tablet":{"background-color":"var(--ast-global-color-5)","background-image":"","background-repeat":"repeat","background-position":"center center","background-size":"auto","background-attachment":"scroll","background-type":"","background-media":"","overlay-type":"","overlay-color":"","overlay-opacity":"","overlay-gradient":""},"mobile":{"background-color":"var(--ast-global-color-5)","background-image":"","background-repeat":"repeat","background-position":"center center","background-size":"auto","background-attachment":"scroll","background-type":"","background-media":"","overlay-type":"","overlay-color":"","overlay-opacity":"","overlay-gradient":""}},"footnotes":""},"categories":[8],"tags":[7257,7256,196],"class_list":["post-20163","post","type-post","status-publish","format-standard","has-post-thumbnail","hentry","category-noticias","tag-catholic-fact-checking","tag-infodemia","tag-papa-francisco"],"_links":{"self":[{"href":"https:\/\/losperiodistas.com.mx\/portal\/wp-json\/wp\/v2\/posts\/20163","targetHints":{"allow":["GET"]}}],"collection":[{"href":"https:\/\/losperiodistas.com.mx\/portal\/wp-json\/wp\/v2\/posts"}],"about":[{"href":"https:\/\/losperiodistas.com.mx\/portal\/wp-json\/wp\/v2\/types\/post"}],"author":[{"embeddable":true,"href":"https:\/\/losperiodistas.com.mx\/portal\/wp-json\/wp\/v2\/users\/1"}],"replies":[{"embeddable":true,"href":"https:\/\/losperiodistas.com.mx\/portal\/wp-json\/wp\/v2\/comments?post=20163"}],"version-history":[{"count":1,"href":"https:\/\/losperiodistas.com.mx\/portal\/wp-json\/wp\/v2\/posts\/20163\/revisions"}],"predecessor-version":[{"id":20166,"href":"https:\/\/losperiodistas.com.mx\/portal\/wp-json\/wp\/v2\/posts\/20163\/revisions\/20166"}],"wp:featuredmedia":[{"embeddable":true,"href":"https:\/\/losperiodistas.com.mx\/portal\/wp-json\/wp\/v2\/media\/20165"}],"wp:attachment":[{"href":"https:\/\/losperiodistas.com.mx\/portal\/wp-json\/wp\/v2\/media?parent=20163"}],"wp:term":[{"taxonomy":"category","embeddable":true,"href":"https:\/\/losperiodistas.com.mx\/portal\/wp-json\/wp\/v2\/categories?post=20163"},{"taxonomy":"post_tag","embeddable":true,"href":"https:\/\/losperiodistas.com.mx\/portal\/wp-json\/wp\/v2\/tags?post=20163"}],"curies":[{"name":"wp","href":"https:\/\/api.w.org\/{rel}","templated":true}]}}