{"id":20156,"date":"2022-01-28T07:47:26","date_gmt":"2022-01-28T13:47:26","guid":{"rendered":"http:\/\/losperiodistas.com.mx\/portal\/?p=20156"},"modified":"2022-01-28T07:47:27","modified_gmt":"2022-01-28T13:47:27","slug":"uno-de-los-cinco-ultimos-botticellis-en-manos-privadas-se-vende-por-40-millones-de-euros-el-pais","status":"publish","type":"post","link":"https:\/\/losperiodistas.com.mx\/portal\/uno-de-los-cinco-ultimos-botticellis-en-manos-privadas-se-vende-por-40-millones-de-euros-el-pais\/","title":{"rendered":"Uno de los cinco \u00faltimos \u2018botticellis\u2019 en manos privadas se vende por 40 millones de euros | El Pa\u00eds"},"content":{"rendered":"\n<p style=\"font-size:18px\"><em>Dos compradores batallan en Sotheby\u00b4s de Nueva York por \u2018Cristo, var\u00f3n de dolores\u2019 que oculta un boceto de una virgen con un ni\u00f1o bajo la pintura<\/em><\/p>\n\n\n\n<p><\/p>\n\n\n\n<figure class=\"wp-block-image size-large\"><img fetchpriority=\"high\" decoding=\"async\" width=\"1024\" height=\"623\" src=\"https:\/\/losperiodistas.com.mx\/portal\/wp-content\/uploads\/2022\/01\/OSVNFY7N5PZ3UK4EUHNF6OREWY-1024x623.jpeg\" alt=\"\" class=\"wp-image-20157\" srcset=\"https:\/\/losperiodistas.com.mx\/portal\/wp-content\/uploads\/2022\/01\/OSVNFY7N5PZ3UK4EUHNF6OREWY-1024x623.jpeg 1024w, https:\/\/losperiodistas.com.mx\/portal\/wp-content\/uploads\/2022\/01\/OSVNFY7N5PZ3UK4EUHNF6OREWY-300x183.jpeg 300w, https:\/\/losperiodistas.com.mx\/portal\/wp-content\/uploads\/2022\/01\/OSVNFY7N5PZ3UK4EUHNF6OREWY-768x467.jpeg 768w, https:\/\/losperiodistas.com.mx\/portal\/wp-content\/uploads\/2022\/01\/OSVNFY7N5PZ3UK4EUHNF6OREWY-1536x935.jpeg 1536w, https:\/\/losperiodistas.com.mx\/portal\/wp-content\/uploads\/2022\/01\/OSVNFY7N5PZ3UK4EUHNF6OREWY.jpeg 1960w\" sizes=\"(max-width: 1024px) 100vw, 1024px\" \/><figcaption>La obra de Sandro Botticelli &#8216;Cristo, var\u00f3n de dolores&#8217;, antes de ser subastado en la casa Sotherby&#8217;s en Nueva York.JUSTIN LANE (EFE)<\/figcaption><\/figure>\n\n\n\n<p><\/p>\n\n\n\n<p class=\"has-vivid-cyan-blue-color has-text-color has-medium-font-size\">EFE \/ Nueva York \/ EL PA\u00cdS<\/p>\n\n\n\n<p>Quedan pocos cuadros de\u00a0<a href=\"https:\/\/www.sothebys.com\/en\/articles\/sandro-botticellis-the-man-of-sorrows\" target=\"_blank\" rel=\"noreferrer noopener\">Sandro Botticelli en manos privadas en el mundo<\/a>. Seg\u00fan el c\u00e1lculo del director del departamento de Grandes Maestros de Sotheby\u2019s en Nueva York, Christopher Apostle, unos cinco. La cifra es aproximada y tal vez forme parte del juego de la especulaci\u00f3n que rodea siempre a una subasta de este tipo. Ha funcionado. El cuadro\u00a0<em>Cristo, var\u00f3n de dolores<\/em>, ha alcanzado este jueves los 45,4 millones de d\u00f3lares (unos 40,7 millones de euros) en una subasta de la ciudad estadounidense, en la que dos compradores, de los que se desconoce su identidad, batallaron por la pieza con constantes pujas.<\/p>\n\n\n\n<p>M\u00c1S INFORMACI\u00d3N: <a href=\"https:\/\/elpais.com\/cultura\/2021-01-28\/un-cuadro-de-botticelli-alcanza-los-76-millones-euros-en-una-subasta-en-nueva-york.html#?rel=mas_sumario\">Un cuadro de Botticelli alcanza los 76 millones de euros en una subasta en Nueva York<\/a><\/p>\n\n\n\n<p>El martillo son\u00f3 cuando la subasta alcanz\u00f3 los 39,3 millones de d\u00f3lares (m\u00e1s de 35 millones de euros), que al sumarle tasas e impuestos lleg\u00f3 a los 45,4 millones de d\u00f3lares, por encima de los 40 millones de d\u00f3lares (casi 36 millones de euros) que hab\u00edan estimado los expertos de Sotheby\u2019s.&nbsp;<a href=\"https:\/\/elpais.com\/cultura\/2021-01-28\/un-cuadro-de-botticelli-alcanza-los-76-millones-euros-en-una-subasta-en-nueva-york.html\" target=\"_blank\" rel=\"noreferrer noopener\">La cifra est\u00e1 lejos de los m\u00e1s de 82 millones de euros<\/a>&nbsp;que otra pieza del maestro renacentista consigui\u00f3 hace justo un a\u00f1o. A\u00fan as\u00ed se ha convertido en un evento en el mundo de las subastas. La tela fue pintada cuando el pintor ten\u00eda ya m\u00e1s de 50 a\u00f1os, con lo que se trata de una de sus obras m\u00e1s tard\u00edas, y se vendi\u00f3 por \u00faltima vez al mejor postor en 1963. En este caso escond\u00eda un secreto: un boceto de una virgen con un ni\u00f1o oculto bajo la pintura. \u201cEs un detalle emocionante sobre el artista, c\u00f3mo trabajaba y c\u00f3mo creaba sus pinturas\u201d, ha explicado a Efe Apostle.<\/p>\n\n\n\n<p>La pieza ha sido expuesta desde octubre en Londres, Dub\u00e1i, Los \u00c1ngeles y Hong Kong antes de su venta en Nueva York y, seg\u00fan Sotheby\u2019s, ha pertenecido a colecciones privadas desde el siglo XIX. \u201cEs una pintura metaf\u00edsica de una persona madura que est\u00e1 encarando su propia mortalidad, y es lo que hace que sea tan emotiva\u201d, agreg\u00f3 el experto de Sotheby\u2019s. En la imagen se representa a Cristo con una corona de espinas, rodeado de ataduras, con las manos cruzadas sobre el pecho y con un halo de \u00e1ngeles sobrevolando su cabeza, el cuadro tiene un estilo sobrio y austero, alejado de la inocencia de sus obras primeras, como el&nbsp;<em>Nacimiento de Venus<\/em>.<\/p>\n\n\n\n<p>En enero de 2021, el retrato\u00a0<em>Young Man Holding a Roundel\u00a0<\/em>(Hombre joven sujetando un medall\u00f3n), tard\u00f3 poco m\u00e1s de cuatro minutos en venderse en otra batalla entre varios compradores que pujaban por tel\u00e9fono a trav\u00e9s de representantes de la empresa presentes en las oficinas de Nueva York y de\u00a0<a href=\"http:\/\/londres.de\/\" target=\"_blank\" rel=\"noreferrer noopener\">Londres. Aquella pieza contaba con\u00a0<\/a>unos 540 a\u00f1os de antig\u00fcedad, y es solo uno de los tres creados por<a href=\"https:\/\/elpais.com\/noticias\/sandro-botticelli\/\">\u00a0Botticelli\u00a0<\/a>que permanecen en manos privadas, y pese a sus m\u00e1s de cinco siglos de vida, estaba en muy buenas condiciones.<\/p>\n\n\n\n<p>Fuente: https:\/\/elpais.com\/cultura\/2022-01-27\/uno-de-los-cinco-ultimos-botticellis-en-manos-privadas-se-vende-por-40-millones-de-euros.html<\/p>\n","protected":false},"excerpt":{"rendered":"<p>Dos compradores batallan en Sotheby\u00b4s de Nueva York por \u2018Cristo, var\u00f3n de dolores\u2019 que oculta un boceto de una virgen [&hellip;]<\/p>\n","protected":false},"author":1,"featured_media":20157,"comment_status":"open","ping_status":"open","sticky":false,"template":"","format":"standard","meta":{"site-sidebar-layout":"default","site-content-layout":"","ast-site-content-layout":"default","site-content-style":"default","site-sidebar-style":"default","ast-global-header-display":"","ast-banner-title-visibility":"","ast-main-header-display":"","ast-hfb-above-header-display":"","ast-hfb-below-header-display":"","ast-hfb-mobile-header-display":"","site-post-title":"","ast-breadcrumbs-content":"","ast-featured-img":"","footer-sml-layout":"","theme-transparent-header-meta":"","adv-header-id-meta":"","stick-header-meta":"","header-above-stick-meta":"","header-main-stick-meta":"","header-below-stick-meta":"","astra-migrate-meta-layouts":"default","ast-page-background-enabled":"default","ast-page-background-meta":{"desktop":{"background-color":"var(--ast-global-color-4)","background-image":"","background-repeat":"repeat","background-position":"center center","background-size":"auto","background-attachment":"scroll","background-type":"","background-media":"","overlay-type":"","overlay-color":"","overlay-opacity":"","overlay-gradient":""},"tablet":{"background-color":"","background-image":"","background-repeat":"repeat","background-position":"center center","background-size":"auto","background-attachment":"scroll","background-type":"","background-media":"","overlay-type":"","overlay-color":"","overlay-opacity":"","overlay-gradient":""},"mobile":{"background-color":"","background-image":"","background-repeat":"repeat","background-position":"center center","background-size":"auto","background-attachment":"scroll","background-type":"","background-media":"","overlay-type":"","overlay-color":"","overlay-opacity":"","overlay-gradient":""}},"ast-content-background-meta":{"desktop":{"background-color":"var(--ast-global-color-5)","background-image":"","background-repeat":"repeat","background-position":"center center","background-size":"auto","background-attachment":"scroll","background-type":"","background-media":"","overlay-type":"","overlay-color":"","overlay-opacity":"","overlay-gradient":""},"tablet":{"background-color":"var(--ast-global-color-5)","background-image":"","background-repeat":"repeat","background-position":"center center","background-size":"auto","background-attachment":"scroll","background-type":"","background-media":"","overlay-type":"","overlay-color":"","overlay-opacity":"","overlay-gradient":""},"mobile":{"background-color":"var(--ast-global-color-5)","background-image":"","background-repeat":"repeat","background-position":"center center","background-size":"auto","background-attachment":"scroll","background-type":"","background-media":"","overlay-type":"","overlay-color":"","overlay-opacity":"","overlay-gradient":""}},"footnotes":""},"categories":[8],"tags":[7253,7252],"class_list":["post-20156","post","type-post","status-publish","format-standard","has-post-thumbnail","hentry","category-noticias","tag-christopher-apostle","tag-sandro-botticelli"],"_links":{"self":[{"href":"https:\/\/losperiodistas.com.mx\/portal\/wp-json\/wp\/v2\/posts\/20156","targetHints":{"allow":["GET"]}}],"collection":[{"href":"https:\/\/losperiodistas.com.mx\/portal\/wp-json\/wp\/v2\/posts"}],"about":[{"href":"https:\/\/losperiodistas.com.mx\/portal\/wp-json\/wp\/v2\/types\/post"}],"author":[{"embeddable":true,"href":"https:\/\/losperiodistas.com.mx\/portal\/wp-json\/wp\/v2\/users\/1"}],"replies":[{"embeddable":true,"href":"https:\/\/losperiodistas.com.mx\/portal\/wp-json\/wp\/v2\/comments?post=20156"}],"version-history":[{"count":1,"href":"https:\/\/losperiodistas.com.mx\/portal\/wp-json\/wp\/v2\/posts\/20156\/revisions"}],"predecessor-version":[{"id":20158,"href":"https:\/\/losperiodistas.com.mx\/portal\/wp-json\/wp\/v2\/posts\/20156\/revisions\/20158"}],"wp:featuredmedia":[{"embeddable":true,"href":"https:\/\/losperiodistas.com.mx\/portal\/wp-json\/wp\/v2\/media\/20157"}],"wp:attachment":[{"href":"https:\/\/losperiodistas.com.mx\/portal\/wp-json\/wp\/v2\/media?parent=20156"}],"wp:term":[{"taxonomy":"category","embeddable":true,"href":"https:\/\/losperiodistas.com.mx\/portal\/wp-json\/wp\/v2\/categories?post=20156"},{"taxonomy":"post_tag","embeddable":true,"href":"https:\/\/losperiodistas.com.mx\/portal\/wp-json\/wp\/v2\/tags?post=20156"}],"curies":[{"name":"wp","href":"https:\/\/api.w.org\/{rel}","templated":true}]}}