{"id":20153,"date":"2022-01-28T07:20:13","date_gmt":"2022-01-28T13:20:13","guid":{"rendered":"http:\/\/losperiodistas.com.mx\/portal\/?p=20153"},"modified":"2022-01-28T07:20:15","modified_gmt":"2022-01-28T13:20:15","slug":"disuelven-comision-especial-sobre-veracruz-habia-diferencias-en-morena-dice-monreal-proceso","status":"publish","type":"post","link":"https:\/\/losperiodistas.com.mx\/portal\/disuelven-comision-especial-sobre-veracruz-habia-diferencias-en-morena-dice-monreal-proceso\/","title":{"rendered":"Disuelven comisi\u00f3n especial sobre Veracruz; hab\u00eda diferencias en Morena, dice Monreal | Proceso"},"content":{"rendered":"\n<p style=\"font-size:18px\"><em>Ricardo Monreal rechaz\u00f3 que signifique una derrota, pues asegur\u00f3 que en lo individual seguir\u00e1 luchando por los derechos de las v\u00edctimas<\/em><\/p>\n\n\n\n<p><\/p>\n\n\n\n<figure class=\"wp-block-image size-large\"><img fetchpriority=\"high\" decoding=\"async\" width=\"800\" height=\"450\" src=\"https:\/\/losperiodistas.com.mx\/portal\/wp-content\/uploads\/2022\/01\/f800x450-148381_199827_5054.jpeg\" alt=\"\" class=\"wp-image-20154\" srcset=\"https:\/\/losperiodistas.com.mx\/portal\/wp-content\/uploads\/2022\/01\/f800x450-148381_199827_5054.jpeg 800w, https:\/\/losperiodistas.com.mx\/portal\/wp-content\/uploads\/2022\/01\/f800x450-148381_199827_5054-300x169.jpeg 300w, https:\/\/losperiodistas.com.mx\/portal\/wp-content\/uploads\/2022\/01\/f800x450-148381_199827_5054-768x432.jpeg 768w\" sizes=\"(max-width: 800px) 100vw, 800px\" \/><figcaption>Ricardo Monreal. Foto: Octavio G\u00f3mez<\/figcaption><\/figure>\n\n\n\n<p><\/p>\n\n\n\n<p class=\"has-vivid-cyan-blue-color has-text-color has-medium-font-size\">REDACCI\u00d3N PROCESO<\/p>\n\n\n\n<p>CIUDAD DE M\u00c9XICO (apro).- La comisi\u00f3n especial para el caso de abusos y violaciones en Veracruz desapareci\u00f3 luego de que la Junta de Coordinaci\u00f3n Pol\u00edtica&nbsp;(Jucopo) en el Senado acord\u00f3 su conclusi\u00f3n.<\/p>\n\n\n\n<p>Dicha decisi\u00f3n fue para desactivar el conflicto al interior del Grupo Parlamentario de Morena, luego de que la mitad de sus integrantes la calificaran de ilegal.<\/p>\n\n\n\n<h5 class=\"wp-block-heading\">NOTICIAS RELACIONADAS<\/h5>\n\n\n\n<ul class=\"wp-block-list\"><li><a href=\"https:\/\/www.proceso.com.mx\/nacional\/politica\/2022\/1\/26\/dante-delgado-renuncia-la-presidencia-de-la-comision-especial-para-veracruz-279826.html\">Dante Delgado renuncia a la presidencia de la comisi\u00f3n especial para Veracruz<\/a><\/li><li><a href=\"https:\/\/www.proceso.com.mx\/reportajes\/2022\/1\/23\/veracruz-un-polemico-secretario-de-gobierno-en-medio-de-una-guerra-de-sangre-279624.html\">Veracruz: Un pol\u00e9mico secretario de Gobierno en medio de una guerra de sangre<\/a><\/li><li><a href=\"https:\/\/www.proceso.com.mx\/reportajes\/2022\/1\/3\/caso-del-rio-monreal-vs-cuitlahuac-el-tablero-de-la-guerra-278497.html\">Caso Del R\u00edo: Monreal vs. Cuitl\u00e1huac, el tablero de la guerra<\/a><\/li><\/ul>\n\n\n\n<p>El presidente de la Jucopo, Ricardo Monreal, se\u00f1al\u00f3 que los casos documentados por la Comisi\u00f3n Especial, ser\u00e1n turnados a la Comisi\u00f3n Nacional de los Derechos Humanos (CNDH) y a la Comisi\u00f3n de Gobernaci\u00f3n del Senado.<\/p>\n\n\n\n<p>No obstante,\u00a0rechaz\u00f3 que signifique una derrota, pues asegur\u00f3 que en lo individual seguir\u00e1 luchando por los derechos de las v\u00edctimas, pero reconoci\u00f3 que era necesario atender los reclamos de sus compa\u00f1eros de bancada, a quienes respeta.\u00a0<\/p>\n\n\n\n<p>\u00abComo coordinador no debo de involucrar a todo el grupo, porque debo de reconocer que dentro del grupo hay diferencias\u00bb, se\u00f1al\u00f3 al salir de la reuni\u00f3n privada con el resto de los coordinadores parlamentarios.<\/p>\n\n\n\n<p>Fuente: https:\/\/www.proceso.com.mx\/nacional\/2022\/1\/27\/disuelven-comision-especial-sobre-veracruz-habia-diferencias-en-morena-dice-monreal-279920.html<\/p>\n","protected":false},"excerpt":{"rendered":"<p>Ricardo Monreal rechaz\u00f3 que signifique una derrota, pues asegur\u00f3 que en lo individual seguir\u00e1 luchando por los derechos de las [&hellip;]<\/p>\n","protected":false},"author":1,"featured_media":20154,"comment_status":"open","ping_status":"open","sticky":false,"template":"","format":"standard","meta":{"site-sidebar-layout":"default","site-content-layout":"","ast-site-content-layout":"default","site-content-style":"default","site-sidebar-style":"default","ast-global-header-display":"","ast-banner-title-visibility":"","ast-main-header-display":"","ast-hfb-above-header-display":"","ast-hfb-below-header-display":"","ast-hfb-mobile-header-display":"","site-post-title":"","ast-breadcrumbs-content":"","ast-featured-img":"","footer-sml-layout":"","theme-transparent-header-meta":"","adv-header-id-meta":"","stick-header-meta":"","header-above-stick-meta":"","header-main-stick-meta":"","header-below-stick-meta":"","astra-migrate-meta-layouts":"default","ast-page-background-enabled":"default","ast-page-background-meta":{"desktop":{"background-color":"var(--ast-global-color-4)","background-image":"","background-repeat":"repeat","background-position":"center center","background-size":"auto","background-attachment":"scroll","background-type":"","background-media":"","overlay-type":"","overlay-color":"","overlay-opacity":"","overlay-gradient":""},"tablet":{"background-color":"","background-image":"","background-repeat":"repeat","background-position":"center center","background-size":"auto","background-attachment":"scroll","background-type":"","background-media":"","overlay-type":"","overlay-color":"","overlay-opacity":"","overlay-gradient":""},"mobile":{"background-color":"","background-image":"","background-repeat":"repeat","background-position":"center center","background-size":"auto","background-attachment":"scroll","background-type":"","background-media":"","overlay-type":"","overlay-color":"","overlay-opacity":"","overlay-gradient":""}},"ast-content-background-meta":{"desktop":{"background-color":"var(--ast-global-color-5)","background-image":"","background-repeat":"repeat","background-position":"center center","background-size":"auto","background-attachment":"scroll","background-type":"","background-media":"","overlay-type":"","overlay-color":"","overlay-opacity":"","overlay-gradient":""},"tablet":{"background-color":"var(--ast-global-color-5)","background-image":"","background-repeat":"repeat","background-position":"center center","background-size":"auto","background-attachment":"scroll","background-type":"","background-media":"","overlay-type":"","overlay-color":"","overlay-opacity":"","overlay-gradient":""},"mobile":{"background-color":"var(--ast-global-color-5)","background-image":"","background-repeat":"repeat","background-position":"center center","background-size":"auto","background-attachment":"scroll","background-type":"","background-media":"","overlay-type":"","overlay-color":"","overlay-opacity":"","overlay-gradient":""}},"footnotes":""},"categories":[8],"tags":[3656,4700,4027],"class_list":["post-20153","post","type-post","status-publish","format-standard","has-post-thumbnail","hentry","category-noticias","tag-jucopo","tag-ricardo-monreal-avila","tag-veracruz"],"_links":{"self":[{"href":"https:\/\/losperiodistas.com.mx\/portal\/wp-json\/wp\/v2\/posts\/20153","targetHints":{"allow":["GET"]}}],"collection":[{"href":"https:\/\/losperiodistas.com.mx\/portal\/wp-json\/wp\/v2\/posts"}],"about":[{"href":"https:\/\/losperiodistas.com.mx\/portal\/wp-json\/wp\/v2\/types\/post"}],"author":[{"embeddable":true,"href":"https:\/\/losperiodistas.com.mx\/portal\/wp-json\/wp\/v2\/users\/1"}],"replies":[{"embeddable":true,"href":"https:\/\/losperiodistas.com.mx\/portal\/wp-json\/wp\/v2\/comments?post=20153"}],"version-history":[{"count":1,"href":"https:\/\/losperiodistas.com.mx\/portal\/wp-json\/wp\/v2\/posts\/20153\/revisions"}],"predecessor-version":[{"id":20155,"href":"https:\/\/losperiodistas.com.mx\/portal\/wp-json\/wp\/v2\/posts\/20153\/revisions\/20155"}],"wp:featuredmedia":[{"embeddable":true,"href":"https:\/\/losperiodistas.com.mx\/portal\/wp-json\/wp\/v2\/media\/20154"}],"wp:attachment":[{"href":"https:\/\/losperiodistas.com.mx\/portal\/wp-json\/wp\/v2\/media?parent=20153"}],"wp:term":[{"taxonomy":"category","embeddable":true,"href":"https:\/\/losperiodistas.com.mx\/portal\/wp-json\/wp\/v2\/categories?post=20153"},{"taxonomy":"post_tag","embeddable":true,"href":"https:\/\/losperiodistas.com.mx\/portal\/wp-json\/wp\/v2\/tags?post=20153"}],"curies":[{"name":"wp","href":"https:\/\/api.w.org\/{rel}","templated":true}]}}