{"id":20150,"date":"2022-01-28T07:13:09","date_gmt":"2022-01-28T13:13:09","guid":{"rendered":"http:\/\/losperiodistas.com.mx\/portal\/?p=20150"},"modified":"2022-01-28T07:13:11","modified_gmt":"2022-01-28T13:13:11","slug":"subastan-el-enigma-un-diamante-negro-de-55555-quilates-al-que-los-cientificos-atribuyen-un-posible-origen-interestelar-rt","status":"publish","type":"post","link":"https:\/\/losperiodistas.com.mx\/portal\/subastan-el-enigma-un-diamante-negro-de-55555-quilates-al-que-los-cientificos-atribuyen-un-posible-origen-interestelar-rt\/","title":{"rendered":"Subastan &#8216;El Enigma&#8217;, un diamante negro de 555,55 quilates al que los cient\u00edficos atribuyen un posible origen interestelar | RT"},"content":{"rendered":"\n<p style=\"font-size:18px\"><em>La piedra preciosa bati\u00f3 un r\u00e9cord mundial de tama\u00f1o. Se espera que se venda por hasta 7 millones de d\u00f3lares<\/em><\/p>\n\n\n\n<p><\/p>\n\n\n\n<figure class=\"wp-block-image size-large\"><img fetchpriority=\"high\" decoding=\"async\" width=\"1024\" height=\"577\" src=\"https:\/\/losperiodistas.com.mx\/portal\/wp-content\/uploads\/2022\/01\/61f3d92fe9ff7112f736ff33-1024x577.jpeg\" alt=\"\" class=\"wp-image-20151\" srcset=\"https:\/\/losperiodistas.com.mx\/portal\/wp-content\/uploads\/2022\/01\/61f3d92fe9ff7112f736ff33-1024x577.jpeg 1024w, https:\/\/losperiodistas.com.mx\/portal\/wp-content\/uploads\/2022\/01\/61f3d92fe9ff7112f736ff33-300x169.jpeg 300w, https:\/\/losperiodistas.com.mx\/portal\/wp-content\/uploads\/2022\/01\/61f3d92fe9ff7112f736ff33-768x433.jpeg 768w, https:\/\/losperiodistas.com.mx\/portal\/wp-content\/uploads\/2022\/01\/61f3d92fe9ff7112f736ff33.jpeg 1104w\" sizes=\"(max-width: 1024px) 100vw, 1024px\" \/><figcaption>&#8216;El Enigma&#8217; es el diamante negro m\u00e1s grande que jam\u00e1s se haya subastado. Sthanlee B. Mirador \/ Sipa USA\u00a0\/ Legion-Media<\/figcaption><\/figure>\n\n\n\n<p class=\"has-vivid-cyan-blue-color has-text-color has-medium-font-size\">RT<\/p>\n\n\n\n<p>La casa brit\u00e1nica de subastas Sotheby&#8217;s&nbsp;<a href=\"https:\/\/www.sothebys.com\/en\/buy\/auction\/2022\/the-enigma-555-55-carat-fancy-black-diamond\/the-enigma-a-555-55-carat-fancy-black-diamond\" target=\"_blank\" rel=\"noreferrer noopener\">anunci\u00f3<\/a>&nbsp;la pr\u00f3xima venta de un diamante negro con&nbsp;<strong>55 facetas<\/strong>&nbsp;y un peso de&nbsp;<strong>555,55 quilates<\/strong>, lo cual lo convierte en el m\u00e1s grande de este tipo que jam\u00e1s se haya subastado.<\/p>\n\n\n\n<p>La piedra preciosa es conocida como &#8216;El Enigma&#8217; y en 2006 bati\u00f3 la plusmarca del diamante cortado m\u00e1s grande del mundo del Libro Guinness de los R\u00e9cords.<\/p>\n\n\n\n<p>Este tipo de diamantes pertenecen a un grupo conocido como carbonado, la variedad de diamante&nbsp;<strong>m\u00e1s resistente del planeta<\/strong>, y que se encuentra exclusivamente en sedimentos aluviales en la Rep\u00fablica Centroafricana y Brasil.<\/p>\n\n\n\n<figure class=\"wp-block-image\"><img decoding=\"async\" src=\"https:\/\/cdni.rt.com\/actualidad\/public_images\/2022.01\/thumbnail\/61ee0c8c59bf5b76d835dc5d.jpg\" alt=\"Ponen en subasta un Porsche 911 Turbo S que podr\u00eda tener &quot;el mayor kilometraje del mundo&quot;\"\/><\/figure>\n\n\n\n<p><a href=\"https:\/\/actualidad.rt.com\/actualidad\/417777-subasta-porsche-911-turbo-mayor-kilometraje\">Ponen en subasta un Porsche 911 Turbo S que podr\u00eda tener \u00abel mayor kilometraje del mundo\u00bb<\/a><\/p>\n\n\n\n<p>La mayor parte de los diamantes negros descubiertos hasta ahora se han formado hace entre&nbsp;<strong>2.600 y 3.200 millones de a\u00f1os<\/strong>&nbsp;e incluso algunos cient\u00edficos proponen que provienen de un asteroide que lleg\u00f3 a nuestro planeta desde el&nbsp;<strong>espacio interestelar<\/strong>.<\/p>\n\n\n\n<p>La subasta aceptar\u00e1 ofertas entre el 3 y el 9 de febrero, y se espera que se venda por entre\u00a0<strong>4 y 7 millones de d\u00f3lares<\/strong>,\u00a0<a href=\"https:\/\/www.reuters.com\/lifestyle\/mystery-black-diamond-called-the-enigma-goes-up-auction-2022-01-27\/\" target=\"_blank\" rel=\"noreferrer noopener\">detalla<\/a>\u00a0Reuters.<\/p>\n\n\n\n<p>Fuente: https:\/\/actualidad.rt.com\/actualidad\/418273-subastar-diamante-negro-55555-quilates-origen-interestelar<\/p>\n","protected":false},"excerpt":{"rendered":"<p>La piedra preciosa bati\u00f3 un r\u00e9cord mundial de tama\u00f1o. Se espera que se venda por hasta 7 millones de d\u00f3lares [&hellip;]<\/p>\n","protected":false},"author":1,"featured_media":20151,"comment_status":"open","ping_status":"open","sticky":false,"template":"","format":"standard","meta":{"site-sidebar-layout":"default","site-content-layout":"","ast-site-content-layout":"default","site-content-style":"default","site-sidebar-style":"default","ast-global-header-display":"","ast-banner-title-visibility":"","ast-main-header-display":"","ast-hfb-above-header-display":"","ast-hfb-below-header-display":"","ast-hfb-mobile-header-display":"","site-post-title":"","ast-breadcrumbs-content":"","ast-featured-img":"","footer-sml-layout":"","theme-transparent-header-meta":"","adv-header-id-meta":"","stick-header-meta":"","header-above-stick-meta":"","header-main-stick-meta":"","header-below-stick-meta":"","astra-migrate-meta-layouts":"default","ast-page-background-enabled":"default","ast-page-background-meta":{"desktop":{"background-color":"var(--ast-global-color-4)","background-image":"","background-repeat":"repeat","background-position":"center center","background-size":"auto","background-attachment":"scroll","background-type":"","background-media":"","overlay-type":"","overlay-color":"","overlay-opacity":"","overlay-gradient":""},"tablet":{"background-color":"","background-image":"","background-repeat":"repeat","background-position":"center center","background-size":"auto","background-attachment":"scroll","background-type":"","background-media":"","overlay-type":"","overlay-color":"","overlay-opacity":"","overlay-gradient":""},"mobile":{"background-color":"","background-image":"","background-repeat":"repeat","background-position":"center center","background-size":"auto","background-attachment":"scroll","background-type":"","background-media":"","overlay-type":"","overlay-color":"","overlay-opacity":"","overlay-gradient":""}},"ast-content-background-meta":{"desktop":{"background-color":"var(--ast-global-color-5)","background-image":"","background-repeat":"repeat","background-position":"center center","background-size":"auto","background-attachment":"scroll","background-type":"","background-media":"","overlay-type":"","overlay-color":"","overlay-opacity":"","overlay-gradient":""},"tablet":{"background-color":"var(--ast-global-color-5)","background-image":"","background-repeat":"repeat","background-position":"center center","background-size":"auto","background-attachment":"scroll","background-type":"","background-media":"","overlay-type":"","overlay-color":"","overlay-opacity":"","overlay-gradient":""},"mobile":{"background-color":"var(--ast-global-color-5)","background-image":"","background-repeat":"repeat","background-position":"center center","background-size":"auto","background-attachment":"scroll","background-type":"","background-media":"","overlay-type":"","overlay-color":"","overlay-opacity":"","overlay-gradient":""}},"footnotes":""},"categories":[1],"tags":[7249,7251,7250],"class_list":["post-20150","post","type-post","status-publish","format-standard","has-post-thumbnail","hentry","category-sin-categoria","tag-diamante-negro","tag-el-enigma","tag-sothebys"],"_links":{"self":[{"href":"https:\/\/losperiodistas.com.mx\/portal\/wp-json\/wp\/v2\/posts\/20150","targetHints":{"allow":["GET"]}}],"collection":[{"href":"https:\/\/losperiodistas.com.mx\/portal\/wp-json\/wp\/v2\/posts"}],"about":[{"href":"https:\/\/losperiodistas.com.mx\/portal\/wp-json\/wp\/v2\/types\/post"}],"author":[{"embeddable":true,"href":"https:\/\/losperiodistas.com.mx\/portal\/wp-json\/wp\/v2\/users\/1"}],"replies":[{"embeddable":true,"href":"https:\/\/losperiodistas.com.mx\/portal\/wp-json\/wp\/v2\/comments?post=20150"}],"version-history":[{"count":1,"href":"https:\/\/losperiodistas.com.mx\/portal\/wp-json\/wp\/v2\/posts\/20150\/revisions"}],"predecessor-version":[{"id":20152,"href":"https:\/\/losperiodistas.com.mx\/portal\/wp-json\/wp\/v2\/posts\/20150\/revisions\/20152"}],"wp:featuredmedia":[{"embeddable":true,"href":"https:\/\/losperiodistas.com.mx\/portal\/wp-json\/wp\/v2\/media\/20151"}],"wp:attachment":[{"href":"https:\/\/losperiodistas.com.mx\/portal\/wp-json\/wp\/v2\/media?parent=20150"}],"wp:term":[{"taxonomy":"category","embeddable":true,"href":"https:\/\/losperiodistas.com.mx\/portal\/wp-json\/wp\/v2\/categories?post=20150"},{"taxonomy":"post_tag","embeddable":true,"href":"https:\/\/losperiodistas.com.mx\/portal\/wp-json\/wp\/v2\/tags?post=20150"}],"curies":[{"name":"wp","href":"https:\/\/api.w.org\/{rel}","templated":true}]}}