{"id":20147,"date":"2022-01-28T07:08:14","date_gmt":"2022-01-28T13:08:14","guid":{"rendered":"http:\/\/losperiodistas.com.mx\/portal\/?p=20147"},"modified":"2022-01-28T07:08:15","modified_gmt":"2022-01-28T13:08:15","slug":"efemerides-del-28-de-enero-que-paso-un-dia-como-hoy-adn-40","status":"publish","type":"post","link":"https:\/\/losperiodistas.com.mx\/portal\/efemerides-del-28-de-enero-que-paso-un-dia-como-hoy-adn-40\/","title":{"rendered":"Efem\u00e9rides del 28 de enero: Qu\u00e9 pas\u00f3 un d\u00eda como hoy | ADN 40"},"content":{"rendered":"\n<p style=\"font-size:18px\"><em>\u00bfSabes qu\u00e9 pas\u00f3 un d\u00eda como hoy? El 28 de enero se celebra el \u2018D\u00eda Mundial de la Acci\u00f3n Frente al Calentamiento Terrestre\u2019. Conoce las efem\u00e9rides de este d\u00eda.<\/em><\/p>\n\n\n\n<p><\/p>\n\n\n\n<figure class=\"wp-block-image size-large\"><img fetchpriority=\"high\" decoding=\"async\" width=\"968\" height=\"545\" src=\"https:\/\/losperiodistas.com.mx\/portal\/wp-content\/uploads\/2022\/01\/efem-enero-28.jpeg\" alt=\"\" class=\"wp-image-20148\" srcset=\"https:\/\/losperiodistas.com.mx\/portal\/wp-content\/uploads\/2022\/01\/efem-enero-28.jpeg 968w, https:\/\/losperiodistas.com.mx\/portal\/wp-content\/uploads\/2022\/01\/efem-enero-28-300x169.jpeg 300w, https:\/\/losperiodistas.com.mx\/portal\/wp-content\/uploads\/2022\/01\/efem-enero-28-768x432.jpeg 768w\" sizes=\"(max-width: 968px) 100vw, 968px\" \/><\/figure>\n\n\n\n<p class=\"has-vivid-cyan-blue-color has-text-color has-medium-font-size\">ADN 40<\/p>\n\n\n\n<h2 class=\"wp-block-heading\">Qu\u00e9 se conmemora cada 28 de enero<\/h2>\n\n\n\n<h2 class=\"wp-block-heading\">D\u00eda Mundial de la Acci\u00f3n Frente al Calentamiento Terrestre<\/h2>\n\n\n\n<p>Cada&nbsp;<strong>28 de enero<\/strong>, se celebra el \u2018D\u00eda Mundial de la Acci\u00f3n Frente al Calentamiento Terrestre\u2019, tambi\u00e9n llamado \u2018D\u00eda Mundial por la Reducci\u00f3n de las Emisiones de CO2&#8242;.<\/p>\n\n\n\n<p>El objetivo de este d\u00eda es fomentar, investigar y concretar acciones para disminuir las emisiones de gases contaminantes. Estos son los principales enemigos de la Tierra, ya que permiten que se genere el efecto invernadero, y que la temperatura del planeta aumente.PUBLICIDAD<\/p>\n\n\n\n<h2 class=\"wp-block-heading\">Efem\u00e9rides del 28 de enero de 2022<\/h2>\n\n\n\n<p>1754: En Inglaterra, el pol\u00edtico y escritor Horace Walpole crea la palabra serendipia en una carta al escritor Horace Mann.<\/p>\n\n\n\n<p>1813: En Inglaterra se publica<em>&nbsp;Orgullo y prejuicio<\/em>.<\/p>\n\n\n\n<p>1820: Una expedici\u00f3n rusa, dirigida por Fabian Gottlieb von Bellingshausen y Mijail Petrovich Lazarev descubre el continente ant\u00e1rtico y se aproxima a sus costas.<\/p>\n\n\n\n<p>1873: En M\u00e9xico, el general Ram\u00f3n Corona derrota en el rancho La Mojonera, Jalisco, a Manuel Lozada, \u201cEl Tigre de \u00c1lica\u201d, cuando este se dispon\u00eda a invadir la ciudad de Guadalajara.<\/p>\n\n\n\n<p>1875: Nace en Ahualulco, San Luis Potos\u00ed, Juli\u00e1n Carrillo Trujillo, violinista, compositor, director de orquesta y cient\u00edfico.<\/p>\n\n\n\n<figure class=\"wp-block-image\"><img decoding=\"async\" src=\"https:\/\/tvazteca.brightspotcdn.com\/dims4\/default\/86c5212\/2147483647\/strip\/true\/crop\/1200x675+0+0\/resize\/968x545!\/format\/jpg\/quality\/80\/?url=https%3A%2F%2Ftvazteca.brightspotcdn.com%2F69%2Fc7%2F1c3a54c64453a57068369924dc02%2Fefemerides-28-de-enero-a.jpg\" alt=\"efem\u00e9rides 28 de enero A.jpg\"\/><\/figure>\n\n\n\n<p>1887: En Par\u00eds se pone la primera piedra de la Torre Eiffel.<\/p>\n\n\n\n<p>1887: En Fort Keogh (Montana), en una tormenta de nieve se forman los copos de nieve m\u00e1s grandes del mundo, de 40 \u00d7 20 cm.<\/p>\n\n\n\n<p>1896: En East Peckham (condado de Kent, Inglaterra), Walter Arnold se convierte en la primera persona multada por exceso de velocidad (13 km\/h). En esa \u00e9poca, el l\u00edmite de velocidad era de 3,2 km\/h; el paso de peat\u00f3n es de 4 km\/h.<\/p>\n\n\n\n<p>1909: En Cuba, los \u00faltimos soldados estadounidenses invasores abandonan la isla, despu\u00e9s de estar all\u00ed desde la Guerra hispano-cubano-estadounidense de 1898; no obstante, retienen la base naval de Guant\u00e1namo, que se mantiene invadida.<\/p>\n\n\n\n<p>1915: El general \u00c1lvaro Obreg\u00f3n, luego de derrotar en Puebla a las fuerzas zapatistas ocupa la Ciudad de M\u00e9xico.<\/p>\n\n\n\n<p>1918: Se funda el Ej\u00e9rcito rojo de la Uni\u00f3n Sovi\u00e9tica de Trotski.<\/p>\n\n\n\n<p>1932: En China, el ej\u00e9rcito japon\u00e9s comienza la ocupaci\u00f3n de la ciudad de Shangh\u00e1i.<\/p>\n\n\n\n<p>1934: Muere en la Ciudad de M\u00e9xico, el distinguido colimense, Gregorio Torres Quintero, educador, escritor e historiador.<\/p>\n\n\n\n<p>1935: Islandia es el primer pa\u00eds en legalizar el&nbsp;<a href=\"https:\/\/www.adn40.mx\/internacional\/aborto-paises-despenalizacion-mva-especial\" target=\"_blank\" rel=\"noreferrer noopener\">aborto&nbsp;<\/a>.<\/p>\n\n\n\n<p>1946: En Santiago de Chile, el Gobierno chileno perpetra la&nbsp;<em>masacre de la Plaza Bulnes<\/em>&nbsp;que dej\u00f3 a varias personas heridas y seis personas muertas, entre ellas Ramona Parra.<\/p>\n\n\n\n<p>1958: En Dinamarca se crea el popular juego LEGO.<\/p>\n\n\n\n<figure class=\"wp-block-image\"><img decoding=\"async\" src=\"https:\/\/tvazteca.brightspotcdn.com\/dims4\/default\/5e64c01\/2147483647\/strip\/true\/crop\/3555x2879+0+0\/resize\/968x784!\/format\/jpg\/quality\/80\/?url=https%3A%2F%2Ftvazteca.brightspotcdn.com%2Fb1%2Ffb%2F7ee9922140a7b223230bd4a751bc%2Fefemerides-28-de-enero.jpg\" alt=\"efem\u00e9rides 28 de enero.jpg\"\/><\/figure>\n\n\n\n<p>1986: En cabo Ca\u00f1averal (estado de Florida), el transbordador espacial&nbsp;<em>Challenger<\/em>&nbsp;explota poco despu\u00e9s de su despegue. Mueren sus siete&nbsp;<a href=\"https:\/\/www.adn40.mx\/noticia\/cultura\/notas\/2018-01-06-14-27\/muere-el-astronauta-john-young-quien-viajo-dos-veces-a-la-luna\" target=\"_blank\" rel=\"noreferrer noopener\">astronautas&nbsp;<\/a>.<\/p>\n\n\n\n<p>2012: En el distrito de San Juan de Lurigancho, en Lima (Per\u00fa), un incendio en un centro de rehabilitaci\u00f3n llamado&nbsp;<em>Dios es Amor<\/em>&nbsp;(el cual estaba sin licencia), deja 27 internos muertos y 12 heridos.<\/p>\n\n\n\n<p>2013: En Santa Mar\u00eda, R\u00edo Grande del Sur, Brasil, un incendio en la discoteca\u00a0<em>Kiss<\/em>\u00a0deja 231 muertos y 116 heridos.<\/p>\n\n\n\n<p>Fuente: https:\/\/www.adn40.mx\/mexico\/efemerides-28-de-enero-gm-especial<\/p>\n","protected":false},"excerpt":{"rendered":"<p>\u00bfSabes qu\u00e9 pas\u00f3 un d\u00eda como hoy? El 28 de enero se celebra el \u2018D\u00eda Mundial de la Acci\u00f3n Frente [&hellip;]<\/p>\n","protected":false},"author":1,"featured_media":20148,"comment_status":"open","ping_status":"open","sticky":false,"template":"","format":"standard","meta":{"site-sidebar-layout":"default","site-content-layout":"","ast-site-content-layout":"default","site-content-style":"default","site-sidebar-style":"default","ast-global-header-display":"","ast-banner-title-visibility":"","ast-main-header-display":"","ast-hfb-above-header-display":"","ast-hfb-below-header-display":"","ast-hfb-mobile-header-display":"","site-post-title":"","ast-breadcrumbs-content":"","ast-featured-img":"","footer-sml-layout":"","theme-transparent-header-meta":"","adv-header-id-meta":"","stick-header-meta":"","header-above-stick-meta":"","header-main-stick-meta":"","header-below-stick-meta":"","astra-migrate-meta-layouts":"default","ast-page-background-enabled":"default","ast-page-background-meta":{"desktop":{"background-color":"var(--ast-global-color-4)","background-image":"","background-repeat":"repeat","background-position":"center center","background-size":"auto","background-attachment":"scroll","background-type":"","background-media":"","overlay-type":"","overlay-color":"","overlay-opacity":"","overlay-gradient":""},"tablet":{"background-color":"","background-image":"","background-repeat":"repeat","background-position":"center center","background-size":"auto","background-attachment":"scroll","background-type":"","background-media":"","overlay-type":"","overlay-color":"","overlay-opacity":"","overlay-gradient":""},"mobile":{"background-color":"","background-image":"","background-repeat":"repeat","background-position":"center center","background-size":"auto","background-attachment":"scroll","background-type":"","background-media":"","overlay-type":"","overlay-color":"","overlay-opacity":"","overlay-gradient":""}},"ast-content-background-meta":{"desktop":{"background-color":"var(--ast-global-color-5)","background-image":"","background-repeat":"repeat","background-position":"center center","background-size":"auto","background-attachment":"scroll","background-type":"","background-media":"","overlay-type":"","overlay-color":"","overlay-opacity":"","overlay-gradient":""},"tablet":{"background-color":"var(--ast-global-color-5)","background-image":"","background-repeat":"repeat","background-position":"center center","background-size":"auto","background-attachment":"scroll","background-type":"","background-media":"","overlay-type":"","overlay-color":"","overlay-opacity":"","overlay-gradient":""},"mobile":{"background-color":"var(--ast-global-color-5)","background-image":"","background-repeat":"repeat","background-position":"center center","background-size":"auto","background-attachment":"scroll","background-type":"","background-media":"","overlay-type":"","overlay-color":"","overlay-opacity":"","overlay-gradient":""}},"footnotes":""},"categories":[8],"tags":[7247,7248,7245,7246,81],"class_list":["post-20147","post","type-post","status-publish","format-standard","has-post-thumbnail","hentry","category-noticias","tag-antartida","tag-calentamiento-terrestre","tag-discoteca-kiss","tag-lego","tag-torre-eiffel"],"_links":{"self":[{"href":"https:\/\/losperiodistas.com.mx\/portal\/wp-json\/wp\/v2\/posts\/20147","targetHints":{"allow":["GET"]}}],"collection":[{"href":"https:\/\/losperiodistas.com.mx\/portal\/wp-json\/wp\/v2\/posts"}],"about":[{"href":"https:\/\/losperiodistas.com.mx\/portal\/wp-json\/wp\/v2\/types\/post"}],"author":[{"embeddable":true,"href":"https:\/\/losperiodistas.com.mx\/portal\/wp-json\/wp\/v2\/users\/1"}],"replies":[{"embeddable":true,"href":"https:\/\/losperiodistas.com.mx\/portal\/wp-json\/wp\/v2\/comments?post=20147"}],"version-history":[{"count":1,"href":"https:\/\/losperiodistas.com.mx\/portal\/wp-json\/wp\/v2\/posts\/20147\/revisions"}],"predecessor-version":[{"id":20149,"href":"https:\/\/losperiodistas.com.mx\/portal\/wp-json\/wp\/v2\/posts\/20147\/revisions\/20149"}],"wp:featuredmedia":[{"embeddable":true,"href":"https:\/\/losperiodistas.com.mx\/portal\/wp-json\/wp\/v2\/media\/20148"}],"wp:attachment":[{"href":"https:\/\/losperiodistas.com.mx\/portal\/wp-json\/wp\/v2\/media?parent=20147"}],"wp:term":[{"taxonomy":"category","embeddable":true,"href":"https:\/\/losperiodistas.com.mx\/portal\/wp-json\/wp\/v2\/categories?post=20147"},{"taxonomy":"post_tag","embeddable":true,"href":"https:\/\/losperiodistas.com.mx\/portal\/wp-json\/wp\/v2\/tags?post=20147"}],"curies":[{"name":"wp","href":"https:\/\/api.w.org\/{rel}","templated":true}]}}