{"id":20144,"date":"2022-01-28T07:03:38","date_gmt":"2022-01-28T13:03:38","guid":{"rendered":"http:\/\/losperiodistas.com.mx\/portal\/?p=20144"},"modified":"2022-01-28T07:03:39","modified_gmt":"2022-01-28T13:03:39","slug":"invita-cultura-al-primer-festival-del-tamal-2022-de-zacatlan","status":"publish","type":"post","link":"https:\/\/losperiodistas.com.mx\/portal\/invita-cultura-al-primer-festival-del-tamal-2022-de-zacatlan\/","title":{"rendered":"Invita Cultura al Primer Festival del Tamal 2022 de Zacatl\u00e1n"},"content":{"rendered":"\n<p style=\"font-size:18px\"><em>Participar\u00e1n alrededor de 30 familias productoras de tamal de 12 comunidades de dicho municipio\u00a0<\/em><\/p>\n\n\n\n<figure class=\"wp-block-image size-large\"><img fetchpriority=\"high\" decoding=\"async\" width=\"958\" height=\"720\" src=\"https:\/\/losperiodistas.com.mx\/portal\/wp-content\/uploads\/2022\/01\/Captura-de-Pantalla-2022-01-28-a-las-7.02.03.png\" alt=\"\" class=\"wp-image-20145\" srcset=\"https:\/\/losperiodistas.com.mx\/portal\/wp-content\/uploads\/2022\/01\/Captura-de-Pantalla-2022-01-28-a-las-7.02.03.png 958w, https:\/\/losperiodistas.com.mx\/portal\/wp-content\/uploads\/2022\/01\/Captura-de-Pantalla-2022-01-28-a-las-7.02.03-300x225.png 300w, https:\/\/losperiodistas.com.mx\/portal\/wp-content\/uploads\/2022\/01\/Captura-de-Pantalla-2022-01-28-a-las-7.02.03-768x577.png 768w\" sizes=\"(max-width: 958px) 100vw, 958px\" \/><figcaption>Gobierno de Puebla<\/figcaption><\/figure>\n\n\n\n<p class=\"has-vivid-cyan-blue-color has-text-color has-medium-font-size\">REDACCI\u00d3N<\/p>\n\n\n\n<p>En el marco del D\u00eda de la Candelaria (2 de febrero), el Ayuntamiento de Zacatl\u00e1n llevar\u00e1 a cabo el Primer Festival del Tamal 2022, los d\u00edas 2, 5 y 6 de febrero en la explanada municipal de este Pueblo M\u00e1gico, inform\u00f3 el secretario de Cultura, Sergio Vergara Berdejo.<\/p>\n\n\n\n<p>En una rueda de prensa realizada para darle difusi\u00f3n a esta actividad, el funcionario estatal destac\u00f3 la importancia de incentivar la promoci\u00f3n de la cultura de todo el estado, en este caso a trav\u00e9s de la gastronom\u00eda con la venta de tamales en Zacatl\u00e1n, un alimento culinario elaborado con masa de ma\u00edz envuelta en hojas y relleno de varios ingredientes.<\/p>\n\n\n\n<p>Asimismo, convoc\u00f3 a la poblaci\u00f3n a visitar dicho Pueblo M\u00e1gico y disfrutar no solo de los diferentes tamales de sabores, sino tambi\u00e9n observar sus paisajes, quedarse en sus hoteles y apoyar a la reactivaci\u00f3n econ\u00f3mica con el consumo local.<\/p>\n\n\n\n<p>Por su parte, el presidente municipal de Zacatl\u00e1n, Jos\u00e9 Luis M\u00e1rquez Mart\u00ednez inform\u00f3 que participar\u00e1n alrededor de 30 familias productoras de tamal; adem\u00e1s, estim\u00f3 que este festival generar\u00e1 una ocupaci\u00f3n hotelera del 70 por ciento, lo que representa alrededor de 5 mil personas.<\/p>\n\n\n\n<p>En este Primer Festival del Tamal 2022 participar\u00e1n expositores de 12 comunidades del municipio de Zacatl\u00e1n como: San Miguel Tenango, San Crist\u00f3bal Xochimilpa, Tomatl\u00e1n y Cuacuila, entre otras, quienes ofrecer\u00e1n tamales de diversos sabores como chiltep\u00edn, salsa borracha, manzana, naranja, mole y salsa verde, en un horario de 09:00 a 22:00 horas.<\/p>\n\n\n\n<p>Fuente: https:\/\/www.puebla.gob.mx\/index.php\/noticias\/item\/8029-invita-cultura-al-primer-festival-del-tamal-2022-de-zacatlan<\/p>\n","protected":false},"excerpt":{"rendered":"<p>Participar\u00e1n alrededor de 30 familias productoras de tamal de 12 comunidades de dicho municipio\u00a0 REDACCI\u00d3N En el marco del D\u00eda [&hellip;]<\/p>\n","protected":false},"author":1,"featured_media":20145,"comment_status":"open","ping_status":"open","sticky":false,"template":"","format":"standard","meta":{"site-sidebar-layout":"default","site-content-layout":"","ast-site-content-layout":"default","site-content-style":"default","site-sidebar-style":"default","ast-global-header-display":"","ast-banner-title-visibility":"","ast-main-header-display":"","ast-hfb-above-header-display":"","ast-hfb-below-header-display":"","ast-hfb-mobile-header-display":"","site-post-title":"","ast-breadcrumbs-content":"","ast-featured-img":"","footer-sml-layout":"","theme-transparent-header-meta":"","adv-header-id-meta":"","stick-header-meta":"","header-above-stick-meta":"","header-main-stick-meta":"","header-below-stick-meta":"","astra-migrate-meta-layouts":"default","ast-page-background-enabled":"default","ast-page-background-meta":{"desktop":{"background-color":"var(--ast-global-color-4)","background-image":"","background-repeat":"repeat","background-position":"center center","background-size":"auto","background-attachment":"scroll","background-type":"","background-media":"","overlay-type":"","overlay-color":"","overlay-opacity":"","overlay-gradient":""},"tablet":{"background-color":"","background-image":"","background-repeat":"repeat","background-position":"center center","background-size":"auto","background-attachment":"scroll","background-type":"","background-media":"","overlay-type":"","overlay-color":"","overlay-opacity":"","overlay-gradient":""},"mobile":{"background-color":"","background-image":"","background-repeat":"repeat","background-position":"center center","background-size":"auto","background-attachment":"scroll","background-type":"","background-media":"","overlay-type":"","overlay-color":"","overlay-opacity":"","overlay-gradient":""}},"ast-content-background-meta":{"desktop":{"background-color":"var(--ast-global-color-5)","background-image":"","background-repeat":"repeat","background-position":"center center","background-size":"auto","background-attachment":"scroll","background-type":"","background-media":"","overlay-type":"","overlay-color":"","overlay-opacity":"","overlay-gradient":""},"tablet":{"background-color":"var(--ast-global-color-5)","background-image":"","background-repeat":"repeat","background-position":"center center","background-size":"auto","background-attachment":"scroll","background-type":"","background-media":"","overlay-type":"","overlay-color":"","overlay-opacity":"","overlay-gradient":""},"mobile":{"background-color":"var(--ast-global-color-5)","background-image":"","background-repeat":"repeat","background-position":"center center","background-size":"auto","background-attachment":"scroll","background-type":"","background-media":"","overlay-type":"","overlay-color":"","overlay-opacity":"","overlay-gradient":""}},"footnotes":""},"categories":[8],"tags":[7244,6811,4783],"class_list":["post-20144","post","type-post","status-publish","format-standard","has-post-thumbnail","hentry","category-noticias","tag-dia-de-la-candelaria","tag-tamales","tag-zacatlan"],"_links":{"self":[{"href":"https:\/\/losperiodistas.com.mx\/portal\/wp-json\/wp\/v2\/posts\/20144","targetHints":{"allow":["GET"]}}],"collection":[{"href":"https:\/\/losperiodistas.com.mx\/portal\/wp-json\/wp\/v2\/posts"}],"about":[{"href":"https:\/\/losperiodistas.com.mx\/portal\/wp-json\/wp\/v2\/types\/post"}],"author":[{"embeddable":true,"href":"https:\/\/losperiodistas.com.mx\/portal\/wp-json\/wp\/v2\/users\/1"}],"replies":[{"embeddable":true,"href":"https:\/\/losperiodistas.com.mx\/portal\/wp-json\/wp\/v2\/comments?post=20144"}],"version-history":[{"count":1,"href":"https:\/\/losperiodistas.com.mx\/portal\/wp-json\/wp\/v2\/posts\/20144\/revisions"}],"predecessor-version":[{"id":20146,"href":"https:\/\/losperiodistas.com.mx\/portal\/wp-json\/wp\/v2\/posts\/20144\/revisions\/20146"}],"wp:featuredmedia":[{"embeddable":true,"href":"https:\/\/losperiodistas.com.mx\/portal\/wp-json\/wp\/v2\/media\/20145"}],"wp:attachment":[{"href":"https:\/\/losperiodistas.com.mx\/portal\/wp-json\/wp\/v2\/media?parent=20144"}],"wp:term":[{"taxonomy":"category","embeddable":true,"href":"https:\/\/losperiodistas.com.mx\/portal\/wp-json\/wp\/v2\/categories?post=20144"},{"taxonomy":"post_tag","embeddable":true,"href":"https:\/\/losperiodistas.com.mx\/portal\/wp-json\/wp\/v2\/tags?post=20144"}],"curies":[{"name":"wp","href":"https:\/\/api.w.org\/{rel}","templated":true}]}}