{"id":20141,"date":"2022-01-28T06:54:03","date_gmt":"2022-01-28T12:54:03","guid":{"rendered":"http:\/\/losperiodistas.com.mx\/portal\/?p=20141"},"modified":"2022-01-28T06:54:05","modified_gmt":"2022-01-28T12:54:05","slug":"gran-paseo-puebla-iniciativa-de-reactivacion-fisica-cultural-y-economica-del-ayuntamiento-de-puebla-momento-diario","status":"publish","type":"post","link":"https:\/\/losperiodistas.com.mx\/portal\/gran-paseo-puebla-iniciativa-de-reactivacion-fisica-cultural-y-economica-del-ayuntamiento-de-puebla-momento-diario\/","title":{"rendered":"\u00abGran Paseo  Puebla\u00bb iniciativa de reactivaci\u00f3n f\u00edsica, cultural y econ\u00f3mica del ayuntamiento de Puebla | Momento Diario"},"content":{"rendered":"\n<p style=\"font-size:18px\"><em>El \u00faltimo domingo de cada mes se realiza en conjunto con el gobierno del Estado, para ampliar esta ruta de movilidad activa<\/em><\/p>\n\n\n\n<p><\/p>\n\n\n\n<figure class=\"wp-block-image size-large\"><img fetchpriority=\"high\" decoding=\"async\" width=\"519\" height=\"287\" src=\"https:\/\/losperiodistas.com.mx\/portal\/wp-content\/uploads\/2022\/01\/WhatsApp-Image-2022-01-27-at-3.19.58-PM-e1643325694737.jpeg\" alt=\"\" class=\"wp-image-20142\" srcset=\"https:\/\/losperiodistas.com.mx\/portal\/wp-content\/uploads\/2022\/01\/WhatsApp-Image-2022-01-27-at-3.19.58-PM-e1643325694737.jpeg 519w, https:\/\/losperiodistas.com.mx\/portal\/wp-content\/uploads\/2022\/01\/WhatsApp-Image-2022-01-27-at-3.19.58-PM-e1643325694737-300x166.jpeg 300w\" sizes=\"(max-width: 519px) 100vw, 519px\" \/><\/figure>\n\n\n\n<p class=\"has-vivid-cyan-blue-color has-text-color has-medium-font-size\">MOMENTO DIARIO<\/p>\n\n\n\n<p>Este 30 de enero se llevar\u00e1 a cabo el \u201cGran Paseo de Puebla\u201d, una propuesta para que la ciudadan\u00eda disfrute de las calles, ya sea caminando o haciendo ejercicio con la familia, as\u00ed como cada domingo, de 8:00 a 12:00 horas.<\/p>\n\n\n\n<p>As\u00ed lo inform\u00f3 Norma Rub\u00ed V\u00e1zquez Cruz, Subsecretar\u00eda de Movilidad y Seguridad Vial, quien detall\u00f3 se trata de un recorrido de nueve kil\u00f3metros que va de la Fuente de los Frailes, por Avenida Ju\u00e1rez hasta la 13 Sur, continuando por Reforma y Juan de Palafox y Mendoza hasta llegar al Parque Ecol\u00f3gico, en el que hasta cinco mil personas se dan cita para vivir el Centro Hist\u00f3rico de una manera diferente.<\/p>\n\n\n\n<p>A esta estrategia se buscar\u00e1 sumar a locatarios de la avenida Ju\u00e1rez, Reforma y Juan de Palafox y Mendoza, as\u00ed como a artistas locales, para hacer del Paseo un espacio de encuentro comercial y cultural, revel\u00f3 Antonio Iriarte Gonz\u00e1lez, Director del Instituto Municipal del Deporte.<\/p>\n\n\n\n<p>Este domingo, m\u00e1s de 150 elementos de la Polic\u00eda Municipal acompa\u00f1ar\u00e1n todo el recorrido para garantizar la seguridad de los asistentes, coment\u00f3 Mar\u00eda del Rayo Ram\u00edrez Polo, Directora de Tr\u00e1nsito Municipal, quien adem\u00e1s se\u00f1al\u00f3 habr\u00e1 cortes viales sobre las calles que integran el circuito del Paseo, teniendo como v\u00edas alternas la 2, 25 y 31 Poniente, los bulevares Atlixco, Norte y Cinco de Mayo, as\u00ed como la 29, 25 y 23 Norte-Sur.<\/p>\n\n\n\n<p>Fuente: https:\/\/www.diariomomento.com\/gran-paseo-se-puebla-iniciativa-de-reactivacion-fisica-cultural-y-economica-del-ayuntamiento-de-puebla\/<\/p>\n","protected":false},"excerpt":{"rendered":"<p>El \u00faltimo domingo de cada mes se realiza en conjunto con el gobierno del Estado, para ampliar esta ruta de [&hellip;]<\/p>\n","protected":false},"author":1,"featured_media":20142,"comment_status":"open","ping_status":"open","sticky":false,"template":"","format":"standard","meta":{"site-sidebar-layout":"default","site-content-layout":"","ast-site-content-layout":"default","site-content-style":"default","site-sidebar-style":"default","ast-global-header-display":"","ast-banner-title-visibility":"","ast-main-header-display":"","ast-hfb-above-header-display":"","ast-hfb-below-header-display":"","ast-hfb-mobile-header-display":"","site-post-title":"","ast-breadcrumbs-content":"","ast-featured-img":"","footer-sml-layout":"","theme-transparent-header-meta":"","adv-header-id-meta":"","stick-header-meta":"","header-above-stick-meta":"","header-main-stick-meta":"","header-below-stick-meta":"","astra-migrate-meta-layouts":"default","ast-page-background-enabled":"default","ast-page-background-meta":{"desktop":{"background-color":"var(--ast-global-color-4)","background-image":"","background-repeat":"repeat","background-position":"center center","background-size":"auto","background-attachment":"scroll","background-type":"","background-media":"","overlay-type":"","overlay-color":"","overlay-opacity":"","overlay-gradient":""},"tablet":{"background-color":"","background-image":"","background-repeat":"repeat","background-position":"center center","background-size":"auto","background-attachment":"scroll","background-type":"","background-media":"","overlay-type":"","overlay-color":"","overlay-opacity":"","overlay-gradient":""},"mobile":{"background-color":"","background-image":"","background-repeat":"repeat","background-position":"center center","background-size":"auto","background-attachment":"scroll","background-type":"","background-media":"","overlay-type":"","overlay-color":"","overlay-opacity":"","overlay-gradient":""}},"ast-content-background-meta":{"desktop":{"background-color":"var(--ast-global-color-5)","background-image":"","background-repeat":"repeat","background-position":"center center","background-size":"auto","background-attachment":"scroll","background-type":"","background-media":"","overlay-type":"","overlay-color":"","overlay-opacity":"","overlay-gradient":""},"tablet":{"background-color":"var(--ast-global-color-5)","background-image":"","background-repeat":"repeat","background-position":"center center","background-size":"auto","background-attachment":"scroll","background-type":"","background-media":"","overlay-type":"","overlay-color":"","overlay-opacity":"","overlay-gradient":""},"mobile":{"background-color":"var(--ast-global-color-5)","background-image":"","background-repeat":"repeat","background-position":"center center","background-size":"auto","background-attachment":"scroll","background-type":"","background-media":"","overlay-type":"","overlay-color":"","overlay-opacity":"","overlay-gradient":""}},"footnotes":""},"categories":[8],"tags":[7243,7242],"class_list":["post-20141","post","type-post","status-publish","format-standard","has-post-thumbnail","hentry","category-noticias","tag-pueblaayto","tag-gran-paseo-puebla"],"_links":{"self":[{"href":"https:\/\/losperiodistas.com.mx\/portal\/wp-json\/wp\/v2\/posts\/20141","targetHints":{"allow":["GET"]}}],"collection":[{"href":"https:\/\/losperiodistas.com.mx\/portal\/wp-json\/wp\/v2\/posts"}],"about":[{"href":"https:\/\/losperiodistas.com.mx\/portal\/wp-json\/wp\/v2\/types\/post"}],"author":[{"embeddable":true,"href":"https:\/\/losperiodistas.com.mx\/portal\/wp-json\/wp\/v2\/users\/1"}],"replies":[{"embeddable":true,"href":"https:\/\/losperiodistas.com.mx\/portal\/wp-json\/wp\/v2\/comments?post=20141"}],"version-history":[{"count":1,"href":"https:\/\/losperiodistas.com.mx\/portal\/wp-json\/wp\/v2\/posts\/20141\/revisions"}],"predecessor-version":[{"id":20143,"href":"https:\/\/losperiodistas.com.mx\/portal\/wp-json\/wp\/v2\/posts\/20141\/revisions\/20143"}],"wp:featuredmedia":[{"embeddable":true,"href":"https:\/\/losperiodistas.com.mx\/portal\/wp-json\/wp\/v2\/media\/20142"}],"wp:attachment":[{"href":"https:\/\/losperiodistas.com.mx\/portal\/wp-json\/wp\/v2\/media?parent=20141"}],"wp:term":[{"taxonomy":"category","embeddable":true,"href":"https:\/\/losperiodistas.com.mx\/portal\/wp-json\/wp\/v2\/categories?post=20141"},{"taxonomy":"post_tag","embeddable":true,"href":"https:\/\/losperiodistas.com.mx\/portal\/wp-json\/wp\/v2\/tags?post=20141"}],"curies":[{"name":"wp","href":"https:\/\/api.w.org\/{rel}","templated":true}]}}