{"id":20138,"date":"2022-01-28T06:47:15","date_gmt":"2022-01-28T12:47:15","guid":{"rendered":"http:\/\/losperiodistas.com.mx\/portal\/?p=20138"},"modified":"2022-01-28T06:47:17","modified_gmt":"2022-01-28T12:47:17","slug":"perfil-quien-es-facundo-rosas-y-de-que-se-le-acusa-el-financiero","status":"publish","type":"post","link":"https:\/\/losperiodistas.com.mx\/portal\/perfil-quien-es-facundo-rosas-y-de-que-se-le-acusa-el-financiero\/","title":{"rendered":"Perfil: \u00bfQui\u00e9n es Facundo Rosas y de qu\u00e9 se le acusa? | El Financiero"},"content":{"rendered":"\n<p style=\"font-size:18px\"><em>El 9 de enero de este a\u00f1o, la FGR emiti\u00f3 una orden de aprehensi\u00f3n contra Facundo Rosas por la operaci\u00f3n \u2018R\u00e1pido y Furioso\u2019<\/em><\/p>\n\n\n\n<p><\/p>\n\n\n\n<figure class=\"wp-block-image size-large\"><img fetchpriority=\"high\" decoding=\"async\" width=\"800\" height=\"450\" src=\"https:\/\/losperiodistas.com.mx\/portal\/wp-content\/uploads\/2022\/01\/7TT5OV3X5ZFPRNNGVSAIUJ2C7A.jpeg\" alt=\"\" class=\"wp-image-20139\" srcset=\"https:\/\/losperiodistas.com.mx\/portal\/wp-content\/uploads\/2022\/01\/7TT5OV3X5ZFPRNNGVSAIUJ2C7A.jpeg 800w, https:\/\/losperiodistas.com.mx\/portal\/wp-content\/uploads\/2022\/01\/7TT5OV3X5ZFPRNNGVSAIUJ2C7A-300x169.jpeg 300w, https:\/\/losperiodistas.com.mx\/portal\/wp-content\/uploads\/2022\/01\/7TT5OV3X5ZFPRNNGVSAIUJ2C7A-768x432.jpeg 768w\" sizes=\"(max-width: 800px) 100vw, 800px\" \/><figcaption>De 2009 a 2012, Facundo Rosas fue comisionado general de la Polic\u00eda Federal en M\u00e9xico.\u00a0(Cuartoscuro)<\/figcaption><\/figure>\n\n\n\n<p><\/p>\n\n\n\n<p class=\"has-vivid-cyan-blue-color has-text-color has-medium-font-size\">EL FINANCIERO<\/p>\n\n\n\n<p><strong>Facundo Rosas fue detenido este jueves por la Fiscal\u00eda General de la Rep\u00fablica (FGR)<\/strong>. Al excomisario general de la extinta Polic\u00eda Federal se le&nbsp;<strong>acusa de ser presunto responsable<\/strong>&nbsp;del operativo \u2018R\u00e1pido y Furioso\u2019.<\/p>\n\n\n\n<p>El excomisario es una de siete personas contra las que la&nbsp;<a href=\"https:\/\/www.elfinanciero.com.mx\/nacional\/2022\/01\/27\/facundo-rosas-fiscalia-va-contra-excomisionado-federal-por-rapido-y-furioso\/\" target=\"_blank\" rel=\"noreferrer noopener\">FGR emiti\u00f3 \u00f3rdenes de aprehensi\u00f3n<\/a>&nbsp;el pasado 9 de enero por el tr\u00e1fico ilegal de 2 mil 500 armas acordado por autoridades de M\u00e9xico y Estados Unidos en el periodo de mandato de Felipe Calder\u00f3n.<\/p>\n\n\n\n<p>Adem\u00e1s de\u00a0<strong>Facundo Rosas<\/strong>, en la lista de personas con \u00f3rdenes de aprehensi\u00f3n est\u00e1 Genaro Garc\u00eda Luna, quien fuera titular de la SSP federal; Luis C\u00e1rdenas Palomino, extitular de la Divisi\u00f3n de Seguridad Regional de la Polic\u00eda Federal y Joaqu\u00edn \u2018El Chapo\u2019 Guzm\u00e1n, todos detenidos en la actualidad.<a href=\"https:\/\/www.elfinanciero.com.mx\/nacional\/2022\/01\/27\/facundo-rosas-es-detenido-formalmente-por-el-caso-rapido-y-furioso\/\"><\/a><\/p>\n\n\n\n<p><a href=\"https:\/\/www.elfinanciero.com.mx\/nacional\/2022\/01\/27\/facundo-rosas-es-detenido-formalmente-por-el-caso-rapido-y-furioso\/\">Facundo Rosas es detenido formalmente por el caso \u2018R\u00e1pido y Furioso\u2019<\/a><\/p>\n\n\n\n<hr class=\"wp-block-separator\"\/>\n\n\n\n<p>La ma\u00f1ana de este jueves Facundo Rosas&nbsp;<a href=\"https:\/\/www.elfinanciero.com.mx\/nacional\/2022\/01\/27\/detienen-a-facundo-rosas-excolaborador-de-garcia-luna-por-homicidio-culposo\/\" target=\"_blank\" rel=\"noreferrer noopener\"><strong>fue detenido por homicidio culposo<\/strong><\/a>&nbsp;luego de presuntamente atropellar en la alcald\u00eda \u00c1lvaro Obreg\u00f3n a una mujer quien en dicho accidente perdi\u00f3 la vida. Permaneci\u00f3 en el Ministerio P\u00fablico de la alcald\u00eda y posteriormente se dio por cumplida la orden de aprehensi\u00f3n de la FGR.<\/p>\n\n\n\n<h2 class=\"wp-block-heading\">\u00bfQui\u00e9n es Facundo Rosas?<\/h2>\n\n\n\n<p><strong>Nacido en Puebla, Facundo Rosas Rosas<\/strong>&nbsp;cuenta con una maestr\u00eda en Administraci\u00f3n por la Universidad del Valle de M\u00e9xico (UVM), previamente hab\u00eda hecho sus estudios en la Universidad Aut\u00f3noma Metropolitana.<\/p>\n\n\n\n<ul class=\"wp-block-list\"><li>En 1989 comenz\u00f3 su trayectoria en la vida p\u00fablica, al formar parte del Centro de Investigaci\u00f3n y Seguridad Nacional (Cisen).<\/li><li>Para 1999 fue nombrado director general de Terrorismo en la Polic\u00eda Federal Preventiva (PFP).<\/li><li>En 2001 se volvi\u00f3 director de An\u00e1lisis T\u00e1ctico en la Agencia Federal de Investigaci\u00f3n (AFI).<\/li><li>Fue subsecretario de Estrategia e Inteligencia policial de la Secretar\u00eda de Seguridad P\u00fablica Federal durante la mayor parte de 2008.<\/li><li>A finales de 2008 y hasta mitad de 2009 se desempe\u00f1\u00f3 como subsecretario de Prevenci\u00f3n, Vinculaci\u00f3n y Derechos Humanos en la Secretar\u00eda de Seguridad P\u00fablica Federal.<\/li><li>En la segunda parte de 2009 comenz\u00f3 sus labores como comisionado general de la actualmente inexistente Polic\u00eda Federal, cargo que dejar\u00eda en 2012.<\/li><li><strong>Facundo Rosas Rosas fue nombrado Secretario de Seguridad P\u00fablica en el estado de Puebla<\/strong>&nbsp;durante el gobierno de Rafael Moreno Valle. Dej\u00f3 su cargo en julio de 2015.<\/li><\/ul>\n\n\n\n<h2 class=\"wp-block-heading\">\u00bfPor qu\u00e9 se le acusa?<\/h2>\n\n\n\n<p>La&nbsp;<strong>FGR se\u00f1al\u00f3 a Facundo Rosas Rosas&nbsp;<\/strong>como uno de los presuntos responsables de la operaci\u00f3n \u2018R\u00e1pido y Furioso<strong>\u2019<\/strong>. Dicho operativo consist\u00eda en el acceso de alrededor de 2 mil 500 armas a M\u00e9xico provenientes de Estados Unidos.<\/p>\n\n\n\n<p><a href=\"https:\/\/www.elfinanciero.com.mx\/nacional\/comparece-ante-el-mp-facundo-rosas-excolaborador-de-genaro-garcia-luna\/\" target=\"_blank\" rel=\"noreferrer noopener\">En 2021 compareci\u00f3 en el Ministerio P\u00fablico<\/a>&nbsp;ante las investigaciones de la FGR en contra de Genaro Garc\u00eda Luna por la operaci\u00f3n, adem\u00e1s solicit\u00f3 un amparo contra cualquier orden de aprehensi\u00f3n por la Subprocuradur\u00eda Especializada en Investigaci\u00f3n de Delincuencia Organizada (SEIDO).<\/p>\n\n\n\n<p>\u201cVengo a desistirme de manera libre del presente amparo, as\u00ed como de la solicitud de suspensi\u00f3n en el mismo, por as\u00ed convenir a mis intereses y en vista de que el acto reclamado ha sido consumado de manera irreparable al haberse llevado a cabo la comparecencia ante la autoridad ministerial\u201d, dijo.<\/p>\n\n\n\n<p>Tras la resoluci\u00f3n de la FGR a inicios de 2022, un juez de distrito orden\u00f3 la aprehensi\u00f3n de Garc\u00eda Luna y seis involucrados m\u00e1s,\u00a0<strong>Facundo Rosas es uno de ellos<\/strong>.<\/p>\n\n\n\n<p>Fuente: https:\/\/www.elfinanciero.com.mx\/nacional\/2022\/01\/27\/perfil-quien-es-facundo-rosas-y-de-que-se-le-acusa\/<\/p>\n","protected":false},"excerpt":{"rendered":"<p>El 9 de enero de este a\u00f1o, la FGR emiti\u00f3 una orden de aprehensi\u00f3n contra Facundo Rosas por la operaci\u00f3n [&hellip;]<\/p>\n","protected":false},"author":1,"featured_media":20139,"comment_status":"open","ping_status":"open","sticky":false,"template":"","format":"standard","meta":{"site-sidebar-layout":"default","site-content-layout":"","ast-site-content-layout":"default","site-content-style":"default","site-sidebar-style":"default","ast-global-header-display":"","ast-banner-title-visibility":"","ast-main-header-display":"","ast-hfb-above-header-display":"","ast-hfb-below-header-display":"","ast-hfb-mobile-header-display":"","site-post-title":"","ast-breadcrumbs-content":"","ast-featured-img":"","footer-sml-layout":"","theme-transparent-header-meta":"","adv-header-id-meta":"","stick-header-meta":"","header-above-stick-meta":"","header-main-stick-meta":"","header-below-stick-meta":"","astra-migrate-meta-layouts":"default","ast-page-background-enabled":"default","ast-page-background-meta":{"desktop":{"background-color":"var(--ast-global-color-4)","background-image":"","background-repeat":"repeat","background-position":"center center","background-size":"auto","background-attachment":"scroll","background-type":"","background-media":"","overlay-type":"","overlay-color":"","overlay-opacity":"","overlay-gradient":""},"tablet":{"background-color":"","background-image":"","background-repeat":"repeat","background-position":"center center","background-size":"auto","background-attachment":"scroll","background-type":"","background-media":"","overlay-type":"","overlay-color":"","overlay-opacity":"","overlay-gradient":""},"mobile":{"background-color":"","background-image":"","background-repeat":"repeat","background-position":"center center","background-size":"auto","background-attachment":"scroll","background-type":"","background-media":"","overlay-type":"","overlay-color":"","overlay-opacity":"","overlay-gradient":""}},"ast-content-background-meta":{"desktop":{"background-color":"var(--ast-global-color-5)","background-image":"","background-repeat":"repeat","background-position":"center center","background-size":"auto","background-attachment":"scroll","background-type":"","background-media":"","overlay-type":"","overlay-color":"","overlay-opacity":"","overlay-gradient":""},"tablet":{"background-color":"var(--ast-global-color-5)","background-image":"","background-repeat":"repeat","background-position":"center center","background-size":"auto","background-attachment":"scroll","background-type":"","background-media":"","overlay-type":"","overlay-color":"","overlay-opacity":"","overlay-gradient":""},"mobile":{"background-color":"var(--ast-global-color-5)","background-image":"","background-repeat":"repeat","background-position":"center center","background-size":"auto","background-attachment":"scroll","background-type":"","background-media":"","overlay-type":"","overlay-color":"","overlay-opacity":"","overlay-gradient":""}},"footnotes":""},"categories":[8],"tags":[7241,6778],"class_list":["post-20138","post","type-post","status-publish","format-standard","has-post-thumbnail","hentry","category-noticias","tag-facundo-rosas","tag-rapido-y-furioso"],"_links":{"self":[{"href":"https:\/\/losperiodistas.com.mx\/portal\/wp-json\/wp\/v2\/posts\/20138","targetHints":{"allow":["GET"]}}],"collection":[{"href":"https:\/\/losperiodistas.com.mx\/portal\/wp-json\/wp\/v2\/posts"}],"about":[{"href":"https:\/\/losperiodistas.com.mx\/portal\/wp-json\/wp\/v2\/types\/post"}],"author":[{"embeddable":true,"href":"https:\/\/losperiodistas.com.mx\/portal\/wp-json\/wp\/v2\/users\/1"}],"replies":[{"embeddable":true,"href":"https:\/\/losperiodistas.com.mx\/portal\/wp-json\/wp\/v2\/comments?post=20138"}],"version-history":[{"count":1,"href":"https:\/\/losperiodistas.com.mx\/portal\/wp-json\/wp\/v2\/posts\/20138\/revisions"}],"predecessor-version":[{"id":20140,"href":"https:\/\/losperiodistas.com.mx\/portal\/wp-json\/wp\/v2\/posts\/20138\/revisions\/20140"}],"wp:featuredmedia":[{"embeddable":true,"href":"https:\/\/losperiodistas.com.mx\/portal\/wp-json\/wp\/v2\/media\/20139"}],"wp:attachment":[{"href":"https:\/\/losperiodistas.com.mx\/portal\/wp-json\/wp\/v2\/media?parent=20138"}],"wp:term":[{"taxonomy":"category","embeddable":true,"href":"https:\/\/losperiodistas.com.mx\/portal\/wp-json\/wp\/v2\/categories?post=20138"},{"taxonomy":"post_tag","embeddable":true,"href":"https:\/\/losperiodistas.com.mx\/portal\/wp-json\/wp\/v2\/tags?post=20138"}],"curies":[{"name":"wp","href":"https:\/\/api.w.org\/{rel}","templated":true}]}}