{"id":20132,"date":"2022-01-28T06:41:52","date_gmt":"2022-01-28T12:41:52","guid":{"rendered":"http:\/\/losperiodistas.com.mx\/portal\/?p=20132"},"modified":"2022-01-28T06:41:53","modified_gmt":"2022-01-28T12:41:53","slug":"diego-verdaguer-fallecio-a-los-70-anos-por-covid-19-infobae","status":"publish","type":"post","link":"https:\/\/losperiodistas.com.mx\/portal\/diego-verdaguer-fallecio-a-los-70-anos-por-covid-19-infobae\/","title":{"rendered":"Diego Verdaguer falleci\u00f3 a los 70 a\u00f1os por COVID-19 | Infobae"},"content":{"rendered":"\n<p style=\"font-size:18px\"><em>El cantante argentino dio positivo a COVID-19 en diciembre, por lo que fue hospitalizado<\/em><\/p>\n\n\n\n<p><\/p>\n\n\n\n<figure class=\"wp-block-image size-large\"><img fetchpriority=\"high\" decoding=\"async\" width=\"1024\" height=\"681\" src=\"https:\/\/losperiodistas.com.mx\/portal\/wp-content\/uploads\/2022\/01\/Captura-de-Pantalla-2022-01-28-a-las-6.39.21-1024x681.png\" alt=\"\" class=\"wp-image-20135\" srcset=\"https:\/\/losperiodistas.com.mx\/portal\/wp-content\/uploads\/2022\/01\/Captura-de-Pantalla-2022-01-28-a-las-6.39.21-1024x681.png 1024w, https:\/\/losperiodistas.com.mx\/portal\/wp-content\/uploads\/2022\/01\/Captura-de-Pantalla-2022-01-28-a-las-6.39.21-300x199.png 300w, https:\/\/losperiodistas.com.mx\/portal\/wp-content\/uploads\/2022\/01\/Captura-de-Pantalla-2022-01-28-a-las-6.39.21-768x511.png 768w, https:\/\/losperiodistas.com.mx\/portal\/wp-content\/uploads\/2022\/01\/Captura-de-Pantalla-2022-01-28-a-las-6.39.21.png 1366w\" sizes=\"(max-width: 1024px) 100vw, 1024px\" \/><figcaption>Horas antes de morir public\u00f3 un mensaje de amor para Amanda Miguel en redes sociales (Foto: EFE)<\/figcaption><\/figure>\n\n\n\n<p><\/p>\n\n\n\n<p class=\"has-vivid-cyan-blue-color has-text-color has-medium-font-size\">INFOBAE<\/p>\n\n\n\n<p>Durante las primeras horas de este viernes 28 de enero&nbsp;<strong>se confirm\u00f3 el fallecimiento del cantante argentino&nbsp;<\/strong><a href=\"https:\/\/www.infobae.com\/tag\/diego-verdaguer\/\"><strong>Diego Verdaguer<\/strong><\/a>&nbsp;por las secuelas de un contagio de COVID-19 que le fue detectado desde el pasado mes de diciembre.<\/p>\n\n\n\n<p>Por medio de sus redes sociales, la familia del esposo de Amanda Miguel comparti\u00f3 un mensaje dirigido a sus seguidores y amigos, en el cual se\u00f1alaron que el int\u00e9rprete de&nbsp;<em>La ladrona<\/em>&nbsp;\u201c<strong>dej\u00f3 su hermoso cuerpo para continuar su camino y creatividad en otra forma de vida<\/strong>\u201d.<\/p>\n\n\n\n<p>\u201c<strong>Toda la familia estamos sumergidos en este dolor<\/strong>&nbsp;por lo que apreciamos su comprensi\u00f3n en estos momentos tan dif\u00edciles\u201d, ahond\u00f3 el documento.<\/p>\n\n\n\n<p>Dos horas antes de informar su muerte, en su perfil de Twitter, Verdaguer comparti\u00f3 un conmovedor mensaje dedicado a su esposa. \u201c<strong>\u00a1Nunca me cansar\u00e9 de dedic\u00e1rtela! Eres y ser\u00e1s la ladrona que me rob\u00f3 el coraz\u00f3n @amandamiguels<\/strong>\u201d, escribi\u00f3 el cantante.<\/p>\n\n\n\n<p>\u201cSiempre te amar\u00e9\u201d, fue la corta, pero intensa respuesta escrita por Amanda Miguel para despedirse de su pareja, con quien&nbsp;<strong>comparti\u00f3 casi 50 a\u00f1os de su vida y&nbsp;<\/strong><a href=\"https:\/\/www.infobae.com\/america\/entretenimiento\/2021\/11\/10\/amanda-miguel-y-diego-verdaguer-se-convirtieron-en-abuelos\/\"><strong>tuvo una hija, Ana Victoria<\/strong><\/a>.<img decoding=\"async\" alt=\"Su familia no dar\u00e1 ninguna declaraci\u00f3n por el momento (Foto: Instagram\/@diegoverdaguer)\" src=\"https:\/\/www.infobae.com\/new-resizer\/ZQTFFW8xnoeWfnOHFhyjhq6foao=\/420x420\/filters:format(webp):quality(85)\/cloudfront-us-east-1.images.arcpublishing.com\/infobae\/E64HDKLZV5EMRGXHNRZGSQJ2RU.png%20420w\" height=\"1085\" width=\"1090\" srcset=\"https:\/\/www.infobae.com\/new-resizer\/ZQTFFW8xnoeWfnOHFhyjhq6foao=\/420x420\/filters:format(webp):quality(85)\/cloudfront-us-east-1.images.arcpublishing.com\/infobae\/E64HDKLZV5EMRGXHNRZGSQJ2RU.png 420w,https:\/\/www.infobae.com\/new-resizer\/BCHMuzwazbJiJO0gEEthFBfqRw8=\/768x768\/filters:format(webp):quality(85)\/cloudfront-us-east-1.images.arcpublishing.com\/infobae\/E64HDKLZV5EMRGXHNRZGSQJ2RU.png 768w,https:\/\/www.infobae.com\/new-resizer\/DFSWZfl8S8qOSyEc-nS8r1oiw-Y=\/992x992\/filters:format(webp):quality(85)\/cloudfront-us-east-1.images.arcpublishing.com\/infobae\/E64HDKLZV5EMRGXHNRZGSQJ2RU.png 992w,https:\/\/www.infobae.com\/new-resizer\/PtcS6QN7WbU2Ig3YX9PFB-Wa7Jo=\/1200x1200\/filters:format(webp):quality(85)\/cloudfront-us-east-1.images.arcpublishing.com\/infobae\/E64HDKLZV5EMRGXHNRZGSQJ2RU.png 1200w,https:\/\/www.infobae.com\/new-resizer\/xM67F7d_SYVNwsFRqA2c1zaZz1g=\/1440x1440\/filters:format(webp):quality(85)\/cloudfront-us-east-1.images.arcpublishing.com\/infobae\/E64HDKLZV5EMRGXHNRZGSQJ2RU.png 1440w\">Su familia no dar\u00e1 ninguna declaraci\u00f3n por el momento (Foto: Instagram\/@diegoverdaguer)<\/p>\n\n\n\n<p>Posteriormente, la disquera de Diego,&nbsp;<em>DIAM Music<\/em>, comparti\u00f3 el comunicado oficial sobre la muerte del cantautor. El documento se\u00f1al\u00f3 que&nbsp;<strong>la muerte se registr\u00f3 la tarde del jueves 27 de enero en la ciudad de Los \u00c1ngeles California<\/strong>.<\/p>\n\n\n\n<p>Asimismo, record\u00f3 que desde el mes de diciembre le fue detectado el virus SARS-CoV-2, situaci\u00f3n que lo oblig\u00f3 a ser hospitalizado, \u201cpero desgraciadamente hoy dej\u00f3 de estar entre nosotros\u201d. Adem\u00e1s,&nbsp;<strong>se indic\u00f3 que el cuerpo ser\u00e1 cremado en Estados Unidos<\/strong>.<\/p>\n\n\n\n<blockquote class=\"wp-block-quote is-layout-flow wp-block-quote-is-layout-flow\"><p>Su p\u00e9rdida es insustituible e irreparable, pero su obra permanecer\u00e1 por siempre<\/p><\/blockquote>\n\n\n\n<p>Finalmente, el afirmaron que debido al profundo dolor que ha causado su partida,&nbsp;<strong>su familia decidi\u00f3 despedirlo en privado y pasar este dif\u00edcil momento en tranquilidad, recogimiento y sin otorgar ning\u00fan tipo de declaraciones<\/strong>. No obstante, posteriormente organizar\u00e1n un acto p\u00fablico para medios y seguidores.<\/p>\n\n\n\n<p>\u201c<a href=\"https:\/\/www.infobae.com\/america\/entretenimiento\/2021\/10\/24\/amanda-miguel-revelo-nuevos-detalles-sobre-la-infidelidad-de-diego-verdaguer\/\">Hasta siempre amado Diego<\/a>,\u00a0<strong>sigue so\u00f1ando los sue\u00f1os m\u00e1s hermosos que siempre nos compartiste<\/strong>, te amaremos eternamente\u201d, finaliz\u00f3 el comunicado de\u00a0<em>DIAM Music<\/em>.<\/p>\n\n\n\n<figure class=\"wp-block-image size-large\"><img decoding=\"async\" width=\"1024\" height=\"406\" src=\"https:\/\/losperiodistas.com.mx\/portal\/wp-content\/uploads\/2022\/01\/Captura-de-Pantalla-2022-01-28-a-las-6.40.25-1024x406.png\" alt=\"\" class=\"wp-image-20136\" srcset=\"https:\/\/losperiodistas.com.mx\/portal\/wp-content\/uploads\/2022\/01\/Captura-de-Pantalla-2022-01-28-a-las-6.40.25-1024x406.png 1024w, https:\/\/losperiodistas.com.mx\/portal\/wp-content\/uploads\/2022\/01\/Captura-de-Pantalla-2022-01-28-a-las-6.40.25-300x119.png 300w, https:\/\/losperiodistas.com.mx\/portal\/wp-content\/uploads\/2022\/01\/Captura-de-Pantalla-2022-01-28-a-las-6.40.25-768x305.png 768w, https:\/\/losperiodistas.com.mx\/portal\/wp-content\/uploads\/2022\/01\/Captura-de-Pantalla-2022-01-28-a-las-6.40.25.png 1372w\" sizes=\"(max-width: 1024px) 100vw, 1024px\" \/><\/figure>\n\n\n\n<h2 class=\"wp-block-heading\">Qui\u00e9n fue Diego Verdaguer<\/h2>\n\n\n\n<p><strong>Naci\u00f3 en Buenos Aires, Argentina, el 26 de abril de 1951<\/strong>. Es hijo de Miguel \u00c1ngel Boccadoro Verdaguer y Elodia Mar\u00eda Hern\u00e1ndez P\u00e9rez. Su sue\u00f1o por convertirse en cantante profesional pudo haber nacido en 1966, cuando conoci\u00f3 a Larry Moreno, quien lo invit\u00f3 a formar el dueto Reno y Rino, mismo que logr\u00f3 grabar seis canciones para la&nbsp;<em>CBS<\/em>.<\/p>\n\n\n\n<p>Su salto como solista no tard\u00f3 en llegar.&nbsp;<strong>S\u00f3lo dos a\u00f1os despu\u00e9s, cuando apenas ten\u00eda 17, lanz\u00f3 su primer sencillo \u201cLejos del amor\u201d<\/strong>. A partir de ese momento, todo fue en ascenso para el joven cantante que llegar\u00eda muy lejos a mostrar su talento.<\/p>\n\n\n\n<p>Para marzo de 1970, fue seleccionado como representante de Argentina en el&nbsp;<strong>II Festival de la Canci\u00f3n Latina, llevado a cabo en el Teatro Ferrocarrilero de la Ciudad de M\u00e9xico<\/strong>. Particip\u00f3 al lado de otros grandes de la m\u00fasica, como Claudio Villa de Italia, Sergio Denis de Argentina y Jos\u00e9 Jos\u00e9.<\/p>\n\n\n\n<p>A partir de ese momento, una estrella naci\u00f3. Durante sus 56 a\u00f1os de carrera,&nbsp;<strong>Verdaguer public\u00f3 14 discos de estudio y cinco \u00e1lbumes en vivo<\/strong>; adem\u00e1s de que en 1987, junto son su esposa Amanda Miguel, fundaron su propia compa\u00f1\u00eda discogr\u00e1fica llamada&nbsp;<em>DIAM Music&nbsp;<\/em>(Di, por Diego; y AM, por Amanda).<\/p>\n\n\n\n<p>La exitosa pareja se cas\u00f3 en 1975. Y ocho a\u00f1os despu\u00e9s naci\u00f3 su hija Ana Victoria, quien con el paso del tiempo tambi\u00e9n se convirti\u00f3 en cantante y\u00a0<strong>le otorg\u00f3 una de las m\u00e1s grandes alegr\u00edas a sus padres, ser abuelos<\/strong>, pues apenas el pasado 9 de noviembre naci\u00f3 Lucca.<\/p>\n\n\n\n<p>Fuente: https:\/\/www.infobae.com\/america\/entretenimiento\/2022\/01\/28\/diego-verdaguer-fallecio-a-los-70-anos\/<\/p>\n","protected":false},"excerpt":{"rendered":"<p>El cantante argentino dio positivo a COVID-19 en diciembre, por lo que fue hospitalizado INFOBAE Durante las primeras horas de [&hellip;]<\/p>\n","protected":false},"author":1,"featured_media":20135,"comment_status":"open","ping_status":"open","sticky":false,"template":"","format":"standard","meta":{"site-sidebar-layout":"default","site-content-layout":"","ast-site-content-layout":"default","site-content-style":"default","site-sidebar-style":"default","ast-global-header-display":"","ast-banner-title-visibility":"","ast-main-header-display":"","ast-hfb-above-header-display":"","ast-hfb-below-header-display":"","ast-hfb-mobile-header-display":"","site-post-title":"","ast-breadcrumbs-content":"","ast-featured-img":"","footer-sml-layout":"","theme-transparent-header-meta":"","adv-header-id-meta":"","stick-header-meta":"","header-above-stick-meta":"","header-main-stick-meta":"","header-below-stick-meta":"","astra-migrate-meta-layouts":"default","ast-page-background-enabled":"default","ast-page-background-meta":{"desktop":{"background-color":"var(--ast-global-color-4)","background-image":"","background-repeat":"repeat","background-position":"center center","background-size":"auto","background-attachment":"scroll","background-type":"","background-media":"","overlay-type":"","overlay-color":"","overlay-opacity":"","overlay-gradient":""},"tablet":{"background-color":"","background-image":"","background-repeat":"repeat","background-position":"center center","background-size":"auto","background-attachment":"scroll","background-type":"","background-media":"","overlay-type":"","overlay-color":"","overlay-opacity":"","overlay-gradient":""},"mobile":{"background-color":"","background-image":"","background-repeat":"repeat","background-position":"center center","background-size":"auto","background-attachment":"scroll","background-type":"","background-media":"","overlay-type":"","overlay-color":"","overlay-opacity":"","overlay-gradient":""}},"ast-content-background-meta":{"desktop":{"background-color":"var(--ast-global-color-5)","background-image":"","background-repeat":"repeat","background-position":"center center","background-size":"auto","background-attachment":"scroll","background-type":"","background-media":"","overlay-type":"","overlay-color":"","overlay-opacity":"","overlay-gradient":""},"tablet":{"background-color":"var(--ast-global-color-5)","background-image":"","background-repeat":"repeat","background-position":"center center","background-size":"auto","background-attachment":"scroll","background-type":"","background-media":"","overlay-type":"","overlay-color":"","overlay-opacity":"","overlay-gradient":""},"mobile":{"background-color":"var(--ast-global-color-5)","background-image":"","background-repeat":"repeat","background-position":"center center","background-size":"auto","background-attachment":"scroll","background-type":"","background-media":"","overlay-type":"","overlay-color":"","overlay-opacity":"","overlay-gradient":""}},"footnotes":""},"categories":[8],"tags":[7240,7239],"class_list":["post-20132","post","type-post","status-publish","format-standard","has-post-thumbnail","hentry","category-noticias","tag-amanda-miguel","tag-diego-verdaguer"],"_links":{"self":[{"href":"https:\/\/losperiodistas.com.mx\/portal\/wp-json\/wp\/v2\/posts\/20132","targetHints":{"allow":["GET"]}}],"collection":[{"href":"https:\/\/losperiodistas.com.mx\/portal\/wp-json\/wp\/v2\/posts"}],"about":[{"href":"https:\/\/losperiodistas.com.mx\/portal\/wp-json\/wp\/v2\/types\/post"}],"author":[{"embeddable":true,"href":"https:\/\/losperiodistas.com.mx\/portal\/wp-json\/wp\/v2\/users\/1"}],"replies":[{"embeddable":true,"href":"https:\/\/losperiodistas.com.mx\/portal\/wp-json\/wp\/v2\/comments?post=20132"}],"version-history":[{"count":1,"href":"https:\/\/losperiodistas.com.mx\/portal\/wp-json\/wp\/v2\/posts\/20132\/revisions"}],"predecessor-version":[{"id":20137,"href":"https:\/\/losperiodistas.com.mx\/portal\/wp-json\/wp\/v2\/posts\/20132\/revisions\/20137"}],"wp:featuredmedia":[{"embeddable":true,"href":"https:\/\/losperiodistas.com.mx\/portal\/wp-json\/wp\/v2\/media\/20135"}],"wp:attachment":[{"href":"https:\/\/losperiodistas.com.mx\/portal\/wp-json\/wp\/v2\/media?parent=20132"}],"wp:term":[{"taxonomy":"category","embeddable":true,"href":"https:\/\/losperiodistas.com.mx\/portal\/wp-json\/wp\/v2\/categories?post=20132"},{"taxonomy":"post_tag","embeddable":true,"href":"https:\/\/losperiodistas.com.mx\/portal\/wp-json\/wp\/v2\/tags?post=20132"}],"curies":[{"name":"wp","href":"https:\/\/api.w.org\/{rel}","templated":true}]}}