{"id":20104,"date":"2022-01-27T08:57:52","date_gmt":"2022-01-27T14:57:52","guid":{"rendered":"http:\/\/losperiodistas.com.mx\/portal\/?p=20104"},"modified":"2022-01-27T08:57:53","modified_gmt":"2022-01-27T14:57:53","slug":"en-mexico-matar-a-un-periodista-es-como-matar-a-nadie-aleteia","status":"publish","type":"post","link":"https:\/\/losperiodistas.com.mx\/portal\/en-mexico-matar-a-un-periodista-es-como-matar-a-nadie-aleteia\/","title":{"rendered":"\u201cEn M\u00e9xico, matar a un periodista es como matar a nadie\u201d | Aleteia"},"content":{"rendered":"\n<p style=\"font-size:18px\"><em>M\u00e9xico se ha convertido en el pa\u00eds m\u00e1s letal del mundo para los periodistas. En casi todo el pa\u00eds \u2013m\u00e1s a\u00fan en estados \u201ccontrolados\u201d por el narcotr\u00e1fico\u2014ejercer el periodismo es una tarea de alto riesgo<\/em><\/p>\n\n\n\n<figure class=\"wp-block-image size-large\"><img fetchpriority=\"high\" decoding=\"async\" width=\"1024\" height=\"574\" src=\"https:\/\/losperiodistas.com.mx\/portal\/wp-content\/uploads\/2022\/01\/Captura-de-Pantalla-2022-01-27-a-las-8.52.07-1024x574.png\" alt=\"\" class=\"wp-image-20105\" srcset=\"https:\/\/losperiodistas.com.mx\/portal\/wp-content\/uploads\/2022\/01\/Captura-de-Pantalla-2022-01-27-a-las-8.52.07-1024x574.png 1024w, https:\/\/losperiodistas.com.mx\/portal\/wp-content\/uploads\/2022\/01\/Captura-de-Pantalla-2022-01-27-a-las-8.52.07-300x168.png 300w, https:\/\/losperiodistas.com.mx\/portal\/wp-content\/uploads\/2022\/01\/Captura-de-Pantalla-2022-01-27-a-las-8.52.07-768x431.png 768w, https:\/\/losperiodistas.com.mx\/portal\/wp-content\/uploads\/2022\/01\/Captura-de-Pantalla-2022-01-27-a-las-8.52.07.png 1238w\" sizes=\"(max-width: 1024px) 100vw, 1024px\" \/><figcaption>Artur Widak \/ NurPhoto via AFP<\/figcaption><\/figure>\n\n\n\n<p><\/p>\n\n\n\n<p class=\"has-vivid-cyan-blue-color has-text-color has-medium-font-size\">JAIME SEPTI\u00c9N \/ ALETEIA<\/p>\n\n\n\n<p>Las agresiones sistem\u00e1ticas a los comunicadores han elevado su ritmo en los \u00faltimos tres a\u00f1os. Tan solo en lo que va de 2022, han sido asesinados tres periodistas y del a\u00f1o 2000 a la fecha, suman 140 asesinatos a miembros del gremio.<\/p>\n\n\n\n<p>El pasado martes 25 de enero, periodistas y ciudadanos mexicanos salieron a la calle en 47 ciudades y en 27 estados del pa\u00eds para protestar contra la inseguridad con lemas como \u201cni silencio ni olvido\u201d, \u201calto al asesinato de periodistas\u201d, \u201c\u00a1justicia ya!\u201d o \u201ctememos por nuestras vidas\u201d.<\/p>\n\n\n\n<p>La gota que ha derramado el vaso ha sido el asesinato en enero de este a\u00f1o de Jos\u00e9 Luis Gamboa Arenas, Margarito Mart\u00ednez Esquivel, y Lourdes Maldonado; estos dos \u00faltimos en Tijuana, Baja California, con tan solo d\u00edas de diferencia.<\/p>\n\n\n\n<h3 class=\"wp-block-heading\">\u201cNo se mata la verdad matando periodistas\u201d<\/h3>\n\n\n\n<p>En muchas de las manifestaciones el lema ha sido el mismo: \u201cNo se mata a la verdad matando periodistas\u201d. Y es que la mayor parte de los cr\u00edmenes cometidos contra el gremio tiene que ver, justamente, por su papel al difundir la verdad de la colusi\u00f3n entre criminales y autoridades pol\u00edticas y policiacas.<\/p>\n\n\n\n<p>Aunque el Gobierno federal, desde hace tiempo, ha puesto en marcha el Mecanismo de Protecci\u00f3n de Periodistas, a ojos vista no ha dado resultados, como tampoco los ha dado la Fiscal\u00eda Especializada en Delitos contra la Libertad de Expresi\u00f3n.<\/p>\n\n\n\n<p>El caso m\u00e1s reciente, el de la periodista Lourdes Maldonado (68) es una muestra clara de que los asesinos tienen \u201ctodas las de ganar\u201d. Maldonado, fue asesinada a pesar de que estaba inscrita en el Mecanismo de Protecci\u00f3n de Baja California.<\/p>\n\n\n\n<p>Seg\u00fan diversas asociaciones de periodistas mexicanos, el noventa por ciento de los delitos cometidos en contra de la libertad de expresi\u00f3n permanece impune.<\/p>\n\n\n\n<h3 class=\"wp-block-heading\">\u201cHa sido un golpe brutal\u201d<\/h3>\n\n\n\n<p>Durante la lectura de comunicados, se escuch\u00f3 la voz de diversos comunicadores de Tijuana, ciudad en la que, durante las primeras semanas de enero asesinaron a Margarito Mart\u00ednez Esquivel y a Lourdes Maldonado<\/p>\n\n\n\n<p>\u201cDos asesinatos en cuesti\u00f3n de d\u00edas ha sido un golpe brutal\u201d, plante\u00f3 Gabriela C\u00f3rdova durante la manifestaci\u00f3n en Ciudad de M\u00e9xico. \u201cNo hab\u00edamos tenido tiempo a\u00fan de procesar el asesinato de Margarito Mart\u00ednez\u2026 cuando asesinan a la compa\u00f1era Lourdes Maldonado. No nos permitieron ni procesar el dolor\u201d.<\/p>\n\n\n\n<p>Al terminar la participaci\u00f3n de Gabriela, seg\u00fan reporta el portal Animal Pol\u00edtico, los periodistas presentes, tanto como los ciudadanos que los arropaba, corearon las consignas \u201cNo est\u00e1n solos\u201d y \u201cJusticia\u201d.<\/p>\n\n\n\n<p>A Lourdes Maldonado la asesinaron frente a su casa, en el mismo lugar donde se hab\u00eda acogido al Mecanismo de Protecci\u00f3n y a las autoridades policiacas locales les hab\u00eda pedido que la cuidaran. Los asesinos le dispararon varias veces en la cabeza.<\/p>\n\n\n\n<h3 class=\"wp-block-heading\">Los m\u00e1s peligrosos<\/h3>\n\n\n\n<p>En el informe anual de Reporteros sin Fronteras, dado a conocer el 16 de diciembre de 2021, se se\u00f1ala que un total de 488 periodistas est\u00e1n detenidos en el mundo, un aumento del veinte por ciento respecto a 2020.<\/p>\n\n\n\n<p>Y si bien, el n\u00famero de periodistas asesinados baj\u00f3 en 2021 \u2013en buena parte gracias al fin parcial de conflictos armados en Siria, Irak, Afganist\u00e1n o Yemen\u2013 M\u00e9xico y Afganist\u00e1n siguen encabezando la lista de pa\u00edses donde es m\u00e1s peligroso ejercer el oficio.<\/p>\n\n\n\n<p>Y M\u00e9xico es el m\u00e1s letal, porque, oficialmente, no se encuentra en situaci\u00f3n de guerra civil, pero un pa\u00eds en el que se asesina a un promedio de 95 personas cada d\u00eda, no puede considerarse otra cosa que un pa\u00eds en guerra.<\/p>\n\n\n\n<p>Y los periodistas saben del miedo de enfrentarse al pa\u00eds de la impunidad. Como el resto de los ciudadanos.<\/p>\n\n\n\n<p>Fuente: https:\/\/es.aleteia.org\/2022\/01\/27\/en-mexico-matar-a-un-periodista-es-como-matar-a-nadie\/<\/p>\n","protected":false},"excerpt":{"rendered":"<p>M\u00e9xico se ha convertido en el pa\u00eds m\u00e1s letal del mundo para los periodistas. En casi todo el pa\u00eds \u2013m\u00e1s [&hellip;]<\/p>\n","protected":false},"author":1,"featured_media":20105,"comment_status":"open","ping_status":"open","sticky":false,"template":"","format":"standard","meta":{"site-sidebar-layout":"default","site-content-layout":"","ast-site-content-layout":"default","site-content-style":"default","site-sidebar-style":"default","ast-global-header-display":"","ast-banner-title-visibility":"","ast-main-header-display":"","ast-hfb-above-header-display":"","ast-hfb-below-header-display":"","ast-hfb-mobile-header-display":"","site-post-title":"","ast-breadcrumbs-content":"","ast-featured-img":"","footer-sml-layout":"","theme-transparent-header-meta":"","adv-header-id-meta":"","stick-header-meta":"","header-above-stick-meta":"","header-main-stick-meta":"","header-below-stick-meta":"","astra-migrate-meta-layouts":"default","ast-page-background-enabled":"default","ast-page-background-meta":{"desktop":{"background-color":"var(--ast-global-color-4)","background-image":"","background-repeat":"repeat","background-position":"center center","background-size":"auto","background-attachment":"scroll","background-type":"","background-media":"","overlay-type":"","overlay-color":"","overlay-opacity":"","overlay-gradient":""},"tablet":{"background-color":"","background-image":"","background-repeat":"repeat","background-position":"center center","background-size":"auto","background-attachment":"scroll","background-type":"","background-media":"","overlay-type":"","overlay-color":"","overlay-opacity":"","overlay-gradient":""},"mobile":{"background-color":"","background-image":"","background-repeat":"repeat","background-position":"center center","background-size":"auto","background-attachment":"scroll","background-type":"","background-media":"","overlay-type":"","overlay-color":"","overlay-opacity":"","overlay-gradient":""}},"ast-content-background-meta":{"desktop":{"background-color":"var(--ast-global-color-5)","background-image":"","background-repeat":"repeat","background-position":"center center","background-size":"auto","background-attachment":"scroll","background-type":"","background-media":"","overlay-type":"","overlay-color":"","overlay-opacity":"","overlay-gradient":""},"tablet":{"background-color":"var(--ast-global-color-5)","background-image":"","background-repeat":"repeat","background-position":"center center","background-size":"auto","background-attachment":"scroll","background-type":"","background-media":"","overlay-type":"","overlay-color":"","overlay-opacity":"","overlay-gradient":""},"mobile":{"background-color":"var(--ast-global-color-5)","background-image":"","background-repeat":"repeat","background-position":"center center","background-size":"auto","background-attachment":"scroll","background-type":"","background-media":"","overlay-type":"","overlay-color":"","overlay-opacity":"","overlay-gradient":""}},"footnotes":""},"categories":[8],"tags":[7233,3223],"class_list":["post-20104","post","type-post","status-publish","format-standard","has-post-thumbnail","hentry","category-noticias","tag-periodismoenriesgo","tag-periodistas-asesinados-mexico"],"_links":{"self":[{"href":"https:\/\/losperiodistas.com.mx\/portal\/wp-json\/wp\/v2\/posts\/20104","targetHints":{"allow":["GET"]}}],"collection":[{"href":"https:\/\/losperiodistas.com.mx\/portal\/wp-json\/wp\/v2\/posts"}],"about":[{"href":"https:\/\/losperiodistas.com.mx\/portal\/wp-json\/wp\/v2\/types\/post"}],"author":[{"embeddable":true,"href":"https:\/\/losperiodistas.com.mx\/portal\/wp-json\/wp\/v2\/users\/1"}],"replies":[{"embeddable":true,"href":"https:\/\/losperiodistas.com.mx\/portal\/wp-json\/wp\/v2\/comments?post=20104"}],"version-history":[{"count":1,"href":"https:\/\/losperiodistas.com.mx\/portal\/wp-json\/wp\/v2\/posts\/20104\/revisions"}],"predecessor-version":[{"id":20106,"href":"https:\/\/losperiodistas.com.mx\/portal\/wp-json\/wp\/v2\/posts\/20104\/revisions\/20106"}],"wp:featuredmedia":[{"embeddable":true,"href":"https:\/\/losperiodistas.com.mx\/portal\/wp-json\/wp\/v2\/media\/20105"}],"wp:attachment":[{"href":"https:\/\/losperiodistas.com.mx\/portal\/wp-json\/wp\/v2\/media?parent=20104"}],"wp:term":[{"taxonomy":"category","embeddable":true,"href":"https:\/\/losperiodistas.com.mx\/portal\/wp-json\/wp\/v2\/categories?post=20104"},{"taxonomy":"post_tag","embeddable":true,"href":"https:\/\/losperiodistas.com.mx\/portal\/wp-json\/wp\/v2\/tags?post=20104"}],"curies":[{"name":"wp","href":"https:\/\/api.w.org\/{rel}","templated":true}]}}