{"id":20101,"date":"2022-01-27T08:37:09","date_gmt":"2022-01-27T14:37:09","guid":{"rendered":"http:\/\/losperiodistas.com.mx\/portal\/?p=20101"},"modified":"2022-01-27T08:37:10","modified_gmt":"2022-01-27T14:37:10","slug":"ni-eeuu-ni-china-ni-rusia-el-litio-es-de-los-mexicanos-sentencia-amlo-sputnik","status":"publish","type":"post","link":"https:\/\/losperiodistas.com.mx\/portal\/ni-eeuu-ni-china-ni-rusia-el-litio-es-de-los-mexicanos-sentencia-amlo-sputnik\/","title":{"rendered":"\u00abNi EEUU ni China ni Rusia\u00bb: El litio es de los mexicanos, sentencia AMLO | Sputnik"},"content":{"rendered":"\n<figure class=\"wp-block-image size-large\"><img fetchpriority=\"high\" decoding=\"async\" width=\"1024\" height=\"574\" src=\"https:\/\/losperiodistas.com.mx\/portal\/wp-content\/uploads\/2022\/01\/Captura-de-Pantalla-2022-01-27-a-las-8.32.10-1024x574.png\" alt=\"\" class=\"wp-image-20102\" srcset=\"https:\/\/losperiodistas.com.mx\/portal\/wp-content\/uploads\/2022\/01\/Captura-de-Pantalla-2022-01-27-a-las-8.32.10-1024x574.png 1024w, https:\/\/losperiodistas.com.mx\/portal\/wp-content\/uploads\/2022\/01\/Captura-de-Pantalla-2022-01-27-a-las-8.32.10-300x168.png 300w, https:\/\/losperiodistas.com.mx\/portal\/wp-content\/uploads\/2022\/01\/Captura-de-Pantalla-2022-01-27-a-las-8.32.10-768x431.png 768w, https:\/\/losperiodistas.com.mx\/portal\/wp-content\/uploads\/2022\/01\/Captura-de-Pantalla-2022-01-27-a-las-8.32.10.png 1202w\" sizes=\"(max-width: 1024px) 100vw, 1024px\" \/><figcaption>\u00a9 Foto : Cortes\u00eda de la Presidencia de M\u00e9xico<br><\/figcaption><\/figure>\n\n\n\n<p><\/p>\n\n\n\n<p class=\"has-vivid-cyan-blue-color has-text-color has-medium-font-size\">SPUTNIK<\/p>\n\n\n\n<p>El presidente de M\u00e9xico, Andr\u00e9s Manuel L\u00f3pez Obrador, asegur\u00f3 que su Gobierno no quiere que el litio del pa\u00eds sea manejado por potencias extranjeras.<\/p>\n\n\n\n<p>\u00abNi Estados Unidos ni China ni Rusia,\u00a0<a href=\"https:\/\/mundo.sputniknews.com\/20220111\/mexico-tiene-ocho-solicitudes-para-explorar-yacimientos-de-litio-revela-adan-augusto-lopez-1120194033.html\" target=\"_blank\" rel=\"noreferrer noopener\">el litio es de los mexicanos<\/a>\u00ab, sentenci\u00f3 el mandatario mexicano en su conferencia de prensa de este 27 de enero desde Palacio Nacional.<\/p>\n\n\n\n<p>Al explicar las razones de la impulsar la reforma energ\u00e9tica en donde se pretende nacionalizar el preciado mineral estrat\u00e9gico para la producci\u00f3n de la miner\u00eda, el presidente de M\u00e9xico revel\u00f3 que la Comisi\u00f3n de Competencia Econ\u00f3mica autoriz\u00f3 que se lleve a cabo una operaci\u00f3n para que una\u00a0<strong>mina en\u00a0<a href=\"https:\/\/mundo.sputniknews.com\/20211201\/empresas-chinas-mueven-sus-fichas-por-todo-el-mundo-para-conseguir-litio-1118825712.html\" target=\"_blank\" rel=\"noreferrer noopener\">Sonora<\/a>\u00a0pase a ser propiedad del Gobierno de China<\/strong>.<\/p>\n\n\n\n<p>\u00abImag\u00ednense eso. Nosotros no queremos que el litio lo manejen potencias extranjeras\u00bb, dijo L\u00f3pez Obrador quien asever\u00f3 que este tipo de decisiones son perversas y en contra de la naci\u00f3n.<\/p>\n\n\n\n<p><a href=\"https:\/\/mundo.sputniknews.com\/20220119\/litio-el-tesoro-por-el-que-senadores-de-eeuu-piden-a-biden-frenar-reforma-energetica-de-amlo-1120508421.html\"><\/a><a href=\"https:\/\/mundo.sputniknews.com\/america-latina\/\">Am\u00e9rica Latina<\/a><a href=\"https:\/\/mundo.sputniknews.com\/20220119\/litio-el-tesoro-por-el-que-senadores-de-eeuu-piden-a-biden-frenar-reforma-energetica-de-amlo-1120508421.html\">Litio, el tesoro por el que senadores de EEUU piden a Biden frenar reforma energ\u00e9tica de AMLO<\/a>19 de enero, 19:35 GMTRecord\u00f3 que mediante las\u00a0<strong>mesas de di\u00e1logo<\/strong><\/p>\n\n\n\n<p>\u00a0que mantiene el Gobierno federal con sus opositores se pretende tambi\u00e9n informar a la poblaci\u00f3n la importancia de la\u00a0<a href=\"https:\/\/mundo.sputniknews.com\/20220124\/empresarios-vuelven-a-arrasar-contra-reforma-energetica-de-amlo-seria-una-verguenza-internacional-1120692735.html\" target=\"_blank\" rel=\"noreferrer noopener\">reforma energ\u00e9tica<\/a>\u00a0y sus puntos clave y pol\u00e9micos como el fortalecimiento, por ley, a la Comisi\u00f3n Federal de Electricidad (CFE).<\/p>\n\n\n\n<p>Fuente: https:\/\/mundo.sputniknews.com\/20220127\/ni-eeuu-ni-china-ni-rusia-el-litio-es-de-los-mexicanos-sentencia-amlo-1120816078.html<\/p>\n\n\n\n<p>Fuente: <\/p>\n","protected":false},"excerpt":{"rendered":"<p>SPUTNIK El presidente de M\u00e9xico, Andr\u00e9s Manuel L\u00f3pez Obrador, asegur\u00f3 que su Gobierno no quiere que el litio del pa\u00eds [&hellip;]<\/p>\n","protected":false},"author":1,"featured_media":20102,"comment_status":"open","ping_status":"open","sticky":false,"template":"","format":"standard","meta":{"site-sidebar-layout":"default","site-content-layout":"","ast-site-content-layout":"default","site-content-style":"default","site-sidebar-style":"default","ast-global-header-display":"","ast-banner-title-visibility":"","ast-main-header-display":"","ast-hfb-above-header-display":"","ast-hfb-below-header-display":"","ast-hfb-mobile-header-display":"","site-post-title":"","ast-breadcrumbs-content":"","ast-featured-img":"","footer-sml-layout":"","theme-transparent-header-meta":"","adv-header-id-meta":"","stick-header-meta":"","header-above-stick-meta":"","header-main-stick-meta":"","header-below-stick-meta":"","astra-migrate-meta-layouts":"default","ast-page-background-enabled":"default","ast-page-background-meta":{"desktop":{"background-color":"var(--ast-global-color-4)","background-image":"","background-repeat":"repeat","background-position":"center center","background-size":"auto","background-attachment":"scroll","background-type":"","background-media":"","overlay-type":"","overlay-color":"","overlay-opacity":"","overlay-gradient":""},"tablet":{"background-color":"","background-image":"","background-repeat":"repeat","background-position":"center center","background-size":"auto","background-attachment":"scroll","background-type":"","background-media":"","overlay-type":"","overlay-color":"","overlay-opacity":"","overlay-gradient":""},"mobile":{"background-color":"","background-image":"","background-repeat":"repeat","background-position":"center center","background-size":"auto","background-attachment":"scroll","background-type":"","background-media":"","overlay-type":"","overlay-color":"","overlay-opacity":"","overlay-gradient":""}},"ast-content-background-meta":{"desktop":{"background-color":"var(--ast-global-color-5)","background-image":"","background-repeat":"repeat","background-position":"center center","background-size":"auto","background-attachment":"scroll","background-type":"","background-media":"","overlay-type":"","overlay-color":"","overlay-opacity":"","overlay-gradient":""},"tablet":{"background-color":"var(--ast-global-color-5)","background-image":"","background-repeat":"repeat","background-position":"center center","background-size":"auto","background-attachment":"scroll","background-type":"","background-media":"","overlay-type":"","overlay-color":"","overlay-opacity":"","overlay-gradient":""},"mobile":{"background-color":"var(--ast-global-color-5)","background-image":"","background-repeat":"repeat","background-position":"center center","background-size":"auto","background-attachment":"scroll","background-type":"","background-media":"","overlay-type":"","overlay-color":"","overlay-opacity":"","overlay-gradient":""}},"footnotes":""},"categories":[8],"tags":[199,5008],"class_list":["post-20101","post","type-post","status-publish","format-standard","has-post-thumbnail","hentry","category-noticias","tag-amlo","tag-litio"],"_links":{"self":[{"href":"https:\/\/losperiodistas.com.mx\/portal\/wp-json\/wp\/v2\/posts\/20101","targetHints":{"allow":["GET"]}}],"collection":[{"href":"https:\/\/losperiodistas.com.mx\/portal\/wp-json\/wp\/v2\/posts"}],"about":[{"href":"https:\/\/losperiodistas.com.mx\/portal\/wp-json\/wp\/v2\/types\/post"}],"author":[{"embeddable":true,"href":"https:\/\/losperiodistas.com.mx\/portal\/wp-json\/wp\/v2\/users\/1"}],"replies":[{"embeddable":true,"href":"https:\/\/losperiodistas.com.mx\/portal\/wp-json\/wp\/v2\/comments?post=20101"}],"version-history":[{"count":1,"href":"https:\/\/losperiodistas.com.mx\/portal\/wp-json\/wp\/v2\/posts\/20101\/revisions"}],"predecessor-version":[{"id":20103,"href":"https:\/\/losperiodistas.com.mx\/portal\/wp-json\/wp\/v2\/posts\/20101\/revisions\/20103"}],"wp:featuredmedia":[{"embeddable":true,"href":"https:\/\/losperiodistas.com.mx\/portal\/wp-json\/wp\/v2\/media\/20102"}],"wp:attachment":[{"href":"https:\/\/losperiodistas.com.mx\/portal\/wp-json\/wp\/v2\/media?parent=20101"}],"wp:term":[{"taxonomy":"category","embeddable":true,"href":"https:\/\/losperiodistas.com.mx\/portal\/wp-json\/wp\/v2\/categories?post=20101"},{"taxonomy":"post_tag","embeddable":true,"href":"https:\/\/losperiodistas.com.mx\/portal\/wp-json\/wp\/v2\/tags?post=20101"}],"curies":[{"name":"wp","href":"https:\/\/api.w.org\/{rel}","templated":true}]}}