{"id":20090,"date":"2022-01-27T06:25:02","date_gmt":"2022-01-27T12:25:02","guid":{"rendered":"http:\/\/losperiodistas.com.mx\/portal\/?p=20090"},"modified":"2022-01-27T06:25:04","modified_gmt":"2022-01-27T12:25:04","slug":"dante-delgado-renuncia-a-la-presidencia-de-la-comision-especial-para-veracruz-proceso","status":"publish","type":"post","link":"https:\/\/losperiodistas.com.mx\/portal\/dante-delgado-renuncia-a-la-presidencia-de-la-comision-especial-para-veracruz-proceso\/","title":{"rendered":"Dante Delgado renuncia a la presidencia de la comisi\u00f3n especial para Veracruz | Proceso"},"content":{"rendered":"\n<p style=\"font-size:18px\"><em>\u00abPrefieren proteger a un gobernador autoritario, incompetente, antes de hacer prevalecer la justicia y defender a ciudadanos\u00bb, lament\u00f3 el senador de Movimiento Ciudadano ante el reclamo de legisladores morenistas.<\/em><\/p>\n\n\n\n<figure class=\"wp-block-image size-large\"><img fetchpriority=\"high\" decoding=\"async\" width=\"1024\" height=\"682\" src=\"https:\/\/losperiodistas.com.mx\/portal\/wp-content\/uploads\/2022\/01\/Captura-de-Pantalla-2022-01-27-a-las-6.20.30-1024x682.jpg\" alt=\"\" class=\"wp-image-20091\" srcset=\"https:\/\/losperiodistas.com.mx\/portal\/wp-content\/uploads\/2022\/01\/Captura-de-Pantalla-2022-01-27-a-las-6.20.30-1024x682.jpg 1024w, https:\/\/losperiodistas.com.mx\/portal\/wp-content\/uploads\/2022\/01\/Captura-de-Pantalla-2022-01-27-a-las-6.20.30-300x200.jpg 300w, https:\/\/losperiodistas.com.mx\/portal\/wp-content\/uploads\/2022\/01\/Captura-de-Pantalla-2022-01-27-a-las-6.20.30-768x511.jpg 768w, https:\/\/losperiodistas.com.mx\/portal\/wp-content\/uploads\/2022\/01\/Captura-de-Pantalla-2022-01-27-a-las-6.20.30-1536x1023.jpg 1536w, https:\/\/losperiodistas.com.mx\/portal\/wp-content\/uploads\/2022\/01\/Captura-de-Pantalla-2022-01-27-a-las-6.20.30.jpg 2024w\" sizes=\"(max-width: 1024px) 100vw, 1024px\" \/><figcaption>El senador de MC, Dante Delgado. Foto: J. Ra\u00fal P\u00e9rez<\/figcaption><\/figure>\n\n\n\n<p><\/p>\n\n\n\n<p class=\"has-vivid-cyan-blue-color has-text-color has-medium-font-size\">NELDY SAN MART\u00cdN \/ PROCESO<\/p>\n\n\n\n<p>CIUDAD DE M\u00c9XICO (apro).- El senador Dante Delgado de Movimiento Ciudadano renunci\u00f3 a la presidencia de la comisi\u00f3n especial para determinar la existencia de abusos de autoridad y violaciones al estado de derecho en el estado de Veracruz, luego del reclamo de 29 senadoras y senadores de Morena, alineados al gobierno de Cuitl\u00e1huac Garc\u00eda, quienes cuestionaron la legalidad de dicha comisi\u00f3n.<\/p>\n\n\n\n<p>De acuerdo con Dante Delgado la comisi\u00f3n, que surgi\u00f3 tras la detenci\u00f3n de Jos\u00e9 Manuel del R\u00edo, secretario de la Junta de Coordinaci\u00f3n Pol\u00edtica del Senado, ha documentado 84 casos de violaciones a derechos humanos en Veracruz. Sin embargo, decidi\u00f3 renunciar debido a que un grupo de Morena se manifest\u00f3 en contra del trabajo de la comisi\u00f3n especial.<\/p>\n\n\n\n<h5 class=\"wp-block-heading\"><br>NOTICIAS RELACIONADAS<\/h5>\n\n\n\n<ul class=\"wp-block-list\"><li><a href=\"https:\/\/www.proceso.com.mx\/nacional\/2022\/1\/25\/es-un-gran-operador-politico-olga-sanchez-cordero-respalda-monreal-279777.html\">\u00abEs un gran operador pol\u00edtico\u00bb: Olga S\u00e1nchez Cordero respalda a Monreal<\/a><\/li><li><a href=\"https:\/\/www.proceso.com.mx\/nacional\/politica\/2022\/1\/25\/monreal-pide-morenistas-inconformes-no-dirimir-diferencias-en-medios-279744.html\">Monreal pide a morenistas inconformes no dirimir diferencias en medios<\/a><\/li><li><a href=\"https:\/\/www.proceso.com.mx\/nacional\/2022\/1\/18\/ricardo-monreal-niega-existencia-de-un-grupo-parlamentario-de-monrealistas-en-el-senado-279340.html\">Ricardo Monreal niega existencia de un grupo parlamentario de \u00abmonrealistas\u00bb en el Senado<\/a><\/li><\/ul>\n\n\n\n<p>\u201cPrefieren proteger a un gobernador autoritario, incompetente, antes de hacer prevalecer la justicia y defender a ciudadanos\u201d, lament\u00f3.<\/p>\n\n\n\n<p>\u201cSi Morena utiliza su mayor\u00eda para callar las voces disidentes, para impedir que la justicia se haga valer y proteger a un gobernador criminal, nosotros vamos a convocar a la ciudadanas y ciudadanos para impedir que en Veracruz siga prevaleciendo el abuso de poder y la impunidad\u201d, a\u00f1adi\u00f3.<\/p>\n\n\n\n<figure class=\"wp-block-embed is-type-rich is-provider-twitter wp-block-embed-twitter\"><div class=\"wp-block-embed__wrapper\">\n<blockquote class=\"twitter-tweet\" data-width=\"500\" data-dnt=\"true\"><p lang=\"es\" dir=\"ltr\"><a href=\"https:\/\/twitter.com\/hashtag\/EnVivo?src=hash&amp;ref_src=twsrc%5Etfw\">#EnVivo<\/a> | Desde la Comisi\u00f3n Especial en el Senado, hemos recibido m\u00faltiples casos de violaciones a los derechos humanos que se viven en Veracruz, como es el caso de <a href=\"https:\/\/twitter.com\/delriovirgen1?ref_src=twsrc%5Etfw\">@delriovirgen1<\/a>. Este es nuestro mensaje:  <a href=\"https:\/\/t.co\/1j0R8Ubij3\">https:\/\/t.co\/1j0R8Ubij3<\/a><\/p>&mdash; Dante Delgado (@DanteDelgado) <a href=\"https:\/\/twitter.com\/DanteDelgado\/status\/1486417803716567052?ref_src=twsrc%5Etfw\">January 26, 2022<\/a><\/blockquote><script async src=\"https:\/\/platform.twitter.com\/widgets.js\" charset=\"utf-8\"><\/script>\n<\/div><\/figure>\n\n\n\n<p>Delgado reconoci\u00f3 que la comisi\u00f3n especial todav\u00eda no ha sido constituida legalmente como acusan los morenistas inconformes, pues falta la aprobaci\u00f3n en el Pleno del Senado.<\/p>\n\n\n\n<p>Explic\u00f3 que fue acordada por la Junta de Coordinaci\u00f3n Pol\u00edtica, para su posterior aprobaci\u00f3n en el Pleno, tras su petici\u00f3n de desaparici\u00f3n de poderes en el estado al considerar que la detenci\u00f3n de Del R\u00edo fue ilegal y una represalia pol\u00edtica, y que exist\u00edan otros probables abusos de autoridad y violaciones al Estado de Derecho.<\/p>\n\n\n\n<p>\u201cNi el evidente abuso de poder, ni el uso faccioso de las instituciones, ni las reiteradas y evidentes violaciones a los derechos de cientos de veracruzanos, fueron impedimento para que el presidente de la Rep\u00fablica manifestara su apoyo al gobernador, ni para que sus declaraciones echaran a andar a las fuerzas de Morena y del gobierno, para protegerlo\u201d, acus\u00f3.<\/p>\n\n\n\n<p>El coordinador nacional de Movimiento Ciudadano dijo que pidi\u00f3 a Clemente Casta\u00f1eda, coordinador del grupo parlamentario de MC en el Senado, que notifique a la Jucopo su decisi\u00f3n de dejar la presidencia de la comisi\u00f3n.<\/p>\n\n\n\n<p>Fuente: https:\/\/www.proceso.com.mx\/nacional\/politica\/2022\/1\/26\/dante-delgado-renuncia-la-presidencia-de-la-comision-especial-para-veracruz-279826.html<\/p>\n\n\n\n<p style=\"font-size:18px\"><a href=\"https:\/\/www.proceso.com.mx\/u\/fotografias\/fotosnoticias\/2022\/1\/26\/149423.jpg\"><\/a><\/p>\n","protected":false},"excerpt":{"rendered":"<p>\u00abPrefieren proteger a un gobernador autoritario, incompetente, antes de hacer prevalecer la justicia y defender a ciudadanos\u00bb, lament\u00f3 el senador [&hellip;]<\/p>\n","protected":false},"author":1,"featured_media":20091,"comment_status":"open","ping_status":"open","sticky":false,"template":"","format":"standard","meta":{"site-sidebar-layout":"default","site-content-layout":"","ast-site-content-layout":"default","site-content-style":"default","site-sidebar-style":"default","ast-global-header-display":"","ast-banner-title-visibility":"","ast-main-header-display":"","ast-hfb-above-header-display":"","ast-hfb-below-header-display":"","ast-hfb-mobile-header-display":"","site-post-title":"","ast-breadcrumbs-content":"","ast-featured-img":"","footer-sml-layout":"","theme-transparent-header-meta":"","adv-header-id-meta":"","stick-header-meta":"","header-above-stick-meta":"","header-main-stick-meta":"","header-below-stick-meta":"","astra-migrate-meta-layouts":"default","ast-page-background-enabled":"default","ast-page-background-meta":{"desktop":{"background-color":"var(--ast-global-color-4)","background-image":"","background-repeat":"repeat","background-position":"center center","background-size":"auto","background-attachment":"scroll","background-type":"","background-media":"","overlay-type":"","overlay-color":"","overlay-opacity":"","overlay-gradient":""},"tablet":{"background-color":"","background-image":"","background-repeat":"repeat","background-position":"center center","background-size":"auto","background-attachment":"scroll","background-type":"","background-media":"","overlay-type":"","overlay-color":"","overlay-opacity":"","overlay-gradient":""},"mobile":{"background-color":"","background-image":"","background-repeat":"repeat","background-position":"center center","background-size":"auto","background-attachment":"scroll","background-type":"","background-media":"","overlay-type":"","overlay-color":"","overlay-opacity":"","overlay-gradient":""}},"ast-content-background-meta":{"desktop":{"background-color":"var(--ast-global-color-5)","background-image":"","background-repeat":"repeat","background-position":"center center","background-size":"auto","background-attachment":"scroll","background-type":"","background-media":"","overlay-type":"","overlay-color":"","overlay-opacity":"","overlay-gradient":""},"tablet":{"background-color":"var(--ast-global-color-5)","background-image":"","background-repeat":"repeat","background-position":"center center","background-size":"auto","background-attachment":"scroll","background-type":"","background-media":"","overlay-type":"","overlay-color":"","overlay-opacity":"","overlay-gradient":""},"mobile":{"background-color":"var(--ast-global-color-5)","background-image":"","background-repeat":"repeat","background-position":"center center","background-size":"auto","background-attachment":"scroll","background-type":"","background-media":"","overlay-type":"","overlay-color":"","overlay-opacity":"","overlay-gradient":""}},"footnotes":""},"categories":[8],"tags":[198,6342,3762,4027],"class_list":["post-20090","post","type-post","status-publish","format-standard","has-post-thumbnail","hentry","category-noticias","tag-dante-delgado","tag-jose-manuel-del-rio-virgen","tag-mc","tag-veracruz"],"_links":{"self":[{"href":"https:\/\/losperiodistas.com.mx\/portal\/wp-json\/wp\/v2\/posts\/20090","targetHints":{"allow":["GET"]}}],"collection":[{"href":"https:\/\/losperiodistas.com.mx\/portal\/wp-json\/wp\/v2\/posts"}],"about":[{"href":"https:\/\/losperiodistas.com.mx\/portal\/wp-json\/wp\/v2\/types\/post"}],"author":[{"embeddable":true,"href":"https:\/\/losperiodistas.com.mx\/portal\/wp-json\/wp\/v2\/users\/1"}],"replies":[{"embeddable":true,"href":"https:\/\/losperiodistas.com.mx\/portal\/wp-json\/wp\/v2\/comments?post=20090"}],"version-history":[{"count":1,"href":"https:\/\/losperiodistas.com.mx\/portal\/wp-json\/wp\/v2\/posts\/20090\/revisions"}],"predecessor-version":[{"id":20094,"href":"https:\/\/losperiodistas.com.mx\/portal\/wp-json\/wp\/v2\/posts\/20090\/revisions\/20094"}],"wp:featuredmedia":[{"embeddable":true,"href":"https:\/\/losperiodistas.com.mx\/portal\/wp-json\/wp\/v2\/media\/20091"}],"wp:attachment":[{"href":"https:\/\/losperiodistas.com.mx\/portal\/wp-json\/wp\/v2\/media?parent=20090"}],"wp:term":[{"taxonomy":"category","embeddable":true,"href":"https:\/\/losperiodistas.com.mx\/portal\/wp-json\/wp\/v2\/categories?post=20090"},{"taxonomy":"post_tag","embeddable":true,"href":"https:\/\/losperiodistas.com.mx\/portal\/wp-json\/wp\/v2\/tags?post=20090"}],"curies":[{"name":"wp","href":"https:\/\/api.w.org\/{rel}","templated":true}]}}