{"id":20084,"date":"2022-01-27T06:13:29","date_gmt":"2022-01-27T12:13:29","guid":{"rendered":"http:\/\/losperiodistas.com.mx\/portal\/?p=20084"},"modified":"2022-01-27T06:13:31","modified_gmt":"2022-01-27T12:13:31","slug":"efemerides-del-27-de-enero-que-paso-un-dia-como-hoy-adn-40","status":"publish","type":"post","link":"https:\/\/losperiodistas.com.mx\/portal\/efemerides-del-27-de-enero-que-paso-un-dia-como-hoy-adn-40\/","title":{"rendered":"Efem\u00e9rides del 27 de enero: Qu\u00e9 pas\u00f3 un d\u00eda como hoy | ADN 40"},"content":{"rendered":"\n<p style=\"font-size:18px\"><em>\u00bfSabes qu\u00e9 pas\u00f3 un d\u00eda como hoy? El 27 de enero se celebra el \u2018D\u00eda de Conmemoraci\u00f3n de las V\u00edctimas del Holocausto\u2019. Conoce las efem\u00e9rides de este d\u00eda.<\/em><\/p>\n\n\n\n<p><\/p>\n\n\n\n<figure class=\"wp-block-image size-large\"><img fetchpriority=\"high\" decoding=\"async\" width=\"968\" height=\"733\" src=\"https:\/\/losperiodistas.com.mx\/portal\/wp-content\/uploads\/2022\/01\/efem-enero-27.jpeg\" alt=\"\" class=\"wp-image-20085\" srcset=\"https:\/\/losperiodistas.com.mx\/portal\/wp-content\/uploads\/2022\/01\/efem-enero-27.jpeg 968w, https:\/\/losperiodistas.com.mx\/portal\/wp-content\/uploads\/2022\/01\/efem-enero-27-300x227.jpeg 300w, https:\/\/losperiodistas.com.mx\/portal\/wp-content\/uploads\/2022\/01\/efem-enero-27-768x582.jpeg 768w\" sizes=\"(max-width: 968px) 100vw, 968px\" \/><\/figure>\n\n\n\n<p>ADN 40<\/p>\n\n\n\n<h2 class=\"wp-block-heading\">Qu\u00e9 se conmemora cada 27 de enero<\/h2>\n\n\n\n<h2 class=\"wp-block-heading\">D\u00eda Internacional de Conmemoraci\u00f3n de las V\u00edctimas del Holocausto<\/h2>\n\n\n\n<p>En las&nbsp;<strong>efem\u00e9rides<\/strong>&nbsp;del&nbsp;<strong>27 de enero<\/strong>&nbsp;se busca honrar a los miles de personas que murieron en los campos de concentraci\u00f3n nazi. Se celebra un d\u00eda como hoy, ya que el&nbsp;<strong>27 de enero<\/strong>&nbsp;de 1945 las tropas sovi\u00e9ticas liberaron el campo de concentraci\u00f3n y exterminio nazi de Auschwitz-Birkenau.<\/p>\n\n\n\n<h2 class=\"wp-block-heading\">D\u00eda del Nutri\u00f3logo<\/h2>\n\n\n\n<p>En M\u00e9xico cada&nbsp;<strong>27 de enero<\/strong>&nbsp;se celebra el \u2018D\u00eda del Nutri\u00f3logo\u2019. Este d\u00eda fue impulsado por la Asociaci\u00f3n Mexicana de Nutriolog\u00eda (AMN), puesto que un&nbsp;<strong>27 de enero&nbsp;<\/strong>la asociaci\u00f3n se registr\u00f3 ante la Secretar\u00eda de Relaciones Exteriores de M\u00e9xico.PUBLICIDAD<\/p>\n\n\n\n<h2 class=\"wp-block-heading\">Efem\u00e9rides del 27 de enero de 2022<\/h2>\n\n\n\n<p>1612: Felipe III otorga el primer privilegio para dar corridas en cosos cerrados, origen de las plazas de toros.<\/p>\n\n\n\n<p>1857: El Presidente Ignacio Comonfort decreta la Ley Org\u00e1nica del Registro Civil, primer ordenamiento que pretendi\u00f3 su creaci\u00f3n y organizaci\u00f3n.<\/p>\n\n\n\n<p>1880: En Estados Unidos, Thomas Alva Edison patenta la l\u00e1mpara incandescente.<\/p>\n\n\n\n<figure class=\"wp-block-image\"><img decoding=\"async\" src=\"https:\/\/tvazteca.brightspotcdn.com\/dims4\/default\/2577c0e\/2147483647\/strip\/true\/crop\/1061x914+0+0\/resize\/968x834!\/format\/jpg\/quality\/80\/?url=https%3A%2F%2Ftvazteca.brightspotcdn.com%2F30%2F7f%2Fba1d39cc4b5e970c4c99f6869188%2Fefemerides-27-de-enero-a.jpg\" alt=\"efem\u00e9rides 27 de enero A .jpg\"\/><\/figure>\n\n\n\n<p>1881: Muere en la Ciudad de M\u00e9xico, Manuel Orozco y Berra, destacado historiador mexicano, autor de la Historia Antigua y de la Conquista de M\u00e9xico, entre otros libros.<\/p>\n\n\n\n<p>1888: En los Estados Unidos, se funda la&nbsp;<em>National Geographic Society<\/em>, con el prop\u00f3sito de incrementar y difundir los conocimientos geogr\u00e1ficos.<\/p>\n\n\n\n<p>1915: Se registra el primer bombardeo a\u00e9reo de la Historia: aviones franceses atacan f\u00e1bricas de explosivos alemanas en las ciudades de Oppau y Ludwigshafen.<\/p>\n\n\n\n<p>1918: Comienza la guerra civil finlandesa.<\/p>\n\n\n\n<p>1937: En M\u00e9xico, en el contexto de la reforma agraria emprendida por el presidente L\u00e1zaro C\u00e1rdenas del R\u00edo, tiene lugar el llamado:&nbsp;<em>Asalto a las Tierras<\/em>, en el Municipio de Mexicali, fecha que marca el principio del fin de un latifundio extranjero en tierras mexicanas.<\/p>\n\n\n\n<p>1944: En la Uni\u00f3n Sovi\u00e9tica termina el sitio nazi a la ciudad de Leningrado (actual San Petersburgo) tras 29 meses y aproximadamente 1,5 millones de muertos.<\/p>\n\n\n\n<p>1945: En Polonia, el Ej\u00e9rcito sovi\u00e9tico libera el campo de&nbsp;<a href=\"https:\/\/www.adn40.mx\/noticia\/internacional\/notas\/2017-04-24-15-58\/mas-de-seis-millones-de-judios-murieron-durante-el-holocausto\" target=\"_blank\" rel=\"noreferrer noopener\">concentraci\u00f3n nazi de Auschwitz&nbsp;<\/a>.<\/p>\n\n\n\n<p>1948: En los Estados Unidos sale a la venta el primer grabador de cinta magn\u00e9tica.<\/p>\n\n\n\n<p>1956: En Estados Unidos se termina de grabar el primer disco de Elvis Presley.<\/p>\n\n\n\n<p>1967: En Cabo Kennedy (Florida) mueren los astronautas estadounidenses Virgil I. Grissom, Edward White y Roger Chaffee, al incendiarse la c\u00e1psula de la nave espacial Apolo 1, la primera misi\u00f3n del programa Apolo.<\/p>\n\n\n\n<p>1972: Magnavox lanza la&nbsp;<em>Magnavox Odyssey<\/em>&nbsp;la primera videoconsola de la historia.<\/p>\n\n\n\n<p>1973: Estados Unidos y Vietnam del Norte firman un acuerdo de cese al fuego.<\/p>\n\n\n\n<figure class=\"wp-block-image\"><img decoding=\"async\" src=\"https:\/\/tvazteca.brightspotcdn.com\/dims4\/default\/0831802\/2147483647\/strip\/true\/crop\/2400x1873+0+0\/resize\/968x755!\/format\/jpg\/quality\/80\/?url=https%3A%2F%2Ftvazteca.brightspotcdn.com%2F2b%2F4d%2F92c524ed452d9bcfcc72aafbe8ea%2Fefemerides-27-de-enero-b.jpg\" alt=\"efem\u00e9rides 27 de enero b .jpg\"\/><\/figure>\n\n\n\n<p>1984: Se inauguran en la Avenida M\u00e9xico-Coyoac\u00e1n de la Ciudad de M\u00e9xico, las nuevas instalaciones de la Cineteca Nacional.<\/p>\n\n\n\n<p>1993: En Madrid (Espa\u00f1a) mueren seis personas al caer sobre ellas la marquesina de un cine.<\/p>\n\n\n\n<p>1995: Per\u00fa y Ecuador inician una guerra por la disputa de 340 kil\u00f3metros cuadrados fronterizos. Los combates se llevan a cabo en seis puestos de la frontera que separa a ambos pa\u00edses.<\/p>\n\n\n\n<p>2009: En las afueras del Aeropuerto Internacional de la Ciudad de M\u00e9xico, el bioqu\u00edmico agr\u00edcola franc\u00e9s Christopher Augur es asaltado por un grupo de 8 a 10 delincuentes. Fallecer\u00e1 cuatro d\u00edas despu\u00e9s a causa de un balazo recibido en la cabeza durante el asalto.<\/p>\n\n\n\n<p>2010: Steve Jobspresenta en conferencia de prensa el&nbsp;<em><a href=\"https:\/\/www.adn40.mx\/noticia\/ciencia\/notas\/2019-03-24-06-00\/apple-presenta-nuevo-ipad-air\" target=\"_blank\" rel=\"noreferrer noopener\">iPad&nbsp;<\/a><\/em>.<\/p>\n\n\n\n<p>2013: Un incendio en una discoteca en Santa Mar\u00eda, R\u00edo Grande del Sur, Brasil deja un saldo de 241 fallecidos y 131 heridos.<\/p>\n\n\n\n<p>2014: La Corte Internacional de Justicia de La Haya hace su fallo sobre el diferendo mar\u00edtimo entre Per\u00fa y Chile quedando 120 millas para Per\u00fa y 80 millas para Chile.<\/p>\n\n\n\n<p>Fuente: https:\/\/www.adn40.mx\/mexico\/efemerides-27-de-enero-gm-especial<\/p>\n","protected":false},"excerpt":{"rendered":"<p>\u00bfSabes qu\u00e9 pas\u00f3 un d\u00eda como hoy? El 27 de enero se celebra el \u2018D\u00eda de Conmemoraci\u00f3n de las V\u00edctimas [&hellip;]<\/p>\n","protected":false},"author":1,"featured_media":20085,"comment_status":"open","ping_status":"open","sticky":false,"template":"","format":"standard","meta":{"site-sidebar-layout":"default","site-content-layout":"","ast-site-content-layout":"default","site-content-style":"default","site-sidebar-style":"default","ast-global-header-display":"","ast-banner-title-visibility":"","ast-main-header-display":"","ast-hfb-above-header-display":"","ast-hfb-below-header-display":"","ast-hfb-mobile-header-display":"","site-post-title":"","ast-breadcrumbs-content":"","ast-featured-img":"","footer-sml-layout":"","theme-transparent-header-meta":"","adv-header-id-meta":"","stick-header-meta":"","header-above-stick-meta":"","header-main-stick-meta":"","header-below-stick-meta":"","astra-migrate-meta-layouts":"default","ast-page-background-enabled":"default","ast-page-background-meta":{"desktop":{"background-color":"var(--ast-global-color-4)","background-image":"","background-repeat":"repeat","background-position":"center center","background-size":"auto","background-attachment":"scroll","background-type":"","background-media":"","overlay-type":"","overlay-color":"","overlay-opacity":"","overlay-gradient":""},"tablet":{"background-color":"","background-image":"","background-repeat":"repeat","background-position":"center center","background-size":"auto","background-attachment":"scroll","background-type":"","background-media":"","overlay-type":"","overlay-color":"","overlay-opacity":"","overlay-gradient":""},"mobile":{"background-color":"","background-image":"","background-repeat":"repeat","background-position":"center center","background-size":"auto","background-attachment":"scroll","background-type":"","background-media":"","overlay-type":"","overlay-color":"","overlay-opacity":"","overlay-gradient":""}},"ast-content-background-meta":{"desktop":{"background-color":"var(--ast-global-color-5)","background-image":"","background-repeat":"repeat","background-position":"center center","background-size":"auto","background-attachment":"scroll","background-type":"","background-media":"","overlay-type":"","overlay-color":"","overlay-opacity":"","overlay-gradient":""},"tablet":{"background-color":"var(--ast-global-color-5)","background-image":"","background-repeat":"repeat","background-position":"center center","background-size":"auto","background-attachment":"scroll","background-type":"","background-media":"","overlay-type":"","overlay-color":"","overlay-opacity":"","overlay-gradient":""},"mobile":{"background-color":"var(--ast-global-color-5)","background-image":"","background-repeat":"repeat","background-position":"center center","background-size":"auto","background-attachment":"scroll","background-type":"","background-media":"","overlay-type":"","overlay-color":"","overlay-opacity":"","overlay-gradient":""}},"footnotes":""},"categories":[8],"tags":[2064,7227,7225,7224,7226,4812,7228],"class_list":["post-20084","post","type-post","status-publish","format-standard","has-post-thumbnail","hentry","category-noticias","tag-auschwitz","tag-dia-del-nutriologo","tag-felipe-iii","tag-guerra-de-vietnam","tag-plazas-de-toros","tag-thomas-alva-edison","tag-victimas-holocausto"],"_links":{"self":[{"href":"https:\/\/losperiodistas.com.mx\/portal\/wp-json\/wp\/v2\/posts\/20084","targetHints":{"allow":["GET"]}}],"collection":[{"href":"https:\/\/losperiodistas.com.mx\/portal\/wp-json\/wp\/v2\/posts"}],"about":[{"href":"https:\/\/losperiodistas.com.mx\/portal\/wp-json\/wp\/v2\/types\/post"}],"author":[{"embeddable":true,"href":"https:\/\/losperiodistas.com.mx\/portal\/wp-json\/wp\/v2\/users\/1"}],"replies":[{"embeddable":true,"href":"https:\/\/losperiodistas.com.mx\/portal\/wp-json\/wp\/v2\/comments?post=20084"}],"version-history":[{"count":1,"href":"https:\/\/losperiodistas.com.mx\/portal\/wp-json\/wp\/v2\/posts\/20084\/revisions"}],"predecessor-version":[{"id":20086,"href":"https:\/\/losperiodistas.com.mx\/portal\/wp-json\/wp\/v2\/posts\/20084\/revisions\/20086"}],"wp:featuredmedia":[{"embeddable":true,"href":"https:\/\/losperiodistas.com.mx\/portal\/wp-json\/wp\/v2\/media\/20085"}],"wp:attachment":[{"href":"https:\/\/losperiodistas.com.mx\/portal\/wp-json\/wp\/v2\/media?parent=20084"}],"wp:term":[{"taxonomy":"category","embeddable":true,"href":"https:\/\/losperiodistas.com.mx\/portal\/wp-json\/wp\/v2\/categories?post=20084"},{"taxonomy":"post_tag","embeddable":true,"href":"https:\/\/losperiodistas.com.mx\/portal\/wp-json\/wp\/v2\/tags?post=20084"}],"curies":[{"name":"wp","href":"https:\/\/api.w.org\/{rel}","templated":true}]}}