{"id":20081,"date":"2022-01-27T06:08:58","date_gmt":"2022-01-27T12:08:58","guid":{"rendered":"http:\/\/losperiodistas.com.mx\/portal\/?p=20081"},"modified":"2022-01-27T06:09:00","modified_gmt":"2022-01-27T12:09:00","slug":"dinamarca-elimina-todas-las-restricciones-por-la-covid-y-da-la-bienvenida-a-la-vieja-normalidad-publico","status":"publish","type":"post","link":"https:\/\/losperiodistas.com.mx\/portal\/dinamarca-elimina-todas-las-restricciones-por-la-covid-y-da-la-bienvenida-a-la-vieja-normalidad-publico\/","title":{"rendered":"Dinamarca elimina todas las restricciones por la covid y da la bienvenida a la \u00abvieja normalidad\u00bb | P\u00fablico"},"content":{"rendered":"\n<p style=\"font-size:18px\"><em>El pa\u00eds dan\u00e9s ya hab\u00eda quitado las limitaciones en septiembre, pero la llegada de la variante \u00f3micron hizo que volviesen a introducir algunas puntualmente<\/em><\/p>\n\n\n\n<figure class=\"wp-block-image size-large\"><img fetchpriority=\"high\" decoding=\"async\" width=\"1024\" height=\"685\" src=\"https:\/\/losperiodistas.com.mx\/portal\/wp-content\/uploads\/2022\/01\/Captura-de-Pantalla-2022-01-27-a-las-6.05.19-1024x685.png\" alt=\"\" class=\"wp-image-20082\" srcset=\"https:\/\/losperiodistas.com.mx\/portal\/wp-content\/uploads\/2022\/01\/Captura-de-Pantalla-2022-01-27-a-las-6.05.19-1024x685.png 1024w, https:\/\/losperiodistas.com.mx\/portal\/wp-content\/uploads\/2022\/01\/Captura-de-Pantalla-2022-01-27-a-las-6.05.19-300x201.png 300w, https:\/\/losperiodistas.com.mx\/portal\/wp-content\/uploads\/2022\/01\/Captura-de-Pantalla-2022-01-27-a-las-6.05.19-768x514.png 768w, https:\/\/losperiodistas.com.mx\/portal\/wp-content\/uploads\/2022\/01\/Captura-de-Pantalla-2022-01-27-a-las-6.05.19.png 1408w\" sizes=\"(max-width: 1024px) 100vw, 1024px\" \/><figcaption>La primera ministra de Dinamarca durante una rueda de prensa sobre las restricciones covid en Copenhague. A 26 de enero de 2022. Mads Claus Rasmussen \/ EFE<\/figcaption><\/figure>\n\n\n\n<p class=\"has-medium-font-size\">P\u00daBLICO<\/p>\n\n\n\n<p id=\"m1060-1059-1061\">El final de la pandemia parece una utop\u00eda, aunque&nbsp;<a href=\"https:\/\/www.publico.es\/tremending\/2021\/12\/26\/el-hilo-de-un-medico-en-el-que-explica-por-que-podriamos-estar-ante-el-fin-de-la-pandemia\/\">los expertos ven en la variante \u00f3micron una puerta de salida<\/a>. Es por eso, que pese a tener el n\u00famero m\u00e1ximo de contagios en las \u00faltimas 24 horas en el pa\u00eds,&nbsp;<strong>Dinamarca&nbsp;<\/strong>ha anunciado la eliminaci\u00f3n de todas las restricciones provocadas por el coronavirus, convirti\u00e9ndose en uno de los primeros pa\u00edses en hacerlo.<\/p>\n\n\n\n<p id=\"m1065-1-1066\">Con m\u00e1s de 47.000 casos en las \u00faltimas 24 horas, el pa\u00eds dan\u00e9s ha anunciado la supresi\u00f3n de las pocas restricciones que manten\u00edan tras la llegada de \u00f3micron como el uso de la mascarilla en exteriores, las limitaciones en la restauraci\u00f3n, la vida cultural y social y el cierre de las discotecas. Con ello,&nbsp;<a href=\"https:\/\/www.publico.es\/sociedad\/mes-omicron-convertir-pandemia-endemia-variante.html\">la covid-19 dejar\u00e1 de ser&nbsp; una enfermedad \u00abcr\u00edtica\u00bb para la sociedad<\/a>.<\/p>\n\n\n\n<p id=\"sc_ending_message\">La primera ministra danesa,\u00a0Mette Frederiksen: \u00abDecimos adi\u00f3s a las restricciones y le damos la bienvenida a la vida que ten\u00edamos antes\u00bb<\/p>\n\n\n\n<p id=\"m1075-3-1076\">Esta decisi\u00f3n ha sido consultada y cuenta con el aval del grupo de cient\u00edficos que asesora al Gobierno dan\u00e9s. La primera ministra,\u00a0<strong>Mette Frederiksen<\/strong>, volvi\u00f3 a dar la bienvenida a la \u00abvieja normalidad\u00bb:\u00a0\u00abEstamos listos para salir de la sombra del coronavirus, decimos adi\u00f3s a las restricciones y le damos la bienvenida a la vida que ten\u00edamos antes. La pandemia sigue, pero hemos pasado la etapa cr\u00edtica\u00bb.<\/p>\n\n\n\n<p id=\"m1080-4-1081\">Frederiksen tambi\u00e9n ha apuntado que pese a las actuales tasas de contagio hay que fijarse en otros datos como las hospitalizaciones. Las autoridades sanitarias han explicado que entre un 30% y un 40% de los ingresados son pacientes que se han contagiado despu\u00e9s de estar hospitalizados.<\/p>\n\n\n\n<p id=\"m1085-5-1086\">Dinamarca se convirti\u00f3 en uno de los primeros pa\u00edses en Europa en eliminar todas las restricciones el pasado 10 de septiembre. Sin embargo, la llegada de la nueva variante provoc\u00f3 que volvieran, pero como se ha visto, de forma puntual. El pa\u00eds presenta uno de los\u00a0de los \u00edndices de mortalidad m\u00e1s bajos de Europa, con 62,59 fallecimientos por cada 100.000 habitantes, tres veces menos que pa\u00edses como Espa\u00f1a, Portugal o Francia.<\/p>\n\n\n\n<p>Fuente: https:\/\/www.publico.es\/internacional\/dinamarca-elimina-restricciones-covid-da-bienvenida-vieja-normalidad.html<\/p>\n\n\n\n<p>\u00a0<\/p>\n","protected":false},"excerpt":{"rendered":"<p>El pa\u00eds dan\u00e9s ya hab\u00eda quitado las limitaciones en septiembre, pero la llegada de la variante \u00f3micron hizo que volviesen [&hellip;]<\/p>\n","protected":false},"author":1,"featured_media":20082,"comment_status":"open","ping_status":"open","sticky":false,"template":"","format":"standard","meta":{"site-sidebar-layout":"default","site-content-layout":"","ast-site-content-layout":"default","site-content-style":"default","site-sidebar-style":"default","ast-global-header-display":"","ast-banner-title-visibility":"","ast-main-header-display":"","ast-hfb-above-header-display":"","ast-hfb-below-header-display":"","ast-hfb-mobile-header-display":"","site-post-title":"","ast-breadcrumbs-content":"","ast-featured-img":"","footer-sml-layout":"","theme-transparent-header-meta":"","adv-header-id-meta":"","stick-header-meta":"","header-above-stick-meta":"","header-main-stick-meta":"","header-below-stick-meta":"","astra-migrate-meta-layouts":"default","ast-page-background-enabled":"default","ast-page-background-meta":{"desktop":{"background-color":"var(--ast-global-color-4)","background-image":"","background-repeat":"repeat","background-position":"center center","background-size":"auto","background-attachment":"scroll","background-type":"","background-media":"","overlay-type":"","overlay-color":"","overlay-opacity":"","overlay-gradient":""},"tablet":{"background-color":"","background-image":"","background-repeat":"repeat","background-position":"center center","background-size":"auto","background-attachment":"scroll","background-type":"","background-media":"","overlay-type":"","overlay-color":"","overlay-opacity":"","overlay-gradient":""},"mobile":{"background-color":"","background-image":"","background-repeat":"repeat","background-position":"center center","background-size":"auto","background-attachment":"scroll","background-type":"","background-media":"","overlay-type":"","overlay-color":"","overlay-opacity":"","overlay-gradient":""}},"ast-content-background-meta":{"desktop":{"background-color":"var(--ast-global-color-5)","background-image":"","background-repeat":"repeat","background-position":"center center","background-size":"auto","background-attachment":"scroll","background-type":"","background-media":"","overlay-type":"","overlay-color":"","overlay-opacity":"","overlay-gradient":""},"tablet":{"background-color":"var(--ast-global-color-5)","background-image":"","background-repeat":"repeat","background-position":"center center","background-size":"auto","background-attachment":"scroll","background-type":"","background-media":"","overlay-type":"","overlay-color":"","overlay-opacity":"","overlay-gradient":""},"mobile":{"background-color":"var(--ast-global-color-5)","background-image":"","background-repeat":"repeat","background-position":"center center","background-size":"auto","background-attachment":"scroll","background-type":"","background-media":"","overlay-type":"","overlay-color":"","overlay-opacity":"","overlay-gradient":""}},"footnotes":""},"categories":[8],"tags":[4195,3929,7223],"class_list":["post-20081","post","type-post","status-publish","format-standard","has-post-thumbnail","hentry","category-noticias","tag-covid-final","tag-dinamarca","tag-vieja-normalidad"],"_links":{"self":[{"href":"https:\/\/losperiodistas.com.mx\/portal\/wp-json\/wp\/v2\/posts\/20081","targetHints":{"allow":["GET"]}}],"collection":[{"href":"https:\/\/losperiodistas.com.mx\/portal\/wp-json\/wp\/v2\/posts"}],"about":[{"href":"https:\/\/losperiodistas.com.mx\/portal\/wp-json\/wp\/v2\/types\/post"}],"author":[{"embeddable":true,"href":"https:\/\/losperiodistas.com.mx\/portal\/wp-json\/wp\/v2\/users\/1"}],"replies":[{"embeddable":true,"href":"https:\/\/losperiodistas.com.mx\/portal\/wp-json\/wp\/v2\/comments?post=20081"}],"version-history":[{"count":1,"href":"https:\/\/losperiodistas.com.mx\/portal\/wp-json\/wp\/v2\/posts\/20081\/revisions"}],"predecessor-version":[{"id":20083,"href":"https:\/\/losperiodistas.com.mx\/portal\/wp-json\/wp\/v2\/posts\/20081\/revisions\/20083"}],"wp:featuredmedia":[{"embeddable":true,"href":"https:\/\/losperiodistas.com.mx\/portal\/wp-json\/wp\/v2\/media\/20082"}],"wp:attachment":[{"href":"https:\/\/losperiodistas.com.mx\/portal\/wp-json\/wp\/v2\/media?parent=20081"}],"wp:term":[{"taxonomy":"category","embeddable":true,"href":"https:\/\/losperiodistas.com.mx\/portal\/wp-json\/wp\/v2\/categories?post=20081"},{"taxonomy":"post_tag","embeddable":true,"href":"https:\/\/losperiodistas.com.mx\/portal\/wp-json\/wp\/v2\/tags?post=20081"}],"curies":[{"name":"wp","href":"https:\/\/api.w.org\/{rel}","templated":true}]}}