{"id":20078,"date":"2022-01-27T06:02:29","date_gmt":"2022-01-27T12:02:29","guid":{"rendered":"http:\/\/losperiodistas.com.mx\/portal\/?p=20078"},"modified":"2022-01-27T06:02:31","modified_gmt":"2022-01-27T12:02:31","slug":"universidades-prestaran-instalaciones-para-que-alumnos-udlap-retomen-actividades-oem","status":"publish","type":"post","link":"https:\/\/losperiodistas.com.mx\/portal\/universidades-prestaran-instalaciones-para-que-alumnos-udlap-retomen-actividades-oem\/","title":{"rendered":"Universidades prestar\u00e1n instalaciones para que alumnos UDLAP retomen actividades | OEM"},"content":{"rendered":"\n<p style=\"font-size:18px\"><em>Hasta ahora la instituci\u00f3n educativa no ha recuperado el control f\u00edsico del campus<\/em><\/p>\n\n\n\n<figure class=\"wp-block-image size-large\"><img fetchpriority=\"high\" decoding=\"async\" width=\"1024\" height=\"715\" src=\"https:\/\/losperiodistas.com.mx\/portal\/wp-content\/uploads\/2022\/01\/Captura-de-Pantalla-2022-01-27-a-las-5.59.35-1024x715.jpg\" alt=\"\" class=\"wp-image-20079\" srcset=\"https:\/\/losperiodistas.com.mx\/portal\/wp-content\/uploads\/2022\/01\/Captura-de-Pantalla-2022-01-27-a-las-5.59.35-1024x715.jpg 1024w, https:\/\/losperiodistas.com.mx\/portal\/wp-content\/uploads\/2022\/01\/Captura-de-Pantalla-2022-01-27-a-las-5.59.35-300x209.jpg 300w, https:\/\/losperiodistas.com.mx\/portal\/wp-content\/uploads\/2022\/01\/Captura-de-Pantalla-2022-01-27-a-las-5.59.35-768x536.jpg 768w, https:\/\/losperiodistas.com.mx\/portal\/wp-content\/uploads\/2022\/01\/Captura-de-Pantalla-2022-01-27-a-las-5.59.35.jpg 1504w\" sizes=\"(max-width: 1024px) 100vw, 1024px\" \/><\/figure>\n\n\n\n<p class=\"has-vivid-cyan-blue-color has-text-color has-medium-font-size\">MAYRA FLORES \/ EL SOL DE PUEBLA<\/p>\n\n\n\n<p>El<strong>&nbsp;Tecnol\u00f3gico de Monterrey, la Universidad Iberoamericana y la Universidad Popular Aut\u00f3noma del Estado de Puebla<\/strong>&nbsp;(UPAEP) prestar\u00e1n sus instalaciones para que algunos<strong>&nbsp;alumnos de la Universidad de las Am\u00e9ricas Puebla<\/strong>&nbsp;(UDLAP)&nbsp;<strong>retomen actividades&nbsp;<\/strong>el pr\u00f3ximo 14 de febrero, confirmaron docentes y estudiantes de la instituci\u00f3n.<\/p>\n\n\n\n<p>Lo anterior debido a que<strong>\u00a0la UDLAP no ha recuperado el control f\u00edsico de su campus<\/strong>, radicado en Cholula, mismo que fue tomado por un patronato designado por la Junta para el Cuidado de las Instituciones de Asistencia Privada del Estado el pasado 29 de junio.<\/p>\n\n\n\n<p>En la p\u00e1gina www.udlap.mx\/inscripciones, en el apartado<strong>\u00a0\u201claboratorios y talleres remediales primavera 2022\u201d,\u00a0<\/strong>ya se encuentra disponible una lista de<strong>\u00a0casi 150 clases que ofrecer\u00e1 la universidad,<\/strong>\u00a0mismas que corresponden al \u00e1mbito pr\u00e1ctico de licenciaturas como medicina, estomatolog\u00eda, gastronom\u00eda, comunicaci\u00f3n y danza.<\/p>\n\n\n\n<p>De acuerdo con la instituci\u00f3n,&nbsp;<strong>s\u00f3lo aquellos alumnos que hayan recibido un correo electr\u00f3nico para ser incluidos en las clases remediales<\/strong>&nbsp;podr\u00e1n asistir, aunque su participaci\u00f3n ser\u00e1 voluntaria y recibir\u00e1n por la misma v\u00eda los requisitos a cumplir y la sede en la que deber\u00e1n presentarse.<\/p>\n\n\n\n<p>Profesores y alumnos de la UDLAP&nbsp;<strong>confirmaron que ya se encuentra en el proceso de preparaci\u00f3n para el inicio de los cursos<\/strong>&nbsp;y clases rem\u00e9diales, a trav\u00e9s de la oferta de espacios que le realizaron instituciones adheridas al Consorcio Universitario desde diciembre pasado.<\/p>\n\n\n\n<p>Docentes de la instituci\u00f3n indicaron que&nbsp;<strong>solo ser\u00e1n algunas sesiones presenciales y con aforo reducido,<\/strong>&nbsp;las que se ofrezcan en lo que resta del semestre, ya que la intenci\u00f3n es ocupar esos tiempos en las aulas para revisar los conceptos principales de las materias.<\/p>\n\n\n\n<p>Son\u00a0<strong>9 mil 500 alumnos de la Universidad de las Am\u00e9ricas los que se han mantenido con clases virtuales<\/strong>\u00a0debido al conflicto legal que inici\u00f3 hace m\u00e1s de medio a\u00f1o, ya que por ahora la rectora interina Cecilia Anaya Berr\u00edos solo tiene el control administrativo y acad\u00e9mico de la instituci\u00f3n.<\/p>\n\n\n\n<p>Fuente: https:\/\/www.elsoldepuebla.com.mx\/local\/universidades-prestaran-instalaciones-para-que-alumnos-udlap-retomen-actividades-7785031.html<\/p>\n","protected":false},"excerpt":{"rendered":"<p>Hasta ahora la instituci\u00f3n educativa no ha recuperado el control f\u00edsico del campus MAYRA FLORES \/ EL SOL DE PUEBLA [&hellip;]<\/p>\n","protected":false},"author":1,"featured_media":20079,"comment_status":"open","ping_status":"open","sticky":false,"template":"","format":"standard","meta":{"site-sidebar-layout":"default","site-content-layout":"","ast-site-content-layout":"default","site-content-style":"default","site-sidebar-style":"default","ast-global-header-display":"","ast-banner-title-visibility":"","ast-main-header-display":"","ast-hfb-above-header-display":"","ast-hfb-below-header-display":"","ast-hfb-mobile-header-display":"","site-post-title":"","ast-breadcrumbs-content":"","ast-featured-img":"","footer-sml-layout":"","theme-transparent-header-meta":"","adv-header-id-meta":"","stick-header-meta":"","header-above-stick-meta":"","header-main-stick-meta":"","header-below-stick-meta":"","astra-migrate-meta-layouts":"default","ast-page-background-enabled":"default","ast-page-background-meta":{"desktop":{"background-color":"var(--ast-global-color-4)","background-image":"","background-repeat":"repeat","background-position":"center center","background-size":"auto","background-attachment":"scroll","background-type":"","background-media":"","overlay-type":"","overlay-color":"","overlay-opacity":"","overlay-gradient":""},"tablet":{"background-color":"","background-image":"","background-repeat":"repeat","background-position":"center center","background-size":"auto","background-attachment":"scroll","background-type":"","background-media":"","overlay-type":"","overlay-color":"","overlay-opacity":"","overlay-gradient":""},"mobile":{"background-color":"","background-image":"","background-repeat":"repeat","background-position":"center center","background-size":"auto","background-attachment":"scroll","background-type":"","background-media":"","overlay-type":"","overlay-color":"","overlay-opacity":"","overlay-gradient":""}},"ast-content-background-meta":{"desktop":{"background-color":"var(--ast-global-color-5)","background-image":"","background-repeat":"repeat","background-position":"center center","background-size":"auto","background-attachment":"scroll","background-type":"","background-media":"","overlay-type":"","overlay-color":"","overlay-opacity":"","overlay-gradient":""},"tablet":{"background-color":"var(--ast-global-color-5)","background-image":"","background-repeat":"repeat","background-position":"center center","background-size":"auto","background-attachment":"scroll","background-type":"","background-media":"","overlay-type":"","overlay-color":"","overlay-opacity":"","overlay-gradient":""},"mobile":{"background-color":"var(--ast-global-color-5)","background-image":"","background-repeat":"repeat","background-position":"center center","background-size":"auto","background-attachment":"scroll","background-type":"","background-media":"","overlay-type":"","overlay-color":"","overlay-opacity":"","overlay-gradient":""}},"footnotes":""},"categories":[8],"tags":[7222,3879],"class_list":["post-20078","post","type-post","status-publish","format-standard","has-post-thumbnail","hentry","category-noticias","tag-udlap-clases","tag-upaep"],"_links":{"self":[{"href":"https:\/\/losperiodistas.com.mx\/portal\/wp-json\/wp\/v2\/posts\/20078","targetHints":{"allow":["GET"]}}],"collection":[{"href":"https:\/\/losperiodistas.com.mx\/portal\/wp-json\/wp\/v2\/posts"}],"about":[{"href":"https:\/\/losperiodistas.com.mx\/portal\/wp-json\/wp\/v2\/types\/post"}],"author":[{"embeddable":true,"href":"https:\/\/losperiodistas.com.mx\/portal\/wp-json\/wp\/v2\/users\/1"}],"replies":[{"embeddable":true,"href":"https:\/\/losperiodistas.com.mx\/portal\/wp-json\/wp\/v2\/comments?post=20078"}],"version-history":[{"count":1,"href":"https:\/\/losperiodistas.com.mx\/portal\/wp-json\/wp\/v2\/posts\/20078\/revisions"}],"predecessor-version":[{"id":20080,"href":"https:\/\/losperiodistas.com.mx\/portal\/wp-json\/wp\/v2\/posts\/20078\/revisions\/20080"}],"wp:featuredmedia":[{"embeddable":true,"href":"https:\/\/losperiodistas.com.mx\/portal\/wp-json\/wp\/v2\/media\/20079"}],"wp:attachment":[{"href":"https:\/\/losperiodistas.com.mx\/portal\/wp-json\/wp\/v2\/media?parent=20078"}],"wp:term":[{"taxonomy":"category","embeddable":true,"href":"https:\/\/losperiodistas.com.mx\/portal\/wp-json\/wp\/v2\/categories?post=20078"},{"taxonomy":"post_tag","embeddable":true,"href":"https:\/\/losperiodistas.com.mx\/portal\/wp-json\/wp\/v2\/tags?post=20078"}],"curies":[{"name":"wp","href":"https:\/\/api.w.org\/{rel}","templated":true}]}}