{"id":20074,"date":"2022-01-27T05:55:02","date_gmt":"2022-01-27T11:55:02","guid":{"rendered":"http:\/\/losperiodistas.com.mx\/portal\/?p=20074"},"modified":"2022-01-27T05:56:46","modified_gmt":"2022-01-27T11:56:46","slug":"la-desgarradora-reivindicacion-de-maryse-conde-de-tituba-la-bruja-negra-de-salem-rtve","status":"publish","type":"post","link":"https:\/\/losperiodistas.com.mx\/portal\/la-desgarradora-reivindicacion-de-maryse-conde-de-tituba-la-bruja-negra-de-salem-rtve\/","title":{"rendered":"La desgarradora reivindicaci\u00f3n de Maryse Cond\u00e9 de Tituba, la \u00abbruja negra de Salem\u00bb | Rtve"},"content":{"rendered":"\n<p style=\"font-size:18px\"><em>Se publica una de las grandes novelas de la eterna candidata al Nobel de Literatura<\/em><\/p>\n\n\n\n<p><\/p>\n\n\n\n<figure class=\"wp-block-image size-large\"><img fetchpriority=\"high\" decoding=\"async\" width=\"1024\" height=\"576\" src=\"https:\/\/losperiodistas.com.mx\/portal\/wp-content\/uploads\/2022\/01\/Captura-de-Pantalla-2022-01-27-a-las-5.49.42-1024x576.jpg\" alt=\"\" class=\"wp-image-20075\" srcset=\"https:\/\/losperiodistas.com.mx\/portal\/wp-content\/uploads\/2022\/01\/Captura-de-Pantalla-2022-01-27-a-las-5.49.42-1024x576.jpg 1024w, https:\/\/losperiodistas.com.mx\/portal\/wp-content\/uploads\/2022\/01\/Captura-de-Pantalla-2022-01-27-a-las-5.49.42-300x169.jpg 300w, https:\/\/losperiodistas.com.mx\/portal\/wp-content\/uploads\/2022\/01\/Captura-de-Pantalla-2022-01-27-a-las-5.49.42-768x432.jpg 768w, https:\/\/losperiodistas.com.mx\/portal\/wp-content\/uploads\/2022\/01\/Captura-de-Pantalla-2022-01-27-a-las-5.49.42-1536x863.jpg 1536w, https:\/\/losperiodistas.com.mx\/portal\/wp-content\/uploads\/2022\/01\/Captura-de-Pantalla-2022-01-27-a-las-5.49.42-2048x1151.jpg 2048w\" sizes=\"(max-width: 1024px) 100vw, 1024px\" \/><\/figure>\n\n\n\n<p class=\"has-vivid-cyan-blue-color has-text-color has-medium-font-size\">JES\u00daS JIM\u00c9NEZ \/ RTVE<\/p>\n\n\n\n<p><strong>Eterna candidata al Premio Nobel de Literatura<\/strong>&nbsp;y ganadora del Premio Nobel Alternativo en 2018, la escritora&nbsp;<strong>Maryse Conde<\/strong>&nbsp;(Isla de Guadalupe, 1937) lleva toda su vida&nbsp;<strong>reivindicando el feminismo y la cultura africana<\/strong>&nbsp;en grandes novelas como<em>&nbsp;La deseada<\/em>,&nbsp;<em>La vida sin maquillaje<\/em>&nbsp;o&nbsp;<em>Coraz\u00f3n que r\u00ede, coraz\u00f3n que llora.&nbsp;<\/em>Todas&nbsp;publicadas por Impedimenta dentro de una colecci\u00f3n a la que ahora se une&nbsp;<em><a href=\"https:\/\/impedimenta.es\/producto\/yo-tituba-la-bruja-negra-de-salem\" target=\"_blank\" rel=\"noreferrer noopener\">Yo, Tituba, la bruja negra de Salem<\/a>&nbsp;<\/em>(1986), inspirada en&nbsp;<strong>la esclava negra que fue la primera acusada de brujer\u00eda en los famosos juicios de Salem de 1692<\/strong>.<\/p>\n\n\n\n<p>Una historia tan bella como desgarradora en la que Maryse trata temas como<strong>&nbsp;la p\u00e9rdida de la inocencia, el racismo, la esclavitud, la violencia, la b\u00fasqueda de las ra\u00edces, el deseo femenino, la religi\u00f3n, la di\u00e1spora&nbsp;y las supersticiones.<\/strong>&nbsp;Para muchos es la mejor novela de la autora.&nbsp;<\/p>\n\n\n\n<p>Y todo eso lo cuenta a trav\u00e9s de la historia de esta joven,<strong>&nbsp;hija de una esclava violada por un marinero ingl\u00e9s a bordo de un barco negrero,&nbsp;<\/strong>y&nbsp;cuyos padres no conocieron otra cosa que los abusos de los blancos, que los trataban peor que animales.<\/p>\n\n\n\n<p>En la novela, Tituba es iniciada en el arte de lo sobrenatural&nbsp;por Man Yaya, una de las curanderas m\u00e1s poderosas de la isla de Barbados, y&nbsp;<strong>se convertir\u00e1 en una bruja<\/strong>, pero con una connotaci\u00f3n muy diferente a la occidental, ya que las brujas de esa isla usan sus plantas y pociones m\u00e1gicas para ayudar a la gente.<\/p>\n\n\n\n<p>Aunque Tituba es libre en su juventud,<strong>&nbsp;acabar\u00e1 convirti\u00e9ndose en esclava&nbsp;<\/strong>cuando se enamora y se casa con un esclavo negro. Ambos ser\u00e1n llevados al continente americano hasta convertirse en propiedad de un pastor obsesionado con el diablo que recibir\u00e1 el encargo de ocuparse de la iglesia de la peque\u00f1a comunidad puritana de Salem, en Massachusetts, donde&nbsp;<strong>Tituba terminar\u00e1 siendo&nbsp;juzgada y encarcelada por bruja.<\/strong><\/p>\n\n\n\n<figure class=\"wp-block-image\"><img decoding=\"async\" src=\"https:\/\/img2.rtve.es\/im\/6325078\/?w=900\" alt=\" \"\/><figcaption>Ilustraci\u00f3n de Tituba por John W. Ehninger, 1902<\/figcaption><\/figure>\n\n\n\n<h3 class=\"wp-block-heading\"><strong>Una historia sobre la libertad, las supersticiones y el sexo<\/strong><\/h3>\n\n\n\n<p><strong>La libertad es lo que Tituba buscar\u00e1 durante toda la novela y lo que se le negar\u00e1 una y otra vez<\/strong>. En su juventud es libre, pero el descubrimiento de su sexualidad y su tendencia a enamorarse de hombres indeseables llevar\u00e1 a esta mujer a&nbsp;<strong>aceptar voluntariamente la esclavitud<\/strong>&nbsp;en su b\u00fasqueda del amor y el placer.<\/p>\n\n\n\n<p>Destacar&nbsp;<strong>esa reivindicaci\u00f3n del autodescubrimiento, de la sexualidad y de la b\u00fasqueda del placer femenino<\/strong>&nbsp;que tambi\u00e9n recorre toda la novela. Y la lucha constante por la reivindicaci\u00f3n de la mujer y lo femenino en un mundo tremendamente machista en el que, si la vida de los esclavos no val\u00eda nada, la de las esclavas a\u00fan menos.&nbsp;<\/p>\n\n\n\n<p>Por supuesto, otro de los temas es&nbsp;<strong>esa permanente b\u00fasqueda de sus&nbsp;ra\u00edces por parte de Tituba;<\/strong>&nbsp;esa identidad caribe\u00f1a a la&nbsp;que se ver\u00e1 obligada a renunciar y que intentar\u00e1 recuperar una y otra vez.&nbsp;&nbsp;<\/p>\n\n\n\n<p><strong>Destacar tambi\u00e9n la religi\u00f3n y las supersticiones<\/strong>. El miedo a los dem\u00e1s, e incluso&nbsp;a nosotros mismos, que es la \u00fanica explicaci\u00f3n para barbaridades como los juicios de Salem. Y la<strong>&nbsp;Di\u00e1spora<\/strong>&nbsp;(palabra que designa a pueblos diseminados fuera de su pa\u00eds de origen), que es otro de los temas recurrentes en la bibliograf\u00eda de Maryse Cond\u00e9&nbsp;y que aqu\u00ed est\u00e1 representado en la figura de la protagonista y de un comerciante jud\u00edo que se convertir\u00e1 en otro de los amos de Tituba,&nbsp;y al que los puritanos de Salem no dejar\u00e1n tranquilo por sus creencias religiosas.&nbsp;<\/p>\n\n\n\n<p>En definitiva,&nbsp;<strong>una novela que apela a la libertad, a la tolerancia, a la independencia, al amor&#8230;<\/strong>&nbsp;y al valor de tantas y tantas mujeres an\u00f3nimas a lo largo de nuestra historia.<\/p>\n\n\n\n<p>\u200b<\/p>\n\n\n\n<figure class=\"wp-block-image\"><img decoding=\"async\" src=\"https:\/\/img2.rtve.es\/im\/6325080\/?w=900\" alt=\" \"\/><figcaption>Portada de &#8216;Yo, Tituba, la bruja negra de Salem&#8217;<\/figcaption><\/figure>\n\n\n\n<h3 class=\"wp-block-heading\"><strong>La \u00abbruja negra de Salem\u00bb<\/strong><\/h3>\n\n\n\n<p>La aut\u00e9ntica Tituba, de la que desconocemos casi todo,<strong>&nbsp;fue una esclava del siglo XVII que sirvi\u00f3 al reverendo Samuel Parris<\/strong>, padre de&nbsp;Betty Parris y t\u00edo de Abigail Williams, las dos ni\u00f1as famosas por fingir que estaban embrujadas y cuya travesura dio origen a los&nbsp;<strong>famosos juicios de Salem, de 1692<\/strong>, en los que se juzgar\u00eda a m\u00e1s de 200 personas, se encarcelar\u00eda a unas 150, y&nbsp;<strong>se ejecutar\u00eda a una veintena, la mayor\u00eda mujeres.<\/strong><\/p>\n\n\n\n<p>De hecho,&nbsp;<strong>Tituba fue la primera persona en ser acusada de brujer\u00eda por las ni\u00f1as,&nbsp;<\/strong>lo que la ha convertido en un s\u00edmbolo contra la intolerancia y los prejuicios de g\u00e9nero y raciales. Tras la acusaci\u00f3n, Tituba&nbsp;<strong>fue torturada&nbsp;<\/strong>por el reverendo Samuel Parris, que&nbsp;<strong>la oblig\u00f3 a confesar que practicaba la brujer\u00eda sacrificando a animales, e incluso volando en palos de un sitio a otro<\/strong>. Y acab\u00f3 en la c\u00e1rcel, condenada por brujer\u00eda.<\/p>\n\n\n\n<p>Al final desapareci\u00f3 sin dejar rastro, pero Maryse Cond\u00e9&nbsp;ha querido darle&nbsp;un final m\u00e1s \u00e9pico,&nbsp;<strong>convirti\u00e9ndola en una figura fundamental en las primeras revueltas de esclavos en su pa\u00eds natal<\/strong>, en la \u00e9poca de los negros cimarrones.&nbsp;<\/p>\n\n\n\n<p>Ni siquiera sabemos sus or\u00edgenes ni su etnia con certeza (hay teor\u00edas que dicen que incluso pod\u00eda&nbsp;ser india), pero l<strong>a cultura popular convirti\u00f3 a Tituba en la \u00abbruja negra de Salem\u00bb<\/strong>, y en una especie de hechicera vud\u00fa. Se hizo tan famosa que grandes historiadores y escritores se dejaron \u00abhechizar\u00bb por su figura,&nbsp;<strong>destacando a Arthur Miller y&nbsp;su famosa obra de teatro&nbsp;<em>Las brujas&nbsp;de Salem<\/em>.&nbsp;<\/strong><img decoding=\"async\" src=\"https:\/\/img2.rtve.es\/a\/5804454?w=800&amp;preview=1614318977942.jpg\" alt=\"La LiB\u00e9LuLa - La Deseada (Maryse Cond\u00e9, ed. Impedimenta) - 26\/02\/21 - escuchar ahora\"><a href=\"https:\/\/www.rtve.es\/play\/audios\/la-libelula\/deseada-maryse-conde-ed-impedimenta\/5804454\/\">30.34 min<\/a>La LiB\u00e9LuLa &#8211; La Deseada (Maryse Cond\u00e9, ed. Impedimenta) &#8211; 26\/02\/21 <\/p>\n\n\n\n<h3 class=\"wp-block-heading\"><strong>Los padres de Maryse rechazaban su herencia africana&nbsp;<\/strong><\/h3>\n\n\n\n<p>No podemos terminar sin destacar la estupenda traducci\u00f3n de la novela, por parte de<strong>&nbsp;Martha Asunci\u00f3n Alonso<\/strong>, y la fant\u00e1stica edici\u00f3n de Impedimenta, una editorial que&nbsp;<strong>nos sigue ofreciendo algunos los mejores t\u00edtulos de la literatura actual&nbsp;y contin\u00faa rescatando cl\u00e1sicos imperecederos<\/strong>&nbsp;como este&nbsp;<em>Yo, Tituba, la bruja negra de Salem<\/em>.&nbsp;&nbsp;Y a la que queremos felicitar porque este 2022 celebra su 15 aniversario.<\/p>\n\n\n\n<p>Queremos recordaros que nuestra compa\u00f1era&nbsp;<strong>Ana Bel\u00e9n Flores<\/strong>&nbsp;ya recomend\u00f3 esta historia en su lista de&nbsp;<a href=\"https:\/\/www.rtve.es\/noticias\/20220103\/veinte-libros-para-arrancar-2022\/2240840.shtml\" target=\"_blank\" rel=\"noreferrer noopener\">los mejores libros para comenzar este 2022<\/a>. Y para animaros a que rescat\u00e9is alguna otra de sus recomendaciones.<\/p>\n\n\n\n<p>Por cierto, que la publicaci\u00f3n de este libro coincide con<a href=\"https:\/\/www.rtve.es\/noticias\/20220126\/parlament-memoria-mujeres-condenadas-brujeria\/2270642.shtml\" target=\"_blank\" rel=\"noreferrer noopener\">&nbsp;la iniciativa del Parlament para \u00abreparar\u00bb la memoria de las mujeres condenadas por brujer\u00eda en Catalu\u00f1a<\/a>. Y es que no podemos olvidar que en Espa\u00f1a fueron asesinadas cientos de mujeres acusadas de brujer\u00eda.<\/p>\n\n\n\n<p>Y para concluir os recomendamos la entrevista que&nbsp;<a href=\"https:\/\/www.rtve.es\/play\/videos\/pagina-dos\/\" target=\"_blank\" rel=\"noreferrer noopener\">P\u00e1gina 2<\/a>&nbsp;dedic\u00f3 a Maryse Cond\u00e9 con motivo de la concesi\u00f3n del Premio nobel Alternativo de Literatura y de la publicaci\u00f3n de su novela. En ella la escritora confesaba su profundo&nbsp;amor por su madre, aunque<strong>&nbsp;nunca entendi\u00f3 por qu\u00e9 sus progenitores se las daban de altivos y rechazaban su propia herencia africana,&nbsp;<\/strong>algo muy presente, como decimos, en este&nbsp;<em>Yo, Tituba<\/em>.<img decoding=\"async\" src=\"https:\/\/img2.rtve.es\/v\/5036344?w=800&amp;preview=1551829840858.jpg\" alt=\"P\u00e1gina Dos - Maryse Cond\u00e9 - ver ahora\"><\/p>\n\n\n\n<p><a href=\"https:\/\/www.rtve.es\/play\/videos\/pagina-dos\/pagina-dos-maryse-conde\/5036344\/\">27.39 min<\/a>P\u00e1gina Dos &#8211; Maryse Cond\u00e9 https:\/\/www.rtve.es\/play\/videos\/pagina-dos\/pagina-dos-maryse-conde\/5036344\/<\/p>\n\n\n\n<p>Fuente: https:\/\/www.rtve.es\/noticias\/20220126\/maryse-conde-tituba-bruja-negra-salem\/2269840.shtml<\/p>\n","protected":false},"excerpt":{"rendered":"<p>Se publica una de las grandes novelas de la eterna candidata al Nobel de Literatura JES\u00daS JIM\u00c9NEZ \/ RTVE Eterna [&hellip;]<\/p>\n","protected":false},"author":1,"featured_media":20075,"comment_status":"open","ping_status":"open","sticky":false,"template":"","format":"standard","meta":{"site-sidebar-layout":"default","site-content-layout":"","ast-site-content-layout":"default","site-content-style":"default","site-sidebar-style":"default","ast-global-header-display":"","ast-banner-title-visibility":"","ast-main-header-display":"","ast-hfb-above-header-display":"","ast-hfb-below-header-display":"","ast-hfb-mobile-header-display":"","site-post-title":"","ast-breadcrumbs-content":"","ast-featured-img":"","footer-sml-layout":"","theme-transparent-header-meta":"","adv-header-id-meta":"","stick-header-meta":"","header-above-stick-meta":"","header-main-stick-meta":"","header-below-stick-meta":"","astra-migrate-meta-layouts":"default","ast-page-background-enabled":"default","ast-page-background-meta":{"desktop":{"background-color":"var(--ast-global-color-4)","background-image":"","background-repeat":"repeat","background-position":"center center","background-size":"auto","background-attachment":"scroll","background-type":"","background-media":"","overlay-type":"","overlay-color":"","overlay-opacity":"","overlay-gradient":""},"tablet":{"background-color":"","background-image":"","background-repeat":"repeat","background-position":"center center","background-size":"auto","background-attachment":"scroll","background-type":"","background-media":"","overlay-type":"","overlay-color":"","overlay-opacity":"","overlay-gradient":""},"mobile":{"background-color":"","background-image":"","background-repeat":"repeat","background-position":"center center","background-size":"auto","background-attachment":"scroll","background-type":"","background-media":"","overlay-type":"","overlay-color":"","overlay-opacity":"","overlay-gradient":""}},"ast-content-background-meta":{"desktop":{"background-color":"var(--ast-global-color-5)","background-image":"","background-repeat":"repeat","background-position":"center center","background-size":"auto","background-attachment":"scroll","background-type":"","background-media":"","overlay-type":"","overlay-color":"","overlay-opacity":"","overlay-gradient":""},"tablet":{"background-color":"var(--ast-global-color-5)","background-image":"","background-repeat":"repeat","background-position":"center center","background-size":"auto","background-attachment":"scroll","background-type":"","background-media":"","overlay-type":"","overlay-color":"","overlay-opacity":"","overlay-gradient":""},"mobile":{"background-color":"var(--ast-global-color-5)","background-image":"","background-repeat":"repeat","background-position":"center center","background-size":"auto","background-attachment":"scroll","background-type":"","background-media":"","overlay-type":"","overlay-color":"","overlay-opacity":"","overlay-gradient":""}},"footnotes":""},"categories":[8],"tags":[7220,7221],"class_list":["post-20074","post","type-post","status-publish","format-standard","has-post-thumbnail","hentry","category-noticias","tag-maryse-conde","tag-yo-tituba-la-bruja-negra-de-salem"],"_links":{"self":[{"href":"https:\/\/losperiodistas.com.mx\/portal\/wp-json\/wp\/v2\/posts\/20074","targetHints":{"allow":["GET"]}}],"collection":[{"href":"https:\/\/losperiodistas.com.mx\/portal\/wp-json\/wp\/v2\/posts"}],"about":[{"href":"https:\/\/losperiodistas.com.mx\/portal\/wp-json\/wp\/v2\/types\/post"}],"author":[{"embeddable":true,"href":"https:\/\/losperiodistas.com.mx\/portal\/wp-json\/wp\/v2\/users\/1"}],"replies":[{"embeddable":true,"href":"https:\/\/losperiodistas.com.mx\/portal\/wp-json\/wp\/v2\/comments?post=20074"}],"version-history":[{"count":2,"href":"https:\/\/losperiodistas.com.mx\/portal\/wp-json\/wp\/v2\/posts\/20074\/revisions"}],"predecessor-version":[{"id":20077,"href":"https:\/\/losperiodistas.com.mx\/portal\/wp-json\/wp\/v2\/posts\/20074\/revisions\/20077"}],"wp:featuredmedia":[{"embeddable":true,"href":"https:\/\/losperiodistas.com.mx\/portal\/wp-json\/wp\/v2\/media\/20075"}],"wp:attachment":[{"href":"https:\/\/losperiodistas.com.mx\/portal\/wp-json\/wp\/v2\/media?parent=20074"}],"wp:term":[{"taxonomy":"category","embeddable":true,"href":"https:\/\/losperiodistas.com.mx\/portal\/wp-json\/wp\/v2\/categories?post=20074"},{"taxonomy":"post_tag","embeddable":true,"href":"https:\/\/losperiodistas.com.mx\/portal\/wp-json\/wp\/v2\/tags?post=20074"}],"curies":[{"name":"wp","href":"https:\/\/api.w.org\/{rel}","templated":true}]}}