{"id":20068,"date":"2022-01-27T05:36:31","date_gmt":"2022-01-27T11:36:31","guid":{"rendered":"http:\/\/losperiodistas.com.mx\/portal\/?p=20068"},"modified":"2022-01-27T05:36:33","modified_gmt":"2022-01-27T11:36:33","slug":"tras-7-de-19-foros-el-pri-ve-acuerdo-de-reforma-electrica-en-junio-el-financiero","status":"publish","type":"post","link":"https:\/\/losperiodistas.com.mx\/portal\/tras-7-de-19-foros-el-pri-ve-acuerdo-de-reforma-electrica-en-junio-el-financiero\/","title":{"rendered":"Tras 7 de 19 foros, el PRI ve acuerdo de reforma el\u00e9ctrica en junio | El Financiero"},"content":{"rendered":"\n<p style=\"font-size:18px\"><em>Para que prospere, Morena sabe que hay que hacerle cambios, asegura Moreira<\/em><\/p>\n\n\n\n<p><\/p>\n\n\n\n<figure class=\"wp-block-image size-large\"><img fetchpriority=\"high\" decoding=\"async\" width=\"1024\" height=\"537\" src=\"https:\/\/losperiodistas.com.mx\/portal\/wp-content\/uploads\/2022\/01\/Captura-de-Pantalla-2022-01-27-a-las-5.33.40-1024x537.png\" alt=\"\" class=\"wp-image-20069\" srcset=\"https:\/\/losperiodistas.com.mx\/portal\/wp-content\/uploads\/2022\/01\/Captura-de-Pantalla-2022-01-27-a-las-5.33.40-1024x537.png 1024w, https:\/\/losperiodistas.com.mx\/portal\/wp-content\/uploads\/2022\/01\/Captura-de-Pantalla-2022-01-27-a-las-5.33.40-300x157.png 300w, https:\/\/losperiodistas.com.mx\/portal\/wp-content\/uploads\/2022\/01\/Captura-de-Pantalla-2022-01-27-a-las-5.33.40-768x403.png 768w, https:\/\/losperiodistas.com.mx\/portal\/wp-content\/uploads\/2022\/01\/Captura-de-Pantalla-2022-01-27-a-las-5.33.40.png 1384w\" sizes=\"(max-width: 1024px) 100vw, 1024px\" \/><figcaption><strong>Reforma el\u00e9ctrica\u00a0<\/strong>Rub\u00e9n Moreira, l\u00edder del PRI en San L\u00e1zaro\u00a0(Especial)<\/figcaption><\/figure>\n\n\n\n<p><\/p>\n\n\n\n<p class=\"has-vivid-cyan-blue-color has-text-color has-medium-font-size\">V\u00cdCTOR CH\u00c1VEZ \/ EL FINANCIERO<\/p>\n\n\n\n<p>Tras siete de los 19 foros del parlamento abierto, el l\u00edder del&nbsp;<strong>PRI&nbsp;<\/strong>en la C\u00e1mara de Diputados, Rub\u00e9n&nbsp;<strong>Moreira<\/strong>, asegur\u00f3 que hay \u201cpuntos de encuentro\u201d para aprobar la iniciativa de<strong>&nbsp;reforma el\u00e9ctrica<\/strong>&nbsp;del presidente Andr\u00e9s Manuel L\u00f3pez Obrador.<\/p>\n\n\n\n<p>\u201cHay ya posturas definidas, s\u00ed, pero hay matices de lo que pudieran ser diversos puntos de encuentro para tratar de llegar a alg\u00fan tipo de acuerdo\u201d, adelant\u00f3.<\/p>\n\n\n\n<p>Insisti\u00f3 \u2013sin embargo\u2013 que, de darse estos \u201cpuntos de encuentro\u201d, la discusi\u00f3n y votaci\u00f3n del dictamen de la\u00a0<strong>reforma\u00a0<\/strong>en el pleno de los diputados debe ser despu\u00e9s de las elecciones del 5 de junio. \u201cSi hay condiciones, despu\u00e9s del proceso electoral, discutir la\u00a0<strong>reforma\u00a0<\/strong>si es que se llega a acuerdos que permitan subirla a la tribuna\u201d, indic\u00f3.<\/p>\n\n\n\n<p><a href=\"https:\/\/www.elfinanciero.com.mx\/opinion\/alejo-sanchez-cano\/2022\/01\/27\/parlamento-abierto-engano-y-mentira\/\"><\/a><a href=\"https:\/\/www.elfinanciero.com.mx\/opinion\/alejo-sanchez-cano\/2022\/01\/27\/parlamento-abierto-engano-y-mentira\/\">Parlamento abierto: enga\u00f1o y mentira<\/a><\/p>\n\n\n\n<hr class=\"wp-block-separator\"\/>\n\n\n\n<p>Sobre hacerle modificaciones a la propuesta presidencial coment\u00f3 que \u201cm\u00e1s all\u00e1 de moverle una coma o un punto y coma, ya en Morena est\u00e1n dado por sentado que si quieren que prosperen algunas cosas, como en cualquier parlamento del mundo, se tienen que buscar puntos de encuentro y hacerle cambios, no somos una excepci\u00f3n\u201d.<\/p>\n\n\n\n<p>En respuesta, el l\u00edder de Morena en San L\u00e1zaro, Ignacio Mier, afirm\u00f3 que \u201ces positivo\u201d, pero aclar\u00f3 que \u201cvamos a continuar el an\u00e1lisis\u201d y a concluir los foros del parlamento abierto el 19 de febrero.<\/p>\n\n\n\n<p>Tambi\u00e9n inform\u00f3 que s\u00ed acudir\u00e1 a los foros el presidente del Consejo Coordinador Empresarial (CCE), Carlos Salazar, y asegur\u00f3 que es falso que se ir\u00e1n las inversiones del pa\u00eds por la reforma el\u00e9ctrica. \u201cEso es falso, no se van a ir. Lo se\u00f1al\u00f3 aqu\u00ed el representante de Concamin. M\u00e9xico es un pa\u00eds muy confiable\u201d, dijo.<\/p>\n\n\n\n<p>Tambi\u00e9n \u201ces falso que no se genere energ\u00eda limpia en M\u00e9xico. Apenas el 8 por ciento de la energ\u00eda que se genera es con carb\u00f3n; en Estados Unidos es el 40 por ciento; en China es peor. M\u00e9xico no contribuye a la contaminaci\u00f3n, su porcentaje de emisi\u00f3n de contaminantes es de 1.3; en Brasil es de 29 por ciento\u201d.<\/p>\n\n\n\n<p><strong>PAN VA POR LA SUYA<\/strong><\/p>\n\n\n\n<p>El l\u00edder nacional del PAN, Marko Cort\u00e9s, anunci\u00f3 que su partido presentar\u00e1 una propuesta propia de&nbsp;<strong>reforma el\u00e9ctrica<\/strong>, como contrapropuesta de la iniciativa \u201cregresiva y destructiva\u201d del Presidente.<\/p>\n\n\n\n<p>Al inaugurar la segunda reuni\u00f3n plenaria de sus diputados federales, estim\u00f3 que \u201cno es necesario un cambio en la Constituci\u00f3n, s\u00f3lo en las leyes secundarias\u201d, para lo que presentar\u00e1n \u201cargumentos claros\u201d.<\/p>\n\n\n\n<p>Expres\u00f3 que \u201cdialogar con el gobierno no es claudicar; sabemos lo que queremos: que la gente pague menos en sus recibos de luz, energ\u00edas limpias y renovables, certidumbre para la inversi\u00f3n\u201d.<\/p>\n\n\n\n<p>Fuente: https:\/\/www.elfinanciero.com.mx\/nacional\/2022\/01\/27\/pri-posible-acuerdo-en-ley-electrica-pero-en-junio\/<\/p>\n","protected":false},"excerpt":{"rendered":"<p>Para que prospere, Morena sabe que hay que hacerle cambios, asegura Moreira V\u00cdCTOR CH\u00c1VEZ \/ EL FINANCIERO Tras siete de [&hellip;]<\/p>\n","protected":false},"author":1,"featured_media":20069,"comment_status":"open","ping_status":"open","sticky":false,"template":"","format":"standard","meta":{"site-sidebar-layout":"default","site-content-layout":"","ast-site-content-layout":"default","site-content-style":"default","site-sidebar-style":"default","ast-global-header-display":"","ast-banner-title-visibility":"","ast-main-header-display":"","ast-hfb-above-header-display":"","ast-hfb-below-header-display":"","ast-hfb-mobile-header-display":"","site-post-title":"","ast-breadcrumbs-content":"","ast-featured-img":"","footer-sml-layout":"","theme-transparent-header-meta":"","adv-header-id-meta":"","stick-header-meta":"","header-above-stick-meta":"","header-main-stick-meta":"","header-below-stick-meta":"","astra-migrate-meta-layouts":"default","ast-page-background-enabled":"default","ast-page-background-meta":{"desktop":{"background-color":"var(--ast-global-color-4)","background-image":"","background-repeat":"repeat","background-position":"center center","background-size":"auto","background-attachment":"scroll","background-type":"","background-media":"","overlay-type":"","overlay-color":"","overlay-opacity":"","overlay-gradient":""},"tablet":{"background-color":"","background-image":"","background-repeat":"repeat","background-position":"center center","background-size":"auto","background-attachment":"scroll","background-type":"","background-media":"","overlay-type":"","overlay-color":"","overlay-opacity":"","overlay-gradient":""},"mobile":{"background-color":"","background-image":"","background-repeat":"repeat","background-position":"center center","background-size":"auto","background-attachment":"scroll","background-type":"","background-media":"","overlay-type":"","overlay-color":"","overlay-opacity":"","overlay-gradient":""}},"ast-content-background-meta":{"desktop":{"background-color":"var(--ast-global-color-5)","background-image":"","background-repeat":"repeat","background-position":"center center","background-size":"auto","background-attachment":"scroll","background-type":"","background-media":"","overlay-type":"","overlay-color":"","overlay-opacity":"","overlay-gradient":""},"tablet":{"background-color":"var(--ast-global-color-5)","background-image":"","background-repeat":"repeat","background-position":"center center","background-size":"auto","background-attachment":"scroll","background-type":"","background-media":"","overlay-type":"","overlay-color":"","overlay-opacity":"","overlay-gradient":""},"mobile":{"background-color":"var(--ast-global-color-5)","background-image":"","background-repeat":"repeat","background-position":"center center","background-size":"auto","background-attachment":"scroll","background-type":"","background-media":"","overlay-type":"","overlay-color":"","overlay-opacity":"","overlay-gradient":""}},"footnotes":""},"categories":[8],"tags":[1978,4485,3658],"class_list":["post-20068","post","type-post","status-publish","format-standard","has-post-thumbnail","hentry","category-noticias","tag-pri","tag-reforma-electrica","tag-ruben-moreira"],"_links":{"self":[{"href":"https:\/\/losperiodistas.com.mx\/portal\/wp-json\/wp\/v2\/posts\/20068","targetHints":{"allow":["GET"]}}],"collection":[{"href":"https:\/\/losperiodistas.com.mx\/portal\/wp-json\/wp\/v2\/posts"}],"about":[{"href":"https:\/\/losperiodistas.com.mx\/portal\/wp-json\/wp\/v2\/types\/post"}],"author":[{"embeddable":true,"href":"https:\/\/losperiodistas.com.mx\/portal\/wp-json\/wp\/v2\/users\/1"}],"replies":[{"embeddable":true,"href":"https:\/\/losperiodistas.com.mx\/portal\/wp-json\/wp\/v2\/comments?post=20068"}],"version-history":[{"count":1,"href":"https:\/\/losperiodistas.com.mx\/portal\/wp-json\/wp\/v2\/posts\/20068\/revisions"}],"predecessor-version":[{"id":20070,"href":"https:\/\/losperiodistas.com.mx\/portal\/wp-json\/wp\/v2\/posts\/20068\/revisions\/20070"}],"wp:featuredmedia":[{"embeddable":true,"href":"https:\/\/losperiodistas.com.mx\/portal\/wp-json\/wp\/v2\/media\/20069"}],"wp:attachment":[{"href":"https:\/\/losperiodistas.com.mx\/portal\/wp-json\/wp\/v2\/media?parent=20068"}],"wp:term":[{"taxonomy":"category","embeddable":true,"href":"https:\/\/losperiodistas.com.mx\/portal\/wp-json\/wp\/v2\/categories?post=20068"},{"taxonomy":"post_tag","embeddable":true,"href":"https:\/\/losperiodistas.com.mx\/portal\/wp-json\/wp\/v2\/tags?post=20068"}],"curies":[{"name":"wp","href":"https:\/\/api.w.org\/{rel}","templated":true}]}}