{"id":20065,"date":"2022-01-27T05:30:38","date_gmt":"2022-01-27T11:30:38","guid":{"rendered":"http:\/\/losperiodistas.com.mx\/portal\/?p=20065"},"modified":"2022-01-27T05:30:39","modified_gmt":"2022-01-27T11:30:39","slug":"terror-en-guerrero-enfrentamiento-entre-los-ardillos-y-autodefensas-dejo-cinco-muertos-en-chilpancingo-infobae","status":"publish","type":"post","link":"https:\/\/losperiodistas.com.mx\/portal\/terror-en-guerrero-enfrentamiento-entre-los-ardillos-y-autodefensas-dejo-cinco-muertos-en-chilpancingo-infobae\/","title":{"rendered":"Terror en Guerrero: enfrentamiento entre Los Ardillos y autodefensas dej\u00f3 cinco muertos en Chilpancingo | Infobae"},"content":{"rendered":"\n<p style=\"font-size:18px\"><em>Integrantes de Los Ardillos y de la UPOEG fueron los protagonistas de esta refriega que dur\u00f3 alrededor de dos horas y sembr\u00f3 el miedo entre la poblaci\u00f3n<\/em><\/p>\n\n\n\n<figure class=\"wp-block-image size-large\"><img fetchpriority=\"high\" decoding=\"async\" width=\"1024\" height=\"454\" src=\"https:\/\/losperiodistas.com.mx\/portal\/wp-content\/uploads\/2022\/01\/Captura-de-Pantalla-2022-01-27-a-las-5.27.09-1024x454.png\" alt=\"\" class=\"wp-image-20066\" srcset=\"https:\/\/losperiodistas.com.mx\/portal\/wp-content\/uploads\/2022\/01\/Captura-de-Pantalla-2022-01-27-a-las-5.27.09-1024x454.png 1024w, https:\/\/losperiodistas.com.mx\/portal\/wp-content\/uploads\/2022\/01\/Captura-de-Pantalla-2022-01-27-a-las-5.27.09-300x133.png 300w, https:\/\/losperiodistas.com.mx\/portal\/wp-content\/uploads\/2022\/01\/Captura-de-Pantalla-2022-01-27-a-las-5.27.09-768x341.png 768w, https:\/\/losperiodistas.com.mx\/portal\/wp-content\/uploads\/2022\/01\/Captura-de-Pantalla-2022-01-27-a-las-5.27.09.png 1366w\" sizes=\"(max-width: 1024px) 100vw, 1024px\" \/><figcaption>Testigos reportaron que 8 autodefensas repelieron la agresi\u00f3n de 100 pistoleros de Los Ardillos (Foto: Twitter\/@antoniosolanoa)<\/figcaption><\/figure>\n\n\n\n<p class=\"has-vivid-cyan-blue-color has-text-color has-medium-font-size\">INFOBAE<\/p>\n\n\n\n<p>La tarde de este mi\u00e9rcoles los vecinos de Buenavista de Salud, ubicado en Chilpancingo, Guerrero, vivieron momentos de terror luego de un<strong>&nbsp;enfrentamiento entre los integrantes de un grupo criminal y una organizaci\u00f3n de autodefensas<\/strong>.<\/p>\n\n\n\n<p>De acuerdo con los primeros informes, se trat\u00f3 de un&nbsp;<strong>ataque perpetrado por Los Ardillos<\/strong>, un grupo delincuencial con m\u00e1s de 20 a\u00f1os de operaciones en el estado,&nbsp;<strong>en contra del campamento de la Uni\u00f3n de Pueblos Organizados del Estado de Guerrero<\/strong>&nbsp;(UPOEG) de esa localidad.<\/p>\n\n\n\n<p>Algunos testimonios se\u00f1alaron que&nbsp;<strong>la refriega dur\u00f3 alrededor de dos horas y dej\u00f3 un saldo de ocho personas muertas, cuatro de cada bando<\/strong>. Por ello, la Base de Operaciones Mixtas, integrada porla Polic\u00eda Estatal, la Secretar\u00eda de Defensa Nacional, Guardia Nacional y la Fiscal\u00eda General del Estado, acudieron al lugar de los hechos.<\/p>\n\n\n\n<p>La Comisi\u00f3n para la Construcci\u00f3n de Paz del Estado de Guerrero emiti\u00f3 un comunicado para dar a conocer la informaci\u00f3n sobre este ataque y relat\u00f3 que<strong>\u00a0un grupo de elementos de la polic\u00eda de Guerrero que acud\u00edan en ayuda fueron agredidos a balazos por al menos tres veh\u00edculos\u00a0<\/strong>que los interceptaron cuando transitaban sobre la carretera federal M\u00e9xico-Acapulco.<\/p>\n\n\n\n<p><img decoding=\"async\" height=\"234\" width=\"533\" srcset=\"https:\/\/www.infobae.com\/new-resizer\/32cPSN-pKfhoykcDMyh6BdTeu58=\/420x187\/filters:format(webp):quality(85)\/cloudfront-us-east-1.images.arcpublishing.com\/infobae\/WUAGXIGXFRCFDABRKIIWLEWECY.JPG 420w,https:\/\/www.infobae.com\/new-resizer\/r9_VBQTJlga-BN8rNMzY_jvtqHo=\/768x341\/filters:format(webp):quality(85)\/cloudfront-us-east-1.images.arcpublishing.com\/infobae\/WUAGXIGXFRCFDABRKIIWLEWECY.JPG 768w,https:\/\/www.infobae.com\/new-resizer\/OF0h7larYS0f5a2e3Z730v9ZQRw=\/992x441\/filters:format(webp):quality(85)\/cloudfront-us-east-1.images.arcpublishing.com\/infobae\/WUAGXIGXFRCFDABRKIIWLEWECY.JPG 992w,https:\/\/www.infobae.com\/new-resizer\/ZULukSF6u1ceSnbwqjVl4o7Ixbw=\/1200x533\/filters:format(webp):quality(85)\/cloudfront-us-east-1.images.arcpublishing.com\/infobae\/WUAGXIGXFRCFDABRKIIWLEWECY.JPG 1200w\" alt=\"Elementos policiacos acudieron a la zona donde ocuerrieron los hechos (Foto: Twitter)\" src=\"https:\/\/www.infobae.com\/new-resizer\/32cPSN-pKfhoykcDMyh6BdTeu58=\/420x187\/filters:format(webp):quality(85)\/cloudfront-us-east-1.images.arcpublishing.com\/infobae\/WUAGXIGXFRCFDABRKIIWLEWECY.JPG%20420w\"><\/p>\n\n\n\n<p>Elementos policiacos acudieron a la zona donde ocuerrieron los hechos (Foto: Twitter)<\/p>\n\n\n\n<p>Como resultado de este choque,&nbsp;<strong>murieron dos civiles armados<\/strong>, mismos que portaban uniformes t\u00e1cticos y armas de alto poder, mientras que ning\u00fan uniformado result\u00f3 herido.<\/p>\n\n\n\n<p>En el documento oficial se asegur\u00f3 que&nbsp;<strong>inici\u00f3 el despliegue de seguridad que podr\u00eda extenderse hasta la madrugada del jueves<\/strong>. Por su parte, la Fiscal\u00eda estatal ya inici\u00f3 con las investigaciones pertinentes acerca del caso.<\/p>\n\n\n\n<p>Durante las acciones de seguridad se logr\u00f3 el&nbsp;<strong>decomiso de dos veh\u00edculos con blindaje artesanal, una camioneta<\/strong>&nbsp;con impactos de arma de fuego en su carrocer\u00eda, que en su interior conten\u00eda un aditamento lanza granadas y dos fusiles tipo R-1.<\/p>\n\n\n\n<p>Bruno Pl\u00e1cido Valerio, dirigente de la UPOEG, otorg\u00f3 una entrevista para el diario&nbsp;<em>La Jornada<\/em>&nbsp;en la que&nbsp;<strong>confirm\u00f3 la muerte de cuatro integrantes de la organizaci\u00f3n de civiles armados<\/strong>&nbsp;al intentar repeler el ataque de Los Ardillos.<\/p>\n\n\n\n<p>De acuerdo con sus declaraciones,\u00a0<strong>una de las v\u00edctimas es Mario Zamora, ex dirigente de la Coordinadora Estatal de Trabajadores de la Educaci\u00f3n en Guerrero<\/strong>\u00a0(CETEG). Adem\u00e1s, confirm\u00f3 que durante la balacera fallecieron dos integrantes de la agrupaci\u00f3n criminal, mientras que los otros dos sucumbieron en las inmediaciones del poblado de Acahuizotla.<\/p>\n\n\n\n<p><img decoding=\"async\" height=\"480\" width=\"720\" srcset=\"https:\/\/www.infobae.com\/new-resizer\/cRJqUjpOr0LfBwBVnrWaP6FmEQU=\/420x280\/filters:format(webp):quality(85)\/cloudfront-us-east-1.images.arcpublishing.com\/infobae\/DDOU6WSZMRFJVIUU4GTZXYXGLE.jpg 420w,https:\/\/www.infobae.com\/new-resizer\/VFo3xOQwnc3HoEBtV8om5hUM8sA=\/768x512\/filters:format(webp):quality(85)\/cloudfront-us-east-1.images.arcpublishing.com\/infobae\/DDOU6WSZMRFJVIUU4GTZXYXGLE.jpg 768w,https:\/\/www.infobae.com\/new-resizer\/-Zfj5lgvTOmi5Pyw2fSsZpemfe4=\/992x661\/filters:format(webp):quality(85)\/cloudfront-us-east-1.images.arcpublishing.com\/infobae\/DDOU6WSZMRFJVIUU4GTZXYXGLE.jpg 992w,https:\/\/www.infobae.com\/new-resizer\/ADOTQNIpixuzRlNes7eVYxO8ENQ=\/1200x800\/filters:format(webp):quality(85)\/cloudfront-us-east-1.images.arcpublishing.com\/infobae\/DDOU6WSZMRFJVIUU4GTZXYXGLE.jpg 1200w,https:\/\/www.infobae.com\/new-resizer\/VqEIPdN2aWFVjJf-AdCkaJK2bxc=\/1440x960\/filters:format(webp):quality(85)\/cloudfront-us-east-1.images.arcpublishing.com\/infobae\/DDOU6WSZMRFJVIUU4GTZXYXGLE.jpg 1440w\" alt=\"Elementos de la polic\u00eda Estatal que acud\u00edan al llamado de emergencia fueron agredidos a balazos por civiles armados (Foto: Twitter\/@soycomoeltejon)\" src=\"https:\/\/www.infobae.com\/new-resizer\/cRJqUjpOr0LfBwBVnrWaP6FmEQU=\/420x280\/filters:format(webp):quality(85)\/cloudfront-us-east-1.images.arcpublishing.com\/infobae\/DDOU6WSZMRFJVIUU4GTZXYXGLE.jpg%20420w\"><\/p>\n\n\n\n<p>Elementos de la polic\u00eda Estatal que acud\u00edan al llamado de emergencia fueron agredidos a balazos por civiles armados (Foto: Twitter\/@soycomoeltejon)<\/p>\n\n\n\n<p>Posteriormente, culp\u00f3 a la gobernadora del estado, Evelyn Salgado Pineda, por hacer caso omiso a las personas de la comunidad El Rinc\u00f3n, en Chilpancingo, quienes&nbsp;<strong>solicitaron una base de operaciones mixtas por el miedo que le tienen a Los Ardillos<\/strong>, delincuentes que buscan controlar el Valle de El Ocotito.<\/p>\n\n\n\n<p>Durante el di\u00e1logo telef\u00f3nico, el dirigente de la UPOEG relat\u00f3 que la pelea inici\u00f3 alrededor de las 19:00 horas, y afirm\u00f3 que&nbsp;<strong>sus compa\u00f1eros de lucha no murieron de inmediato, sino que cayeron sin vida casi dos horas despu\u00e9s<\/strong>, ya que los servicios de emergencia no acudieron a tiempo.<\/p>\n\n\n\n<p>Personas que se encontraban cerca de la zona de fuego indicaron que<strong>&nbsp;fueron s\u00f3lo ocho integrantes de la UPOEG quienes se enfrentaron a uno 100 elementos de Los Ardillos<\/strong>. En una escena heroica, los autodefensas defendieron su posici\u00f3n y obligaron el repliegue de los criminales que en su camino abandonaron sus veh\u00edculos.<\/p>\n\n\n\n<p>Finalmente, Pl\u00e1cido Valerio adelant\u00f3 que\u00a0<strong>se reunir\u00e1 con los comisarios de las poblaciones cercanas a Buenavista de Salud para tomar cartas en el asunto<\/strong>, pues, sentenci\u00f3, \u201cal gobierno no le interesa lo que est\u00e1 pasando, m\u00e1s bien quieren sobrellevar el tiempo para las pr\u00f3ximas elecciones\u201d.<\/p>\n\n\n\n<p>Fuente: https:\/\/www.infobae.com\/america\/mexico\/2022\/01\/27\/terror-en-guerrero-enfrentamiento-entre-los-ardillos-y-autodefensas-dejo-cinco-muertos-en-chilpancingo\/<\/p>\n","protected":false},"excerpt":{"rendered":"<p>Integrantes de Los Ardillos y de la UPOEG fueron los protagonistas de esta refriega que dur\u00f3 alrededor de dos horas [&hellip;]<\/p>\n","protected":false},"author":1,"featured_media":20066,"comment_status":"open","ping_status":"open","sticky":false,"template":"","format":"standard","meta":{"site-sidebar-layout":"default","site-content-layout":"","ast-site-content-layout":"default","site-content-style":"default","site-sidebar-style":"default","ast-global-header-display":"","ast-banner-title-visibility":"","ast-main-header-display":"","ast-hfb-above-header-display":"","ast-hfb-below-header-display":"","ast-hfb-mobile-header-display":"","site-post-title":"","ast-breadcrumbs-content":"","ast-featured-img":"","footer-sml-layout":"","theme-transparent-header-meta":"","adv-header-id-meta":"","stick-header-meta":"","header-above-stick-meta":"","header-main-stick-meta":"","header-below-stick-meta":"","astra-migrate-meta-layouts":"default","ast-page-background-enabled":"default","ast-page-background-meta":{"desktop":{"background-color":"var(--ast-global-color-4)","background-image":"","background-repeat":"repeat","background-position":"center center","background-size":"auto","background-attachment":"scroll","background-type":"","background-media":"","overlay-type":"","overlay-color":"","overlay-opacity":"","overlay-gradient":""},"tablet":{"background-color":"","background-image":"","background-repeat":"repeat","background-position":"center center","background-size":"auto","background-attachment":"scroll","background-type":"","background-media":"","overlay-type":"","overlay-color":"","overlay-opacity":"","overlay-gradient":""},"mobile":{"background-color":"","background-image":"","background-repeat":"repeat","background-position":"center center","background-size":"auto","background-attachment":"scroll","background-type":"","background-media":"","overlay-type":"","overlay-color":"","overlay-opacity":"","overlay-gradient":""}},"ast-content-background-meta":{"desktop":{"background-color":"var(--ast-global-color-5)","background-image":"","background-repeat":"repeat","background-position":"center center","background-size":"auto","background-attachment":"scroll","background-type":"","background-media":"","overlay-type":"","overlay-color":"","overlay-opacity":"","overlay-gradient":""},"tablet":{"background-color":"var(--ast-global-color-5)","background-image":"","background-repeat":"repeat","background-position":"center center","background-size":"auto","background-attachment":"scroll","background-type":"","background-media":"","overlay-type":"","overlay-color":"","overlay-opacity":"","overlay-gradient":""},"mobile":{"background-color":"var(--ast-global-color-5)","background-image":"","background-repeat":"repeat","background-position":"center center","background-size":"auto","background-attachment":"scroll","background-type":"","background-media":"","overlay-type":"","overlay-color":"","overlay-opacity":"","overlay-gradient":""}},"footnotes":""},"categories":[8],"tags":[2589,7217,7216,7215],"class_list":["post-20065","post","type-post","status-publish","format-standard","has-post-thumbnail","hentry","category-noticias","tag-chilpancingo","tag-los-ardillos","tag-upoeg","tag-violencia-guerrero"],"_links":{"self":[{"href":"https:\/\/losperiodistas.com.mx\/portal\/wp-json\/wp\/v2\/posts\/20065","targetHints":{"allow":["GET"]}}],"collection":[{"href":"https:\/\/losperiodistas.com.mx\/portal\/wp-json\/wp\/v2\/posts"}],"about":[{"href":"https:\/\/losperiodistas.com.mx\/portal\/wp-json\/wp\/v2\/types\/post"}],"author":[{"embeddable":true,"href":"https:\/\/losperiodistas.com.mx\/portal\/wp-json\/wp\/v2\/users\/1"}],"replies":[{"embeddable":true,"href":"https:\/\/losperiodistas.com.mx\/portal\/wp-json\/wp\/v2\/comments?post=20065"}],"version-history":[{"count":1,"href":"https:\/\/losperiodistas.com.mx\/portal\/wp-json\/wp\/v2\/posts\/20065\/revisions"}],"predecessor-version":[{"id":20067,"href":"https:\/\/losperiodistas.com.mx\/portal\/wp-json\/wp\/v2\/posts\/20065\/revisions\/20067"}],"wp:featuredmedia":[{"embeddable":true,"href":"https:\/\/losperiodistas.com.mx\/portal\/wp-json\/wp\/v2\/media\/20066"}],"wp:attachment":[{"href":"https:\/\/losperiodistas.com.mx\/portal\/wp-json\/wp\/v2\/media?parent=20065"}],"wp:term":[{"taxonomy":"category","embeddable":true,"href":"https:\/\/losperiodistas.com.mx\/portal\/wp-json\/wp\/v2\/categories?post=20065"},{"taxonomy":"post_tag","embeddable":true,"href":"https:\/\/losperiodistas.com.mx\/portal\/wp-json\/wp\/v2\/tags?post=20065"}],"curies":[{"name":"wp","href":"https:\/\/api.w.org\/{rel}","templated":true}]}}