{"id":20060,"date":"2022-01-27T05:24:55","date_gmt":"2022-01-27T11:24:55","guid":{"rendered":"http:\/\/losperiodistas.com.mx\/portal\/?p=20060"},"modified":"2022-01-27T05:24:57","modified_gmt":"2022-01-27T11:24:57","slug":"mi-estilo-una-adiccion-llamada-consumo-reflexion-para-cuidar-el-medio-ambiente-upress","status":"publish","type":"post","link":"https:\/\/losperiodistas.com.mx\/portal\/mi-estilo-una-adiccion-llamada-consumo-reflexion-para-cuidar-el-medio-ambiente-upress\/","title":{"rendered":"\u201cMi estilo\u201d, una adicci\u00f3n llamada consumo, reflexi\u00f3n para cuidar el medio ambiente | Upress"},"content":{"rendered":"\n<p style=\"font-size:18px\"><em>La exposici\u00f3n ser\u00e1 inaugurada este 27 de enero a las 10 a.m. Estar\u00e1 en exhibici\u00f3n hasta el 18 de junio de 2022, en un horario de 9 a 17 horas de lunes a viernes, s\u00e1bados de 10 a 16 horas en el Museo UPAEP, ubicado en la 11 poniente 1914, con entrada gratuita<\/em><\/p>\n\n\n\n<p><\/p>\n\n\n\n<figure class=\"wp-block-image size-large\"><img fetchpriority=\"high\" decoding=\"async\" width=\"700\" height=\"540\" src=\"https:\/\/losperiodistas.com.mx\/portal\/wp-content\/uploads\/2022\/01\/260122_MiEstilo.jpeg\" alt=\"\" class=\"wp-image-20061\" srcset=\"https:\/\/losperiodistas.com.mx\/portal\/wp-content\/uploads\/2022\/01\/260122_MiEstilo.jpeg 700w, https:\/\/losperiodistas.com.mx\/portal\/wp-content\/uploads\/2022\/01\/260122_MiEstilo-300x231.jpeg 300w\" sizes=\"(max-width: 700px) 100vw, 700px\" \/><\/figure>\n\n\n\n<p class=\"has-vivid-cyan-blue-color has-text-color has-medium-font-size\">JUAN M\u00c9NDEZ \/ UPRESS<\/p>\n\n\n\n<p>El Museo UPAEP y la Facultad de Ingenier\u00eda Ambiental y Desarrollo Sustentable de la universidad, se unen de manera colaborativa para promover el cuidado del medio ambiente y dise\u00f1an la exposici\u00f3n \u201cMi estilo\u201d, una adicci\u00f3n llamada consumo, que estar\u00e1 abierta al p\u00fablico en general a partir de este jueves 27 de enero de 2022.<\/p>\n\n\n\n<p>La exposici\u00f3n \u201cMi estilo\u201d, una adicci\u00f3n llamada consumo, tiene el prop\u00f3sito de reflexionar sobre la importancia de nuestros patrones de consumo y la urgencia de modificarlos hacia alternativas m\u00e1s sostenibles, explicando el impacto medio ambiental y social a trav\u00e9s de actividades l\u00fadicas, fotograf\u00edas, infograf\u00edas, videos y materiales interactivos, enfatiz\u00f3 Evelin Flores Rueda, Directora del Museo UPAEP.<\/p>\n\n\n\n<p>La exposici\u00f3n ser\u00e1 inaugurada el d\u00eda 27 de enero a las 10 a.m. Estar\u00e1 en exhibici\u00f3n hasta el 18 de junio de 2022, en un horario de 9 a 17 h. de lunes a viernes, s\u00e1bados de 10 a 16 h. en el Museo UPAEP, ubicado en la 11 poniente 1914, indic\u00f3 la historiadora.<\/p>\n\n\n\n<p>Subray\u00f3 que hoy en d\u00eda el exceso en el consumo de productos y servicios es el motor que mueve la econom\u00eda a nivel global. Muchas de las personas en el mundo han adoptado un estilo de vida en que consumir, desechar y volver a consumir se ha vuelto cotidiano, sin darse cuenta de las implicaciones que tiene el consumo excesivo en el deterioro del planeta.<\/p>\n\n\n\n<p>Evelin Flores se\u00f1al\u00f3 que en lo general se aborda el tema de huella ecol\u00f3gica y la deuda personal que se tiene con el medio ambiente, ya que existe un n\u00famero limitado de recursos naturales disponibles anualmente, en 2019 la humanidad consumi\u00f3 los recursos de todo un a\u00f1o en tan solo 7 meses, viviendo los meses posteriores, julio a diciembre, con una deuda ecol\u00f3gica que se acumula cada a\u00f1o.<\/p>\n\n\n\n<p>Destac\u00f3 que las l\u00edneas tem\u00e1ticas que aborda la exposici\u00f3n son: Consumo; Deterioro ambiental; Deuda personal con el medio ambiente y H\u00e1bitos y acciones para cuidar el planeta.<\/p>\n\n\n\n<p>Asimismo, dijo que los docentes en la p\u00e1gina del Museo UPAEP podr\u00e1n encontrar materiales educativos relacionados con la exposici\u00f3n y dise\u00f1ados tanto para educaci\u00f3n b\u00e1sica como para media superior. En el bot\u00f3n de Museo UPAEP en tu escuela podr\u00e1n encontrar todo el material disponible.<\/p>\n\n\n\n<p>En su intervenci\u00f3n Genoveva Rosano Ortega, Directora de la Facultad de Ingenier\u00eda Ambiental y Desarrollo Sustentable de la UPAEP, al hablar del concepto de huella ecol\u00f3gica, dijo que este se origin\u00f3 en el a\u00f1o de 1996, siendo un tema emergente, fruto de muchos estudios de investigadores de todo el mundo para encontrar un lenguaje ecol\u00f3gico que permita medir la sustentabilidad y los impactos como seres humanos y todos los servicios que necesitamos, los productos que consumimos en relaci\u00f3n indirecta de la capacidad natural de renovaci\u00f3n que tienen nuestros ecosistemas.<\/p>\n\n\n\n<p>Afirm\u00f3 que la huella ecol\u00f3gica mide el impacto negativo del ser humano en la naturaleza, es una medida que nos dice cu\u00e1nta tierra, cu\u00e1nto terreno productivo y agua necesitamos para producir todo lo que estamos consumiendo, pero tambi\u00e9n para mitigar todos los residuos que se est\u00e1n generando y que se dejan en la naturaleza.<\/p>\n\n\n\n<p>Abund\u00f3 que en el Museo UPAEP la gente podr\u00e1 encontrar una forma muy divertida de revisar qu\u00e9 tanto estamos impactando en el medio ambiente y un ejemplo de ello es, en una hora que la persona respira, general alrededor de 2 kilogramos de Co2, tan s\u00f3lo por el hecho de estar vivos, estamos dejando una huella ecol\u00f3gica y no debemos olvidar que el planeta nos brinda todos los servicios ambientales para tener una vida saludable, pero los humanos con sus acciones est\u00e1 sobrepasando lo que el planeta puede mitigar.<\/p>\n\n\n\n<p>Genoveva Rosano manifest\u00f3 que en los \u00faltimos 40 a\u00f1os \u201cnuestra generaci\u00f3n y quiz\u00e1 la de nuestros padres, somos los responsables de que se haya cuadruplicado la producci\u00f3n y el consumo por habitante. Es decir, hace cuarenta a\u00f1os las generaciones consum\u00edan cuatro veces menos a lo que las generaciones actuales est\u00e1n demandando, acciones que tienen un impacto en el cambio clim\u00e1tico, en la deforestaci\u00f3n y en todos los problemas ambientales que hoy estamos viviendo\u201d.<\/p>\n\n\n\n<p>Advirti\u00f3 que las personas est\u00e1n viviendo una \u00e9poca en donde se est\u00e1n generando una cantidad de residuos nunca antes vista; una apat\u00eda ambiental muy dif\u00edcil por todo lo que est\u00e1 sucediendo en nuestro entorno y que tienen que ver con las pol\u00edticas p\u00fablicas y las situaciones que se est\u00e1n presentando actualmente con la pandemia.<\/p>\n\n\n\n<p>Manifest\u00f3 que son los hogares los que mayores recursos demandan, servicios y productos, seguidos por las empresas y despu\u00e9s los gobiernos, por ello, las personas desde sus casas son las responsables del impacto negativo ambiental en alrededor de un 80 por ciento.<\/p>\n\n\n\n<p>Por \u00faltimo, Rodrigo Rojano Robledo, coordinador de Colecciones del Museo UPAEP, comparti\u00f3 que la exposici\u00f3n \u201cMi estilo\u201d, una adicci\u00f3n llamada consumo, est\u00e1 compuesta por 19 infograf\u00edas, que buscan concientizar a las personas para cuidar el medio ambiente; fotograf\u00edas y datos informativos que se han registrado en nuestro pa\u00eds, as\u00ed como actividades l\u00fadicas en donde la gente puede interactuar y jugar, as\u00ed como pantallas interactivas sobre diferentes documentales.<\/p>\n\n\n\n<p>Reiter\u00f3 que la exposici\u00f3n ser\u00e1 inaugurada el d\u00eda 27 de enero a las 10 a.m. Estar\u00e1 en exhibici\u00f3n hasta el 18 de junio de 2022, en un horario de 9 a 17 h. de lunes a viernes, s\u00e1bados de 10 a 16 h. en el Museo UPAEP, ubicado en la 11 poniente 1914.<\/p>\n\n\n\n<p>La entrada es gratuita tanto para la comunidad UPAEP como para la sociedad en general. Para solicitar recorridos guiados con grupo, pueden reservar enviando un correo electr\u00f3nico a\u00a0<a href=\"mailto:visitas.museo@upaep.mx\">visitas.museo@upaep.mx<\/a>\u00a0o a los tel\u00e9fonos 222 2299400 ext 7810 o al 222 2465854.<\/p>\n\n\n\n<p>Fuente: https:\/\/upress.mx\/secciones\/arte-y-cultura\/8670-%E2%80%9Cmi-estilo%E2%80%9D,-una-adicci%C3%B3n-llamada-consumo,-reflexi%C3%B3n-para-cuidar-el-medio-ambiente<\/p>\n","protected":false},"excerpt":{"rendered":"<p>La exposici\u00f3n ser\u00e1 inaugurada este 27 de enero a las 10 a.m. Estar\u00e1 en exhibici\u00f3n hasta el 18 de junio [&hellip;]<\/p>\n","protected":false},"author":1,"featured_media":20061,"comment_status":"open","ping_status":"open","sticky":false,"template":"","format":"standard","meta":{"site-sidebar-layout":"default","site-content-layout":"","ast-site-content-layout":"default","site-content-style":"default","site-sidebar-style":"default","ast-global-header-display":"","ast-banner-title-visibility":"","ast-main-header-display":"","ast-hfb-above-header-display":"","ast-hfb-below-header-display":"","ast-hfb-mobile-header-display":"","site-post-title":"","ast-breadcrumbs-content":"","ast-featured-img":"","footer-sml-layout":"","theme-transparent-header-meta":"","adv-header-id-meta":"","stick-header-meta":"","header-above-stick-meta":"","header-main-stick-meta":"","header-below-stick-meta":"","astra-migrate-meta-layouts":"default","ast-page-background-enabled":"default","ast-page-background-meta":{"desktop":{"background-color":"var(--ast-global-color-4)","background-image":"","background-repeat":"repeat","background-position":"center center","background-size":"auto","background-attachment":"scroll","background-type":"","background-media":"","overlay-type":"","overlay-color":"","overlay-opacity":"","overlay-gradient":""},"tablet":{"background-color":"","background-image":"","background-repeat":"repeat","background-position":"center center","background-size":"auto","background-attachment":"scroll","background-type":"","background-media":"","overlay-type":"","overlay-color":"","overlay-opacity":"","overlay-gradient":""},"mobile":{"background-color":"","background-image":"","background-repeat":"repeat","background-position":"center center","background-size":"auto","background-attachment":"scroll","background-type":"","background-media":"","overlay-type":"","overlay-color":"","overlay-opacity":"","overlay-gradient":""}},"ast-content-background-meta":{"desktop":{"background-color":"var(--ast-global-color-5)","background-image":"","background-repeat":"repeat","background-position":"center center","background-size":"auto","background-attachment":"scroll","background-type":"","background-media":"","overlay-type":"","overlay-color":"","overlay-opacity":"","overlay-gradient":""},"tablet":{"background-color":"var(--ast-global-color-5)","background-image":"","background-repeat":"repeat","background-position":"center center","background-size":"auto","background-attachment":"scroll","background-type":"","background-media":"","overlay-type":"","overlay-color":"","overlay-opacity":"","overlay-gradient":""},"mobile":{"background-color":"var(--ast-global-color-5)","background-image":"","background-repeat":"repeat","background-position":"center center","background-size":"auto","background-attachment":"scroll","background-type":"","background-media":"","overlay-type":"","overlay-color":"","overlay-opacity":"","overlay-gradient":""}},"footnotes":""},"categories":[8],"tags":[7213,7214],"class_list":["post-20060","post","type-post","status-publish","format-standard","has-post-thumbnail","hentry","category-noticias","tag-adiccion-consumo","tag-museo-upaep"],"_links":{"self":[{"href":"https:\/\/losperiodistas.com.mx\/portal\/wp-json\/wp\/v2\/posts\/20060","targetHints":{"allow":["GET"]}}],"collection":[{"href":"https:\/\/losperiodistas.com.mx\/portal\/wp-json\/wp\/v2\/posts"}],"about":[{"href":"https:\/\/losperiodistas.com.mx\/portal\/wp-json\/wp\/v2\/types\/post"}],"author":[{"embeddable":true,"href":"https:\/\/losperiodistas.com.mx\/portal\/wp-json\/wp\/v2\/users\/1"}],"replies":[{"embeddable":true,"href":"https:\/\/losperiodistas.com.mx\/portal\/wp-json\/wp\/v2\/comments?post=20060"}],"version-history":[{"count":1,"href":"https:\/\/losperiodistas.com.mx\/portal\/wp-json\/wp\/v2\/posts\/20060\/revisions"}],"predecessor-version":[{"id":20064,"href":"https:\/\/losperiodistas.com.mx\/portal\/wp-json\/wp\/v2\/posts\/20060\/revisions\/20064"}],"wp:featuredmedia":[{"embeddable":true,"href":"https:\/\/losperiodistas.com.mx\/portal\/wp-json\/wp\/v2\/media\/20061"}],"wp:attachment":[{"href":"https:\/\/losperiodistas.com.mx\/portal\/wp-json\/wp\/v2\/media?parent=20060"}],"wp:term":[{"taxonomy":"category","embeddable":true,"href":"https:\/\/losperiodistas.com.mx\/portal\/wp-json\/wp\/v2\/categories?post=20060"},{"taxonomy":"post_tag","embeddable":true,"href":"https:\/\/losperiodistas.com.mx\/portal\/wp-json\/wp\/v2\/tags?post=20060"}],"curies":[{"name":"wp","href":"https:\/\/api.w.org\/{rel}","templated":true}]}}