{"id":20033,"date":"2022-01-26T08:35:37","date_gmt":"2022-01-26T14:35:37","guid":{"rendered":"http:\/\/losperiodistas.com.mx\/portal\/?p=20033"},"modified":"2022-01-26T08:37:46","modified_gmt":"2022-01-26T14:37:46","slug":"gilles-kepel-la-crisis-en-ucrania-es-una-senal-de-la-debilidad-de-eeuu","status":"publish","type":"post","link":"https:\/\/losperiodistas.com.mx\/portal\/gilles-kepel-la-crisis-en-ucrania-es-una-senal-de-la-debilidad-de-eeuu\/","title":{"rendered":"Gilles Kepel: \u00abLa crisis en Ucrania es una se\u00f1al de la debilidad de EEUU\u00bb |"},"content":{"rendered":"\n<p style=\"font-size:18px\"><em>El polit\u00f3logo y experto en conflictos franc\u00e9s publica en Espa\u00f1a &#8216;El profeta y la pandemia&#8217;, donde analiza los acontecimientos recientes en Oriente Pr\u00f3ximo y sus consecuencias para Europa<\/em><\/p>\n\n\n\n<p><\/p>\n\n\n\n<figure class=\"wp-block-image size-large\"><img fetchpriority=\"high\" decoding=\"async\" width=\"1014\" height=\"1024\" src=\"https:\/\/losperiodistas.com.mx\/portal\/wp-content\/uploads\/2022\/01\/Captura-de-Pantalla-2022-01-26-a-las-8.25.45-1014x1024.jpg\" alt=\"\" class=\"wp-image-20034\" srcset=\"https:\/\/losperiodistas.com.mx\/portal\/wp-content\/uploads\/2022\/01\/Captura-de-Pantalla-2022-01-26-a-las-8.25.45-1014x1024.jpg 1014w, https:\/\/losperiodistas.com.mx\/portal\/wp-content\/uploads\/2022\/01\/Captura-de-Pantalla-2022-01-26-a-las-8.25.45-297x300.jpg 297w, https:\/\/losperiodistas.com.mx\/portal\/wp-content\/uploads\/2022\/01\/Captura-de-Pantalla-2022-01-26-a-las-8.25.45-150x150.jpg 150w, https:\/\/losperiodistas.com.mx\/portal\/wp-content\/uploads\/2022\/01\/Captura-de-Pantalla-2022-01-26-a-las-8.25.45-768x775.jpg 768w, https:\/\/losperiodistas.com.mx\/portal\/wp-content\/uploads\/2022\/01\/Captura-de-Pantalla-2022-01-26-a-las-8.25.45.jpg 1436w\" sizes=\"(max-width: 1014px) 100vw, 1014px\" \/><figcaption>El polit\u00f3logo franc\u00e9s Gilles Kepel.Stephane GrangierCORBIS \/ GETTY IMAGES<\/figcaption><\/figure>\n\n\n\n<p><\/p>\n\n\n\n<p class=\"has-vivid-cyan-blue-color has-text-color has-medium-font-size\">ROSA MENESES \/ EL MUNDO<\/p>\n\n\n\n<p>Profesor de la Universidad de Par\u00eds y director de la c\u00e1tedra de Oriente Pr\u00f3ximo y Mediterr\u00e1neo en la \u00c9cole Normale Sup\u00e9rieur,&nbsp;<strong>Gilles Kepel<\/strong>&nbsp;(Par\u00eds, 1955) es uno de los analistas m\u00e1s prestigiosos sobre&nbsp;<a href=\"https:\/\/www.elmundo.es\/internacional\/2020\/11\/12\/5fad4df2fdddffc2718b4648.html\">islam pol\u00edtico y yihadismo<\/a>&nbsp;desde que despunt\u00f3 con&nbsp;su libro &#8216;La yihad. Expansi\u00f3n y declive del islamismo&#8217;, publicado despu\u00e9s de los atentados del 11-S, cuyas consecuencias redibujar\u00edan el mapa pol\u00edtico de Oriente Pr\u00f3ximo. Veinte a\u00f1os m\u00e1s tarde, con&nbsp;<strong>&#8216;El Profeta y la Pandemia&#8217;<\/strong>&nbsp;(Alianza Editorial), analiza lo acaecido desde la irrupci\u00f3n de la pandemia en el tablero regional y sus consecuencias para Europa. De Yemen a Marruecos, con parada en Ceuta,&nbsp;<a href=\"https:\/\/www.elmundo.es\/e\/af\/afganistan.html\">Afganist\u00e1n<\/a>&nbsp;y la&nbsp;<a href=\"https:\/\/www.elmundo.es\/internacional\/2022\/01\/21\/61e9508cfc6c834c4b8b45e9.html\">crisis ucraniana<\/a>, para \u00e9l, \u00abtodo est\u00e1 conectado\u00bb, seg\u00fan asegura al ser entrevistado por EL MUNDO.<\/p>\n\n\n\n<p><strong>Pregunta.-<\/strong>&nbsp;Vivimos tiempos convulsos en Europa, con la crisis de Ucrania en un contexto de enfrentamiento entre EEUU y Rusia. Quiz\u00e1 esa es en estos momentos la imagen m\u00e1s n\u00edtida de que estamos en un punto de inflexi\u00f3n despu\u00e9s de haber visto la ca\u00f3tica retirada de EEUU de Afganist\u00e1n y la vuelta de los talib\u00e1n a Kabul, dos d\u00e9cadas despu\u00e9s de los atentados del 11-S y de la invasi\u00f3n. \u00bfEstamos en un cambio de \u00e9poca o s\u00f3lo se trata del fracaso de las pol\u00edticas de Estados Unidos?<\/p>\n\n\n\n<p><strong>Respuesta.-<\/strong>&nbsp;La retirada de Afganist\u00e1n ya fue concebida por Obama y luego Trump, hasta que Biden la ejecut\u00f3. Muestra que Estados Unidos no tiene los mismos recursos de poder global como ten\u00eda en el pasado. La OTAN fue construida para disuadir a la Uni\u00f3n Sovi\u00e9tica pero no tiene la misma eficiencia contra China. La Uni\u00f3n Sovi\u00e9tica no ten\u00eda inversiones en los bonos del Tesoro estadounidense (como tiene hoy China) ni el papel higi\u00e9nico estadounidense se hac\u00eda en Vladivostok, mientras que ahora se hace en Wuhan o qui\u00e9n sabe&#8230; Por consiguiente, la OTAN no fue repensada tras la ca\u00edda del Pacto de Varsovia y del Muro de Berl\u00edn, s\u00f3lo fue reenfocada y hoy ha llegado a su l\u00edmite, se ha vuelto ineficiente. As\u00ed, la retirada de EEUU de Afganist\u00e1n env\u00eda el mensaje de que EEUU no va a interferir. Eso que ha creado una clase de vac\u00edo que ha permitido por ejemplo el ataque con drones [de los hut\u00edes yemen\u00edes] contra Emiratos \u00c1rabes Unidos. EEUU s\u00f3lo reaccion\u00f3 el lunes porque una base suya fue objetivo. Pero la retirada de Afganist\u00e1n ofreci\u00f3 una imagen terrible porque fue desorganizada y record\u00f3 a la salida de Saig\u00f3n de EEUU en 1975 e incluso a la propia retirada sovi\u00e9tica de Kabul en 1989. A esto se a\u00f1ade que se percibi\u00f3 como una sensaci\u00f3n de debilidad por parte de la Administraci\u00f3n de Biden. El hecho de que el presidente parece no tener el control totalmente debido a sus problemas de edad y tambi\u00e9n porque la mayor\u00eda de los sondeos muestran que las elecciones de medio mandato reportar\u00e1n una victoria de los republicanos, crea una situaci\u00f3n complicada para EEUU y sus enemigos, por supuesto, han encontrado la manera de ganar cosas.https:\/\/omny.fm\/shows\/el-mundo-al-dia\/qu-papel-est-jugando-espa-a-en-la-crisis-de-ucrani\/embed<\/p>\n\n\n\n<p><strong>P.-<\/strong>&nbsp;La actual crisis con Ucrania y el desastre de Afganist\u00e1n, \u00bftodo est\u00e1 conectado?<\/p>\n\n\n\n<p><strong>R.-<\/strong>&nbsp;S\u00ed. Lo que vemos actualmente es la debilidad de EEUU. A lo que asistimos en Oriente Pr\u00f3ximo es una se\u00f1al y lo que vemos en la frontera de Ucrania es otra se\u00f1al. Y esto crea la necesidad, incluso m\u00e1s acrecentada ahora, de una Uni\u00f3n Europea m\u00e1s comprometida y, en particular, unida en su esfuerzo por una pol\u00edtica propia de Defensa y Seguridad a nivel europeo. Este es uno de los objetivos de la Presidencia francesa, pero no est\u00e1 siendo seguido por el resto de socios europeos. Pienso que si no actuamos por un acuerdo europeo m\u00e1s fuerte en materia de Seguridad, toda vez que EEUU est\u00e1 abandonando Europa y focaliz\u00e1ndose en China mientras se debilita, es una actitud suicida.<\/p>\n\n\n\n<figure class=\"wp-block-image\"><img decoding=\"async\" src=\"https:\/\/e00-elmundo.uecdn.es\/assets\/multimedia\/imagenes\/2022\/01\/25\/16431356078919.jpg\" alt=\"Un soldado ruso, durante unos ejercicios militares en la regi\u00f3n de Yaroslavl.\"\/><figcaption>Un soldado ruso, durante unos ejercicios militares en la regi\u00f3n de Yaroslavl.<strong>AP<\/strong><\/figcaption><\/figure>\n\n\n\n<p><strong>P.-<\/strong>&nbsp;La defensa y la seguridad de Europa tambi\u00e9n tiene mucho que ver con el Norte de \u00c1frica. En su libro cita la crisis migratoria que Marruecos provoc\u00f3 en Ceuta en mayo de 2021, \u00bfqu\u00e9 lecciones tiene la UE que aprender de este tipo de amenazas?<\/p>\n\n\n\n<p><strong>R.-<\/strong>&nbsp;Hay mucha ansiedad hacia el Norte de \u00c1frica porque la regi\u00f3n est\u00e1 en una situaci\u00f3n de inestabilidad. Para empezar, T\u00fanez afronta muchos problemas tras la asunci\u00f3n del presidente de plenos poderes y la crisis econ\u00f3mica est\u00e1 conduciendo a una nueva oleada de migraci\u00f3n que afecta directamente a Francia. Y eso est\u00e1 influyendo en el auge de la extrema derecha en Francia y Europa, como reacci\u00f3n a la inmigraci\u00f3n masiva. Argelia tambi\u00e9n est\u00e1 bajo una severa crisis, con el r\u00e9gimen estancado en una transici\u00f3n pol\u00edtica, pese a la asfixia del Hirak [el movimiento de protesta], y en medio de una gran fragilidad. Y en Marruecos la situaci\u00f3n tambi\u00e9n es complicada. Aunque la econom\u00eda est\u00e1 algo mejor, el hecho de que Rabat firmara los Acuerdos de Abraham ha convertido a Israel en aliado, con la firma de un acuerdo de defensa, lo que ha provocado una reacci\u00f3n airada de Argelia, que teme que su rival tenga mejor equipamiento militar. Si los rumores de un conflicto entre Argelia y Marruecos se hacen realidad, esto se traducir\u00e1 en un nuevo flujo migratorio en el que Espa\u00f1a estar\u00e1 directamente amenazada. Creo que la UE debe adoptar una actitud unificada hacia nuestros vecinos del sur para calmar tensiones. Es necesario, por ejemplo, comprometer a Marruecos en las relaciones con Europa.<\/p>\n\n\n\n<p><strong>P.-<\/strong>&nbsp;\u00bfC\u00f3mo est\u00e1n reconfigurando la regi\u00f3n los Acuerdos de Abraham entre Israel y Emiratos \u00c1rabes Unidos, Bahrein, Sud\u00e1n y Marruecos?<\/p>\n\n\n\n<p><strong>R.-<\/strong>&nbsp;El ejemplo m\u00e1s reciente de eso son los ataques de los hut\u00edes, proxys de Ir\u00e1n, contra Emiratos \u00c1rabes Unidos. Es una manera de demostrar que el precio que tiene que pagar EAU por firmar los Acuerdos de Abraham y por el cruce de inversiones con Israel, que se basa en el hambre emirat\u00ed por conseguir alta tecnolog\u00eda israel\u00ed para desarrollar su econom\u00eda postpetrolera. De alguna manera, los Acuerdos de Abraham son percibidos como un sustituto de la OTAN, ya que el repliegue estadounidense de Kabul para centrarse en China ha dejado un vac\u00edo en Oriente Pr\u00f3ximo. El pacto, de alguna forma, intenta llenar este espacio en el que Israel sustituye a EEUU en t\u00e9rminos de poder militar, construyendo alianzas con los ricos pa\u00edses de la Pen\u00ednsula Ar\u00e1biga. As\u00ed que el precio es m\u00e1s beligerancia: en EAU, por parte de Ir\u00e1n y en Marruecos, por parte de Argelia. Abraham ha prove\u00eddo de nuevos recursos a sus socios pero no es eficientemente poderoso, en contraposici\u00f3n a la OTAN, para disuadir de ataques, como hemos visto entre Yemen, Ir\u00e1n y EAU y podemos temer que pueda pasar en el futuro cercano entre Argelia y Marruecos.<\/p>\n\n\n\n<p>Fuente: https:\/\/www.elmundo.es\/internacional\/2022\/01\/25\/61f0299421efa080198b45af.html<\/p>\n","protected":false},"excerpt":{"rendered":"<p>El polit\u00f3logo y experto en conflictos franc\u00e9s publica en Espa\u00f1a &#8216;El profeta y la pandemia&#8217;, donde analiza los acontecimientos recientes [&hellip;]<\/p>\n","protected":false},"author":1,"featured_media":20034,"comment_status":"open","ping_status":"open","sticky":false,"template":"","format":"standard","meta":{"site-sidebar-layout":"default","site-content-layout":"","ast-site-content-layout":"default","site-content-style":"default","site-sidebar-style":"default","ast-global-header-display":"","ast-banner-title-visibility":"","ast-main-header-display":"","ast-hfb-above-header-display":"","ast-hfb-below-header-display":"","ast-hfb-mobile-header-display":"","site-post-title":"","ast-breadcrumbs-content":"","ast-featured-img":"","footer-sml-layout":"","theme-transparent-header-meta":"","adv-header-id-meta":"","stick-header-meta":"","header-above-stick-meta":"","header-main-stick-meta":"","header-below-stick-meta":"","astra-migrate-meta-layouts":"default","ast-page-background-enabled":"default","ast-page-background-meta":{"desktop":{"background-color":"var(--ast-global-color-4)","background-image":"","background-repeat":"repeat","background-position":"center center","background-size":"auto","background-attachment":"scroll","background-type":"","background-media":"","overlay-type":"","overlay-color":"","overlay-opacity":"","overlay-gradient":""},"tablet":{"background-color":"","background-image":"","background-repeat":"repeat","background-position":"center center","background-size":"auto","background-attachment":"scroll","background-type":"","background-media":"","overlay-type":"","overlay-color":"","overlay-opacity":"","overlay-gradient":""},"mobile":{"background-color":"","background-image":"","background-repeat":"repeat","background-position":"center center","background-size":"auto","background-attachment":"scroll","background-type":"","background-media":"","overlay-type":"","overlay-color":"","overlay-opacity":"","overlay-gradient":""}},"ast-content-background-meta":{"desktop":{"background-color":"var(--ast-global-color-5)","background-image":"","background-repeat":"repeat","background-position":"center center","background-size":"auto","background-attachment":"scroll","background-type":"","background-media":"","overlay-type":"","overlay-color":"","overlay-opacity":"","overlay-gradient":""},"tablet":{"background-color":"var(--ast-global-color-5)","background-image":"","background-repeat":"repeat","background-position":"center center","background-size":"auto","background-attachment":"scroll","background-type":"","background-media":"","overlay-type":"","overlay-color":"","overlay-opacity":"","overlay-gradient":""},"mobile":{"background-color":"var(--ast-global-color-5)","background-image":"","background-repeat":"repeat","background-position":"center center","background-size":"auto","background-attachment":"scroll","background-type":"","background-media":"","overlay-type":"","overlay-color":"","overlay-opacity":"","overlay-gradient":""}},"footnotes":""},"categories":[8],"tags":[4832,7211,6232],"class_list":["post-20033","post","type-post","status-publish","format-standard","has-post-thumbnail","hentry","category-noticias","tag-geopolitica","tag-giles-kepel","tag-ucrania"],"_links":{"self":[{"href":"https:\/\/losperiodistas.com.mx\/portal\/wp-json\/wp\/v2\/posts\/20033","targetHints":{"allow":["GET"]}}],"collection":[{"href":"https:\/\/losperiodistas.com.mx\/portal\/wp-json\/wp\/v2\/posts"}],"about":[{"href":"https:\/\/losperiodistas.com.mx\/portal\/wp-json\/wp\/v2\/types\/post"}],"author":[{"embeddable":true,"href":"https:\/\/losperiodistas.com.mx\/portal\/wp-json\/wp\/v2\/users\/1"}],"replies":[{"embeddable":true,"href":"https:\/\/losperiodistas.com.mx\/portal\/wp-json\/wp\/v2\/comments?post=20033"}],"version-history":[{"count":2,"href":"https:\/\/losperiodistas.com.mx\/portal\/wp-json\/wp\/v2\/posts\/20033\/revisions"}],"predecessor-version":[{"id":20036,"href":"https:\/\/losperiodistas.com.mx\/portal\/wp-json\/wp\/v2\/posts\/20033\/revisions\/20036"}],"wp:featuredmedia":[{"embeddable":true,"href":"https:\/\/losperiodistas.com.mx\/portal\/wp-json\/wp\/v2\/media\/20034"}],"wp:attachment":[{"href":"https:\/\/losperiodistas.com.mx\/portal\/wp-json\/wp\/v2\/media?parent=20033"}],"wp:term":[{"taxonomy":"category","embeddable":true,"href":"https:\/\/losperiodistas.com.mx\/portal\/wp-json\/wp\/v2\/categories?post=20033"},{"taxonomy":"post_tag","embeddable":true,"href":"https:\/\/losperiodistas.com.mx\/portal\/wp-json\/wp\/v2\/tags?post=20033"}],"curies":[{"name":"wp","href":"https:\/\/api.w.org\/{rel}","templated":true}]}}