{"id":1989,"date":"2020-12-07T03:02:52","date_gmt":"2020-12-07T09:02:52","guid":{"rendered":"http:\/\/losperiodistas.com.mx\/portal\/?p=1989"},"modified":"2020-12-07T03:04:22","modified_gmt":"2020-12-07T09:04:22","slug":"chavismo-gana-las-legislativas-bajo-una-abrumadora-abstencion","status":"publish","type":"post","link":"https:\/\/losperiodistas.com.mx\/portal\/chavismo-gana-las-legislativas-bajo-una-abrumadora-abstencion\/","title":{"rendered":"Chavismo gana las legislativas bajo una abrumadora abstenci\u00f3n"},"content":{"rendered":"\n<p style=\"font-size:18px\"><em>Consejo Electoral da como ganador al Gran Polo Patri\u00f3tico con el 67,6% de los votos, tras el recuento del 82% de las papeletas.<\/em><\/p>\n\n\n\n<p class=\"has-vivid-cyan-blue-color has-text-color has-medium-font-size\">DW<\/p>\n\n\n\n<p>\u00abHemos tenido una tremenda victoria electoral\u00bb, dijo el presidente Nicol\u00e1s Maduro tras el primer reporte, aunque no se conoce todav\u00eda el n\u00famero exacto de esca\u00f1os que gan\u00f3 el Gran Polo Patri\u00f3tico, la plataforma de partidos que le respalda. La alianza oficialista gan\u00f3 con rotundidad las elecciones legislativas celebradas este domingo con el 67,6% de los votos emitidos, cuando se ha recontado el 82,35% de las papeletas, inform\u00f3 la madrugada de este lunes (07.12.2020) el Consejo Nacional Electoral (CNE).<\/p>\n\n\n\n<p>Seg\u00fan el primer informe oficial, se han contado 5.264.104 votos, de los que 3.558.320 fueron para el GPP, mientras que una alianza encabezada por los partidos tradicionales Acci\u00f3n Democr\u00e1tica (AD) y Comit\u00e9 de Organizaci\u00f3n Pol\u00edtica Electoral Independiente (Copei) qued\u00f3 en segundo lugar con 944.665 sufragios, lo que supone el 17,95%, detall\u00f3 la presidenta del CNE, Indira Alfonzo.<\/p>\n\n\n\n<figure class=\"wp-block-embed-twitter wp-block-embed is-type-rich is-provider-twitter\"><div class=\"wp-block-embed__wrapper\">\n<blockquote class=\"twitter-tweet\" data-width=\"500\" data-dnt=\"true\"><p lang=\"es\" dir=\"ltr\">La presidenta del @ve_cne, Indira Alfonzo, anunci\u00f3 con 82,35% de transmisi\u00f3n actas una participaci\u00f3n de 31% de  electores y electoras inscritos. As\u00ed mismo, se han totalizado 5.264.104 votos <a href=\"https:\/\/twitter.com\/hashtag\/TiempoDeElegir?src=hash&amp;ref_src=twsrc%5Etfw\">#TiempoDeElegir<\/a><\/p>&mdash; cneesvenezuela (@cneesvzla) <a href=\"https:\/\/twitter.com\/cneesvzla\/status\/1335823538998153216?ref_src=twsrc%5Etfw\">December 7, 2020<\/a><\/blockquote><script async src=\"https:\/\/platform.twitter.com\/widgets.js\" charset=\"utf-8\"><\/script>\n<\/div><\/figure>\n\n\n\n<p>La funcionaria no precis\u00f3 cu\u00e1ntos de los 277 esca\u00f1os corresponden a cada fracci\u00f3n pol\u00edtica, pero los resultados provisionales aseguran que las grandes figuras del chavismo, como Diosdado Cabello, la primera dama Cilia Flores, Mar\u00eda Le\u00f3n, el presentador de televisi\u00f3n Mario Silva y el expresidente del Parlamento Jes\u00fas Soto lograron un puesto en la C\u00e1mara.<a href=\"https:\/\/www.dw.com\/es\/chavismo-gana-las-legislativas-bajo-una-abrumadora-abstenci%C3%B3n\/a-55842392#\"><\/a><\/p>\n\n\n\n<p>Una se\u00f1ora sale de la sala de votaci\u00f3n en un colegio electoral de las afueras de Caracas.<\/p>\n\n\n\n<p>M\u00e1s de 20,7 millones de venezolanos fueron llamados a las urnas este domingo para renovar el unicameral Parlamento del pa\u00eds sudamericano, pero Efe pudo constatar la t\u00edmida participaci\u00f3n de los electores a lo largo de la jornada. Una enfermera y madre soltera resum\u00eda la apat\u00eda general a la agencia AP de camino al trabajo diciendo que no vot\u00f3 porque no sirve de nada ni tiene impacto alguno: \u00abNo me apetece perder el tiempo (&#8230;) estamos cansados de todo esto, no es f\u00e1cil\u00bb, a\u00f1adi\u00f3.<\/p>\n\n\n\n<p>La oposici\u00f3n, liderada por Juan Guaid\u00f3, sostuvo que la abstenci\u00f3n super\u00f3 el 80% (los datos&nbsp;oficiales la&nbsp;cifran en el 69%)&nbsp;y celebr\u00f3 que los ciudadanos dejaran los centros \u00abvac\u00edos\u00bb. Tras el boicot al que llam\u00f3 en las elecciones parlamentarias, Guaid\u00f3&nbsp;perder\u00e1 su condici\u00f3n de jefe del poder Legislativo a partir del pr\u00f3ximo 5 de enero, cuando se instalen los diputados electos esta jornada.<\/p>\n\n\n\n<p>jc\/lgc (efe, afp, ap)<\/p>\n\n\n\n<p>Fuente: https:\/\/www.dw.com\/es\/chavismo-gana-las-legislativas-bajo-una-abrumadora-abstenci\u00f3n\/a-55842392<\/p>\n","protected":false},"excerpt":{"rendered":"<p>Consejo Electoral da como ganador al Gran Polo Patri\u00f3tico con el 67,6% de los votos, tras el recuento del 82% [&hellip;]<\/p>\n","protected":false},"author":1,"featured_media":1990,"comment_status":"open","ping_status":"open","sticky":false,"template":"","format":"standard","meta":{"site-sidebar-layout":"default","site-content-layout":"","ast-site-content-layout":"default","site-content-style":"default","site-sidebar-style":"default","ast-global-header-display":"","ast-banner-title-visibility":"","ast-main-header-display":"","ast-hfb-above-header-display":"","ast-hfb-below-header-display":"","ast-hfb-mobile-header-display":"","site-post-title":"","ast-breadcrumbs-content":"","ast-featured-img":"","footer-sml-layout":"","theme-transparent-header-meta":"","adv-header-id-meta":"","stick-header-meta":"","header-above-stick-meta":"","header-main-stick-meta":"","header-below-stick-meta":"","astra-migrate-meta-layouts":"default","ast-page-background-enabled":"default","ast-page-background-meta":{"desktop":{"background-color":"var(--ast-global-color-4)","background-image":"","background-repeat":"repeat","background-position":"center center","background-size":"auto","background-attachment":"scroll","background-type":"","background-media":"","overlay-type":"","overlay-color":"","overlay-opacity":"","overlay-gradient":""},"tablet":{"background-color":"","background-image":"","background-repeat":"repeat","background-position":"center center","background-size":"auto","background-attachment":"scroll","background-type":"","background-media":"","overlay-type":"","overlay-color":"","overlay-opacity":"","overlay-gradient":""},"mobile":{"background-color":"","background-image":"","background-repeat":"repeat","background-position":"center center","background-size":"auto","background-attachment":"scroll","background-type":"","background-media":"","overlay-type":"","overlay-color":"","overlay-opacity":"","overlay-gradient":""}},"ast-content-background-meta":{"desktop":{"background-color":"var(--ast-global-color-5)","background-image":"","background-repeat":"repeat","background-position":"center center","background-size":"auto","background-attachment":"scroll","background-type":"","background-media":"","overlay-type":"","overlay-color":"","overlay-opacity":"","overlay-gradient":""},"tablet":{"background-color":"var(--ast-global-color-5)","background-image":"","background-repeat":"repeat","background-position":"center center","background-size":"auto","background-attachment":"scroll","background-type":"","background-media":"","overlay-type":"","overlay-color":"","overlay-opacity":"","overlay-gradient":""},"mobile":{"background-color":"var(--ast-global-color-5)","background-image":"","background-repeat":"repeat","background-position":"center center","background-size":"auto","background-attachment":"scroll","background-type":"","background-media":"","overlay-type":"","overlay-color":"","overlay-opacity":"","overlay-gradient":""}},"footnotes":""},"categories":[8],"tags":[],"class_list":["post-1989","post","type-post","status-publish","format-standard","has-post-thumbnail","hentry","category-noticias"],"_links":{"self":[{"href":"https:\/\/losperiodistas.com.mx\/portal\/wp-json\/wp\/v2\/posts\/1989","targetHints":{"allow":["GET"]}}],"collection":[{"href":"https:\/\/losperiodistas.com.mx\/portal\/wp-json\/wp\/v2\/posts"}],"about":[{"href":"https:\/\/losperiodistas.com.mx\/portal\/wp-json\/wp\/v2\/types\/post"}],"author":[{"embeddable":true,"href":"https:\/\/losperiodistas.com.mx\/portal\/wp-json\/wp\/v2\/users\/1"}],"replies":[{"embeddable":true,"href":"https:\/\/losperiodistas.com.mx\/portal\/wp-json\/wp\/v2\/comments?post=1989"}],"version-history":[{"count":1,"href":"https:\/\/losperiodistas.com.mx\/portal\/wp-json\/wp\/v2\/posts\/1989\/revisions"}],"predecessor-version":[{"id":1991,"href":"https:\/\/losperiodistas.com.mx\/portal\/wp-json\/wp\/v2\/posts\/1989\/revisions\/1991"}],"wp:featuredmedia":[{"embeddable":true,"href":"https:\/\/losperiodistas.com.mx\/portal\/wp-json\/wp\/v2\/media\/1990"}],"wp:attachment":[{"href":"https:\/\/losperiodistas.com.mx\/portal\/wp-json\/wp\/v2\/media?parent=1989"}],"wp:term":[{"taxonomy":"category","embeddable":true,"href":"https:\/\/losperiodistas.com.mx\/portal\/wp-json\/wp\/v2\/categories?post=1989"},{"taxonomy":"post_tag","embeddable":true,"href":"https:\/\/losperiodistas.com.mx\/portal\/wp-json\/wp\/v2\/tags?post=1989"}],"curies":[{"name":"wp","href":"https:\/\/api.w.org\/{rel}","templated":true}]}}