{"id":1982,"date":"2020-12-06T05:10:42","date_gmt":"2020-12-06T11:10:42","guid":{"rendered":"http:\/\/losperiodistas.com.mx\/portal\/?p=1982"},"modified":"2020-12-06T05:10:42","modified_gmt":"2020-12-06T11:10:42","slug":"la-vacuna-de-moderna-genera-mas-anticuerpos-contra-la-covid-que-las-personas-infectadas","status":"publish","type":"post","link":"https:\/\/losperiodistas.com.mx\/portal\/la-vacuna-de-moderna-genera-mas-anticuerpos-contra-la-covid-que-las-personas-infectadas\/","title":{"rendered":"La vacuna de Moderna genera m\u00e1s anticuerpos contra la COVID que las personas infectadas"},"content":{"rendered":"\n<p style=\"font-size:18px\"><em>La vacuna de Moderna ha mostrado una inmunidad frente al COVID mayor que la de una infecci\u00f3n real<\/em><\/p>\n\n\n\n<p class=\"has-vivid-cyan-blue-color has-text-color has-medium-font-size\">CADENA SER<\/p>\n\n\n\n<p>La vacuna de Moderna, que es una de las m\u00e1s avanzadas en la lucha para frenar el coronavirus y cuenta con un 94% de eficacia, ha mostrado una&nbsp;<strong>inmunidad frente al COVID mayor que la de una infecci\u00f3n real<\/strong>. Seg\u00fan una investigaci\u00f3n del Instituto de Alergias y Enfermedades de EEUU \u2014<a href=\"https:\/\/www.nejm.org\/doi\/full\/10.1056\/NEJMoa2028436\" rel=\"noreferrer noopener\" target=\"_blank\">publicada en &#8216;The New England Journal of Medicine&#8217;<\/a>\u2014, un grupo de 34 participantes, entre los que se encuentran j\u00f3venes, adultos y ancianos, han dado una respuesta inmunitaria desde el inicio del ensayo cl\u00ednico.<\/p>\n\n\n\n<p>Seg\u00fan estos resultados, los anticuerpos que produce la vacuna de Moderna en el cuerpo humano \u00abpermanecieron elevados en todos los participantes tres meses despu\u00e9s de la dosis de refuerzo de la vacuna\u00bb, lo que significa que la vacuna cuenta con un potencial duradero para la inmunidad ante el coronavirus. Adem\u00e1s, los participantes del ensayo&nbsp;<strong>no han sufrido efectos secundarios<\/strong>&nbsp;despu\u00e9s de dos meses desde su administraci\u00f3n. Asimismo, todos los vacunados (cuatro meses despu\u00e9s de las primera inyecci\u00f3n) presentaban anticuerpos m\u00e1s altos que aquellas personas que hab\u00edan sufrido una infecci\u00f3n del&nbsp;virus SARS-CoV-2.<\/p>\n\n\n\n<p>La vacuna de Moderna, que en una situaci\u00f3n de COVID grave tiene una eficacia del 100% se encuentra en la \u00faltima fase del ensayo y su aprobaci\u00f3n en la UE se espera para el 12 de enero. En un&nbsp;<a href=\"https:\/\/elpais.com\/ciencia\/2020-12-04\/nuevos-datos-sugieren-que-la-vacuna-de-moderna-genera-inmunidad-duradera.html\" rel=\"noreferrer noopener\" target=\"_blank\">art\u00edculo de &#8216;El Pa\u00eds&#8217;<\/a>, la&nbsp;inmun\u00f3loga de la Universidad de Vigo, \u00c1frica Gonz\u00e1lez, ha asegurado que \u00abun problema es que a\u00fan no se conoce qu\u00e9 nivel de anticuerpos tiene que tener una persona para saber si est\u00e1 protegida frente a la infecci\u00f3n por el SARS-CoV-2\u00bb. \u00abDadas las escasas reinfecciones que se observan&nbsp;en el mundo, y que su nivel de inmunidad alcanzado tras la primera exposici\u00f3n ha sido suficiente,&nbsp;<strong>los datos indican que los vacunados estar\u00edan m\u00e1s protegidos que los que tuvieron la infecci\u00f3n natural<\/strong>\u00ab, ha a\u00f1adido.<\/p>\n\n\n\n<p>En este sentido, Carmen C\u00e1mara, secretaria de la Sociedad Espa\u00f1ola de Inmunolog\u00eda (SEI) ha explicado que \u00abla conclusi\u00f3n m\u00e1s potente es que la capacidad neutralizante en estos pacientes que han recibido las dos dosis de vacuna a los cuatro meses es superior en todos los grupos de edad que la de 41 personas convalecientes de COVID a los 34 d\u00edas\u00bb.&nbsp;<\/p>\n\n\n\n<p>Este viernes, el presidente del Gobierno, Pedro S\u00e1nchez, garantiz\u00f3 que el acceso a la\u00a0vacuna\u00a0contra\u00a0COVID-19\u00a0ser\u00e1\u00a0\u00abplenamente equitativo\u00bb\u00a0en toda Espa\u00f1a para el conjunto de la poblaci\u00f3n \u00abse viva donde se viva\u00bb, a trav\u00e9s de los 13.000 centros de salud que existen en nuestro pa\u00eds.\u00a0S\u00e1nchez ha asegurado que todo el Gobierno est\u00e1 trabajando \u00aba pleno rendimiento\u00bb para que las vacunas est\u00e9n disponibles \u00abcuanto antes\u00bb en Espa\u00f1a una vez sean aprobadas por la Agencia Europea de Medicamentos (EMA, por sus siglas en ingl\u00e9s). \u00abSi puede ser en diciembre, en diciembre, si no en enero. Pero cuanto antes\u00bb, ha manifestado, a lo que ha a\u00f1adido que\u00a0\u00abquiz\u00e1 a finales\u00bb de 2021 se cuente con una vacuna \u00abespa\u00f1ola\u00bb.\u00a0Al igual que el ministro de Sanidad, Salvador Illa, ha se\u00f1alado la previsi\u00f3n del Ejecutivo es que\u00a0<a rel=\"noreferrer noopener\" href=\"https:\/\/cadenaser.com\/ser\/2020\/12\/04\/sociedad\/1607080711_041366.html\" target=\"_blank\">\u00aben mayo o junio\u00bb haya \u00abentre 15 y 20 millones de espa\u00f1oles vacunados\u00bb<\/a>.\u00a0Comentarios<\/p>\n\n\n\n<p>Fuente: https:\/\/cadenaser.com\/ser\/2020\/12\/05\/ciencia\/1607178414_666760.html<\/p>\n","protected":false},"excerpt":{"rendered":"<p>La vacuna de Moderna ha mostrado una inmunidad frente al COVID mayor que la de una infecci\u00f3n real CADENA SER [&hellip;]<\/p>\n","protected":false},"author":1,"featured_media":1983,"comment_status":"open","ping_status":"open","sticky":false,"template":"","format":"standard","meta":{"site-sidebar-layout":"default","site-content-layout":"","ast-site-content-layout":"default","site-content-style":"default","site-sidebar-style":"default","ast-global-header-display":"","ast-banner-title-visibility":"","ast-main-header-display":"","ast-hfb-above-header-display":"","ast-hfb-below-header-display":"","ast-hfb-mobile-header-display":"","site-post-title":"","ast-breadcrumbs-content":"","ast-featured-img":"","footer-sml-layout":"","theme-transparent-header-meta":"","adv-header-id-meta":"","stick-header-meta":"","header-above-stick-meta":"","header-main-stick-meta":"","header-below-stick-meta":"","astra-migrate-meta-layouts":"default","ast-page-background-enabled":"default","ast-page-background-meta":{"desktop":{"background-color":"var(--ast-global-color-4)","background-image":"","background-repeat":"repeat","background-position":"center center","background-size":"auto","background-attachment":"scroll","background-type":"","background-media":"","overlay-type":"","overlay-color":"","overlay-opacity":"","overlay-gradient":""},"tablet":{"background-color":"","background-image":"","background-repeat":"repeat","background-position":"center center","background-size":"auto","background-attachment":"scroll","background-type":"","background-media":"","overlay-type":"","overlay-color":"","overlay-opacity":"","overlay-gradient":""},"mobile":{"background-color":"","background-image":"","background-repeat":"repeat","background-position":"center center","background-size":"auto","background-attachment":"scroll","background-type":"","background-media":"","overlay-type":"","overlay-color":"","overlay-opacity":"","overlay-gradient":""}},"ast-content-background-meta":{"desktop":{"background-color":"var(--ast-global-color-5)","background-image":"","background-repeat":"repeat","background-position":"center center","background-size":"auto","background-attachment":"scroll","background-type":"","background-media":"","overlay-type":"","overlay-color":"","overlay-opacity":"","overlay-gradient":""},"tablet":{"background-color":"var(--ast-global-color-5)","background-image":"","background-repeat":"repeat","background-position":"center center","background-size":"auto","background-attachment":"scroll","background-type":"","background-media":"","overlay-type":"","overlay-color":"","overlay-opacity":"","overlay-gradient":""},"mobile":{"background-color":"var(--ast-global-color-5)","background-image":"","background-repeat":"repeat","background-position":"center center","background-size":"auto","background-attachment":"scroll","background-type":"","background-media":"","overlay-type":"","overlay-color":"","overlay-opacity":"","overlay-gradient":""}},"footnotes":""},"categories":[8],"tags":[],"class_list":["post-1982","post","type-post","status-publish","format-standard","has-post-thumbnail","hentry","category-noticias"],"_links":{"self":[{"href":"https:\/\/losperiodistas.com.mx\/portal\/wp-json\/wp\/v2\/posts\/1982","targetHints":{"allow":["GET"]}}],"collection":[{"href":"https:\/\/losperiodistas.com.mx\/portal\/wp-json\/wp\/v2\/posts"}],"about":[{"href":"https:\/\/losperiodistas.com.mx\/portal\/wp-json\/wp\/v2\/types\/post"}],"author":[{"embeddable":true,"href":"https:\/\/losperiodistas.com.mx\/portal\/wp-json\/wp\/v2\/users\/1"}],"replies":[{"embeddable":true,"href":"https:\/\/losperiodistas.com.mx\/portal\/wp-json\/wp\/v2\/comments?post=1982"}],"version-history":[{"count":1,"href":"https:\/\/losperiodistas.com.mx\/portal\/wp-json\/wp\/v2\/posts\/1982\/revisions"}],"predecessor-version":[{"id":1984,"href":"https:\/\/losperiodistas.com.mx\/portal\/wp-json\/wp\/v2\/posts\/1982\/revisions\/1984"}],"wp:featuredmedia":[{"embeddable":true,"href":"https:\/\/losperiodistas.com.mx\/portal\/wp-json\/wp\/v2\/media\/1983"}],"wp:attachment":[{"href":"https:\/\/losperiodistas.com.mx\/portal\/wp-json\/wp\/v2\/media?parent=1982"}],"wp:term":[{"taxonomy":"category","embeddable":true,"href":"https:\/\/losperiodistas.com.mx\/portal\/wp-json\/wp\/v2\/categories?post=1982"},{"taxonomy":"post_tag","embeddable":true,"href":"https:\/\/losperiodistas.com.mx\/portal\/wp-json\/wp\/v2\/tags?post=1982"}],"curies":[{"name":"wp","href":"https:\/\/api.w.org\/{rel}","templated":true}]}}