{"id":1966,"date":"2020-12-05T09:42:26","date_gmt":"2020-12-05T15:42:26","guid":{"rendered":"http:\/\/losperiodistas.com.mx\/portal\/?p=1966"},"modified":"2020-12-05T09:42:26","modified_gmt":"2020-12-05T15:42:26","slug":"la-politica-de-joe-biden-hacia-america-latina","status":"publish","type":"post","link":"https:\/\/losperiodistas.com.mx\/portal\/la-politica-de-joe-biden-hacia-america-latina\/","title":{"rendered":"La Pol\u00edtica de Joe Biden hacia Am\u00e9rica Latina"},"content":{"rendered":"\n<p style=\"font-size:26px\"><em>Por Dr. Juan Carlos Botello y Dr. Werner G.C. Voigt*<\/em><\/p>\n\n\n\n<p>Cuatro a\u00f1os despu\u00e9s de sacudirse con la llegada al poder de Donald Trump, la pol\u00edtica de Estados Unidos hacia Am\u00e9rica Latina volver\u00e1 a dar un giro enorme con el triunfo del ahora presidente electo Joe Biden. De hecho, las profundas diferencias entre Biden y Trump sobre como conducir las relaciones exteriores con Am\u00e9rica Latina emergen con claridad en sus diferentes enfoques para nuestra regi\u00f3n.<\/p>\n\n\n\n<p>Mientras que Trump prioriz\u00f3 casi de manera exclusiva cortar la migraci\u00f3n de Latinoam\u00e9rica hacia Estados Unidos, Biden plantea aumentar la cooperaci\u00f3n continental para enfrentar problemas que causan la migraci\u00f3n de indocumentados y lo que produce ese \u00e9xodo en la regi\u00f3n, como por ejemplo la extrema violencia y la pobreza. El presidente electo ha planteado adem\u00e1s elevar la importancia de otros asuntos en la agenda hemisf\u00e9rica, incluidos los derechos humanos, el medioambiente y la corrupci\u00f3n end\u00e9mica, lo que pondr\u00e1 a prueba el v\u00ednculo de Washington con pa\u00edses como M\u00e9xico o Brasil. Y si bien se espera que la crisis de Venezuela siga siendo un tema extremamente candente, Biden puede cambiar la estrategia de Trump para lograr elecciones en ese pa\u00eds.<\/p>\n\n\n\n<p>Muchos prev\u00e9n que una pol\u00edtica de Biden para Am\u00e9rica Latina se parecer\u00e1 m\u00e1s a la que prevaleci\u00f3 durante el gobierno de Obama entre 2009 y 2017, cuando Biden fue vicepresidente con un rol de motivador hacia el sur del Rio Bravo. Pero la efectividad inicial de los antecedentes de Biden podr\u00eda ser relativa. El 2020 no es 2008 ni 2012 \u2013 la regi\u00f3n ha cambiado. Volver a lo de Obama probablemente no es posible, porque las condiciones no son las mismas.<\/p>\n\n\n\n<p>En la relaci\u00f3n de su gobierno con Am\u00e9rica Latina, Trump continuamente destac\u00f3 como grandes logros sus acuerdos con el M\u00e9xico de L\u00f3pez Obrador y pa\u00edses centroamericanos para que contengan a migrantes en sus propios territorios. Trump dijo ante la Asamblea General de las Naciones Unidas en septiembre de 2020: \u201cForjamos Alianzas hist\u00f3ricas con M\u00e9xico, Guatemala, Honduras y El Salvador para detener el catastr\u00f3fico tr\u00e1fico de personas\u201d.<\/p>\n\n\n\n<p>Pero los pactos anulan en forma desastrosa los derechos de refugiados consagrados en la Convenci\u00f3n sobre los Derechos de los Refugiados de 1951. Trump lleg\u00f3 a esos acuerdos con base a amenazas violentas de castigos econ\u00f3micos o comerciales a los pa\u00edses involucrados.<\/p>\n\n\n\n<p>En cambio, Joe Biden se opone a seguir con esas nefastas pr\u00e1cticas y se opone tajantemente a la construcci\u00f3n del muro que Trump siempre ha promovido y que no logr\u00f3 concretar a lo largo de la frontera con nuestro pa\u00eds y ha prometido restaurar el papel de los Estados Unidos \u201ccomo lugar seguro para refugiados y solicitantes de asilo\u201d. Este pronunciamiento no debe implicar que el gobierno de Biden no vaya a ser cauto en evitar que migrantes de la regi\u00f3n interpreten que las fronteras de EE.U.U. se abren indiscriminadamente.<\/p>\n\n\n\n<p>Biden, quien ha buscado recientemente distanciarse del alto n\u00famero de deportaciones del gobierno de Obama \u2013 casi 450,000 \u2013 anualmente \u2013 impuls\u00f3 como vicepresidente en 2015 un plan de asistencia econ\u00f3mica para Centroam\u00e9rica tras la llegada de miles de menores sin acompa\u00f1antes a la frontera entre Estados Unidos y M\u00e9xico. El \u00e9nfasis en abordar las causas de la emigraci\u00f3n de Am\u00e9rica Latina como la pobreza, el desempleo juvenil, la falta de educaci\u00f3n, esas cosas van a ser la prioridad absoluta de Biden. Como presidente, \u00e9l buscar\u00e1 mantener una buena relaci\u00f3n con M\u00e9xico ante la necesidad de cooperaci\u00f3n tomando en consideraci\u00f3n la enorme importancia de las relaciones econ\u00f3micas entre su pa\u00eds y nosotros.<\/p>\n\n\n\n<p>*<strong><em>Dr. Juan Carlos Botello<\/em><\/strong><br>Director Acad\u00e9mico<br>Facultad de Comercio Internacional y Log\u00edstica<br>UPAEP<\/p>\n\n\n\n<p><strong><em>Dr. Werner G.C. Voigt<\/em><\/strong><br>Profesor Em\u00e9rito<\/p>\n","protected":false},"excerpt":{"rendered":"<p>Por Dr. Juan Carlos Botello y Dr. Werner G.C. Voigt* Cuatro a\u00f1os despu\u00e9s de sacudirse con la llegada al poder [&hellip;]<\/p>\n","protected":false},"author":1,"featured_media":1967,"comment_status":"open","ping_status":"open","sticky":false,"template":"","format":"standard","meta":{"site-sidebar-layout":"default","site-content-layout":"","ast-site-content-layout":"default","site-content-style":"default","site-sidebar-style":"default","ast-global-header-display":"","ast-banner-title-visibility":"","ast-main-header-display":"","ast-hfb-above-header-display":"","ast-hfb-below-header-display":"","ast-hfb-mobile-header-display":"","site-post-title":"","ast-breadcrumbs-content":"","ast-featured-img":"","footer-sml-layout":"","theme-transparent-header-meta":"","adv-header-id-meta":"","stick-header-meta":"","header-above-stick-meta":"","header-main-stick-meta":"","header-below-stick-meta":"","astra-migrate-meta-layouts":"default","ast-page-background-enabled":"default","ast-page-background-meta":{"desktop":{"background-color":"var(--ast-global-color-4)","background-image":"","background-repeat":"repeat","background-position":"center center","background-size":"auto","background-attachment":"scroll","background-type":"","background-media":"","overlay-type":"","overlay-color":"","overlay-opacity":"","overlay-gradient":""},"tablet":{"background-color":"","background-image":"","background-repeat":"repeat","background-position":"center center","background-size":"auto","background-attachment":"scroll","background-type":"","background-media":"","overlay-type":"","overlay-color":"","overlay-opacity":"","overlay-gradient":""},"mobile":{"background-color":"","background-image":"","background-repeat":"repeat","background-position":"center center","background-size":"auto","background-attachment":"scroll","background-type":"","background-media":"","overlay-type":"","overlay-color":"","overlay-opacity":"","overlay-gradient":""}},"ast-content-background-meta":{"desktop":{"background-color":"var(--ast-global-color-5)","background-image":"","background-repeat":"repeat","background-position":"center center","background-size":"auto","background-attachment":"scroll","background-type":"","background-media":"","overlay-type":"","overlay-color":"","overlay-opacity":"","overlay-gradient":""},"tablet":{"background-color":"var(--ast-global-color-5)","background-image":"","background-repeat":"repeat","background-position":"center center","background-size":"auto","background-attachment":"scroll","background-type":"","background-media":"","overlay-type":"","overlay-color":"","overlay-opacity":"","overlay-gradient":""},"mobile":{"background-color":"var(--ast-global-color-5)","background-image":"","background-repeat":"repeat","background-position":"center center","background-size":"auto","background-attachment":"scroll","background-type":"","background-media":"","overlay-type":"","overlay-color":"","overlay-opacity":"","overlay-gradient":""}},"footnotes":""},"categories":[20],"tags":[],"class_list":["post-1966","post","type-post","status-publish","format-standard","has-post-thumbnail","hentry","category-analisis-estrategico"],"_links":{"self":[{"href":"https:\/\/losperiodistas.com.mx\/portal\/wp-json\/wp\/v2\/posts\/1966","targetHints":{"allow":["GET"]}}],"collection":[{"href":"https:\/\/losperiodistas.com.mx\/portal\/wp-json\/wp\/v2\/posts"}],"about":[{"href":"https:\/\/losperiodistas.com.mx\/portal\/wp-json\/wp\/v2\/types\/post"}],"author":[{"embeddable":true,"href":"https:\/\/losperiodistas.com.mx\/portal\/wp-json\/wp\/v2\/users\/1"}],"replies":[{"embeddable":true,"href":"https:\/\/losperiodistas.com.mx\/portal\/wp-json\/wp\/v2\/comments?post=1966"}],"version-history":[{"count":1,"href":"https:\/\/losperiodistas.com.mx\/portal\/wp-json\/wp\/v2\/posts\/1966\/revisions"}],"predecessor-version":[{"id":1968,"href":"https:\/\/losperiodistas.com.mx\/portal\/wp-json\/wp\/v2\/posts\/1966\/revisions\/1968"}],"wp:featuredmedia":[{"embeddable":true,"href":"https:\/\/losperiodistas.com.mx\/portal\/wp-json\/wp\/v2\/media\/1967"}],"wp:attachment":[{"href":"https:\/\/losperiodistas.com.mx\/portal\/wp-json\/wp\/v2\/media?parent=1966"}],"wp:term":[{"taxonomy":"category","embeddable":true,"href":"https:\/\/losperiodistas.com.mx\/portal\/wp-json\/wp\/v2\/categories?post=1966"},{"taxonomy":"post_tag","embeddable":true,"href":"https:\/\/losperiodistas.com.mx\/portal\/wp-json\/wp\/v2\/tags?post=1966"}],"curies":[{"name":"wp","href":"https:\/\/api.w.org\/{rel}","templated":true}]}}