{"id":19653,"date":"2022-01-20T06:09:17","date_gmt":"2022-01-20T12:09:17","guid":{"rendered":"http:\/\/losperiodistas.com.mx\/portal\/?p=19653"},"modified":"2022-01-20T06:09:18","modified_gmt":"2022-01-20T12:09:18","slug":"covid-prolongado-otro-problema-de-salud-publica-que-se-avecina","status":"publish","type":"post","link":"https:\/\/losperiodistas.com.mx\/portal\/covid-prolongado-otro-problema-de-salud-publica-que-se-avecina\/","title":{"rendered":"Covid prolongado, otro problema de salud p\u00fablica que se avecina"},"content":{"rendered":"\n<p><\/p>\n\n\n\n<p class=\"has-vivid-cyan-blue-color has-text-color\" style=\"font-size:26px\"><strong><em>Por Fernando Manzanilla Prieto<\/em><\/strong><\/p>\n\n\n\n<p>Estamos en la v\u00edspera de iniciar el tercer a\u00f1o de pandemia en M\u00e9xico y el panorama no es alentador para nadie. Si bien a lo largo de estos dos primeros a\u00f1os los avances cient\u00edficos para combatir el Covid-19 han dado pasos agigantados, el virus no languidece y, por el contrario, parece seguir encontrando recovecos que lo fortalecen.&nbsp;<\/p>\n\n\n\n<p>Hoy en d\u00eda los investigadores han descubierto que m\u00e1s all\u00e1 de padecer los malestares por el virus, las personas infectadas est\u00e1n en riesgo de desarrollar \u201clong covid\u201d, es decir un covid largo o prolongado.<\/p>\n\n\n\n<p>El covid prolongado es aquel que despu\u00e9s de ser diagnosticado, deja secuelas en el paciente por 12 semanas o m\u00e1s. Si bien los enfermos sufren una variedad de s\u00edntomas, los m\u00e1s comunes son dificultad para respirar y fatiga durante meses. Algunos tambi\u00e9n experimentan da\u00f1os en sus \u00f3rganos.<\/p>\n\n\n\n<p>Precisamente el Dr. Anthony Costello, profesor de salud global de <em>London\u00b4s Global University<\/em> (UCL) y exdirector de la OMS, plantea serias preocupaciones sobre los efectos a largo plazo del Covid-19, especialmente en el cerebro, al cual puede ingresar el virus y afectar las c\u00e9lulas alrededor de los vasos sangu\u00edneos.<\/p>\n\n\n\n<p>En el estudio PHOSP, el cual se aplica en Reino Unido para evaluar el impacto del Covid-19 en la salud de los pacientes y su recuperaci\u00f3n, se determin\u00f3 que uno de cada 10 ten\u00eda un deterioro cognitivo cl\u00ednicamente relevante, al cual se le ha denominado \u00abniebla mental\u00bb.<\/p>\n\n\n\n<p>En este sentido se public\u00f3 un art\u00edculo en la revista Neurology Clinical Practice, en el que investigadores del NewYork-Presbyterian y del Columbia University Irving Medical Center, describieron que esta niebla mental puede incluir dolor de cabeza, fatiga y mareos, as\u00ed como p\u00e9rdida de memoria, confusi\u00f3n y dificultad para concentrarse.<\/p>\n\n\n\n<p>A la fecha, a ciencia cierta no se sabe qu\u00e9 es lo que provoca que algunos pacientes padezcan estos estragos de la enfermedad, sin embargo hay estudios que arrojan que las personas con obesidad y las que requirieron respiradores artificiales tienen m\u00e1s probabilidades de desarrollar covid prolongado.<\/p>\n\n\n\n<p>Asimismo, hay evidencia de que esta enfermedad debilitante puede ser causada por una reacci\u00f3n inmune continua.<\/p>\n\n\n\n<p>Precisamente, a trav\u00e9s del estudio PHOSP, los investigadores descubrieron que las personas con covid prolongado m\u00e1s grave y las que experimentaban niebla mental ten\u00edan marcadores inflamatorios aumentados.<\/p>\n\n\n\n<p>Sir Stephen Holgate, profesor de la Universidad de Southampton y cofundador de Synairgen, una compa\u00f1\u00eda que est\u00e1 creando medicamentos antivirales para el covid-19, coincide con esta teor\u00eda dado que las resonancias magn\u00e9ticas que han realizado dentro de sus estudios han mostrado \u00f3rganos inflamados que provocan que el cuerpo se vuelva contra s\u00ed mismo y ataque su propio tejido.<\/p>\n\n\n\n<p>No escapa para los investigadores la posibilidad de que haya una predisposici\u00f3n gen\u00e9tica o incluso la hip\u00f3tesis de que el virus debilite las reservas de energ\u00eda de las c\u00e9lulas.<\/p>\n\n\n\n<p>En este sentido, un estudio reciente de Reino Unido revel\u00f3 que uno de cada tres pacientes ingresados al hospital sufr\u00eda de covid prolongado todav\u00eda un a\u00f1o despu\u00e9s de contraer el virus.<\/p>\n\n\n\n<p>El panorama al que nos enfrentan estos datos es complicado y m\u00e1s todav\u00eda considerando que en estos momentos predomina \u00d3micron, una variante de covid-19 que se expande en el planeta con la rapidez de la p\u00f3lvora.<\/p>\n\n\n\n<p>Al respecto la Organizaci\u00f3n Mundial de la Salud (OMS), con base en la predicci\u00f3n del Instituto para las M\u00e9tricas y Evaluaci\u00f3n de la Salud (IHME, por sus siglas en ingles) con sede en la ciudad de Seattle, ha advertido que la mitad de la poblaci\u00f3n en Europa estar\u00e1 infectada con esta variante de covid-19 en las pr\u00f3ximas seis o siete semanas.<\/p>\n\n\n\n<p>En este sentido, si asumimos que al menos una quinta parte de quienes se enfermaron del virus, sin importar si fue con complicaciones o incluso de manera asintom\u00e1tica, podr\u00edan tener secuelas de corto y mediano plazo, estaremos hablando de que se avecina un grave problema de salud p\u00fablica.<\/p>\n\n\n\n<p>Cabe se\u00f1alar que algunos investigadores estiman que m\u00e1s de 100 millones de personas sufrir\u00edan de covid prolongado, con secuelas cr\u00f3nicas y muy variadas que se presentar\u00e1n a\u00fan meses despu\u00e9s de la infecci\u00f3n.<\/p>\n\n\n\n<p>Lo anterior, sin duda nos habla de otra crisis de salud p\u00fablica urgente y complicada que se avecina en el marco de la propia pandemia y que requerir\u00e1 de la atenci\u00f3n de todos los sectores.<\/p>\n\n\n\n<p>Por una parte, sabemos que los cient\u00edficos ya se encuentran en las primeras etapas de la b\u00fasqueda de tratamientos que puedan atacar las causas y aliviar los s\u00edntomas del covid largo, pero tambi\u00e9n se necesita que los gobiernos planteen pol\u00edticas p\u00fablicas encaminadas a atender a este creciente sector de la poblaci\u00f3n afectado por esta nueva enfermedad cr\u00f3nica.<\/p>\n\n\n\n<p>Asimismo, todas y todos, como ciudadanos necesitamos estar preparados para actuar de manera preventiva, haciendo lo que nos corresponde desde nuestra trinchera, como lo es el ser responsables en esta cuarta ola de la pandemia.<\/p>\n","protected":false},"excerpt":{"rendered":"<p>Por Fernando Manzanilla Prieto Estamos en la v\u00edspera de iniciar el tercer a\u00f1o de pandemia en M\u00e9xico y el panorama [&hellip;]<\/p>\n","protected":false},"author":1,"featured_media":19657,"comment_status":"open","ping_status":"open","sticky":false,"template":"","format":"standard","meta":{"site-sidebar-layout":"default","site-content-layout":"","ast-site-content-layout":"default","site-content-style":"default","site-sidebar-style":"default","ast-global-header-display":"","ast-banner-title-visibility":"","ast-main-header-display":"","ast-hfb-above-header-display":"","ast-hfb-below-header-display":"","ast-hfb-mobile-header-display":"","site-post-title":"","ast-breadcrumbs-content":"","ast-featured-img":"","footer-sml-layout":"","theme-transparent-header-meta":"","adv-header-id-meta":"","stick-header-meta":"","header-above-stick-meta":"","header-main-stick-meta":"","header-below-stick-meta":"","astra-migrate-meta-layouts":"default","ast-page-background-enabled":"default","ast-page-background-meta":{"desktop":{"background-color":"var(--ast-global-color-4)","background-image":"","background-repeat":"repeat","background-position":"center center","background-size":"auto","background-attachment":"scroll","background-type":"","background-media":"","overlay-type":"","overlay-color":"","overlay-opacity":"","overlay-gradient":""},"tablet":{"background-color":"","background-image":"","background-repeat":"repeat","background-position":"center center","background-size":"auto","background-attachment":"scroll","background-type":"","background-media":"","overlay-type":"","overlay-color":"","overlay-opacity":"","overlay-gradient":""},"mobile":{"background-color":"","background-image":"","background-repeat":"repeat","background-position":"center center","background-size":"auto","background-attachment":"scroll","background-type":"","background-media":"","overlay-type":"","overlay-color":"","overlay-opacity":"","overlay-gradient":""}},"ast-content-background-meta":{"desktop":{"background-color":"var(--ast-global-color-5)","background-image":"","background-repeat":"repeat","background-position":"center center","background-size":"auto","background-attachment":"scroll","background-type":"","background-media":"","overlay-type":"","overlay-color":"","overlay-opacity":"","overlay-gradient":""},"tablet":{"background-color":"var(--ast-global-color-5)","background-image":"","background-repeat":"repeat","background-position":"center center","background-size":"auto","background-attachment":"scroll","background-type":"","background-media":"","overlay-type":"","overlay-color":"","overlay-opacity":"","overlay-gradient":""},"mobile":{"background-color":"var(--ast-global-color-5)","background-image":"","background-repeat":"repeat","background-position":"center center","background-size":"auto","background-attachment":"scroll","background-type":"","background-media":"","overlay-type":"","overlay-color":"","overlay-opacity":"","overlay-gradient":""}},"footnotes":""},"categories":[24,8],"tags":[1536],"class_list":["post-19653","post","type-post","status-publish","format-standard","has-post-thumbnail","hentry","category-fernando-manzanilla","category-noticias","tag-covid-19-mexico"],"_links":{"self":[{"href":"https:\/\/losperiodistas.com.mx\/portal\/wp-json\/wp\/v2\/posts\/19653","targetHints":{"allow":["GET"]}}],"collection":[{"href":"https:\/\/losperiodistas.com.mx\/portal\/wp-json\/wp\/v2\/posts"}],"about":[{"href":"https:\/\/losperiodistas.com.mx\/portal\/wp-json\/wp\/v2\/types\/post"}],"author":[{"embeddable":true,"href":"https:\/\/losperiodistas.com.mx\/portal\/wp-json\/wp\/v2\/users\/1"}],"replies":[{"embeddable":true,"href":"https:\/\/losperiodistas.com.mx\/portal\/wp-json\/wp\/v2\/comments?post=19653"}],"version-history":[{"count":1,"href":"https:\/\/losperiodistas.com.mx\/portal\/wp-json\/wp\/v2\/posts\/19653\/revisions"}],"predecessor-version":[{"id":19658,"href":"https:\/\/losperiodistas.com.mx\/portal\/wp-json\/wp\/v2\/posts\/19653\/revisions\/19658"}],"wp:featuredmedia":[{"embeddable":true,"href":"https:\/\/losperiodistas.com.mx\/portal\/wp-json\/wp\/v2\/media\/19657"}],"wp:attachment":[{"href":"https:\/\/losperiodistas.com.mx\/portal\/wp-json\/wp\/v2\/media?parent=19653"}],"wp:term":[{"taxonomy":"category","embeddable":true,"href":"https:\/\/losperiodistas.com.mx\/portal\/wp-json\/wp\/v2\/categories?post=19653"},{"taxonomy":"post_tag","embeddable":true,"href":"https:\/\/losperiodistas.com.mx\/portal\/wp-json\/wp\/v2\/tags?post=19653"}],"curies":[{"name":"wp","href":"https:\/\/api.w.org\/{rel}","templated":true}]}}