{"id":19650,"date":"2022-01-20T05:38:03","date_gmt":"2022-01-20T11:38:03","guid":{"rendered":"http:\/\/losperiodistas.com.mx\/portal\/?p=19650"},"modified":"2022-01-20T05:38:05","modified_gmt":"2022-01-20T11:38:05","slug":"en-que-creen-los-pentecostales-aleteia","status":"publish","type":"post","link":"https:\/\/losperiodistas.com.mx\/portal\/en-que-creen-los-pentecostales-aleteia\/","title":{"rendered":"\u00bfEn qu\u00e9 creen los pentecostales?  | Aleteia"},"content":{"rendered":"\n<p style=\"font-size:18px\"><em>Aunque para un cat\u00f3lico la pregunta siempre es \u201c\u00bfen qu\u00e9 creen otros?\u201d, en el caso del pentecostalismo lo que importa es c\u00f3mo se experimenta la fe, m\u00e1s que c\u00f3mo se formula<\/em><\/p>\n\n\n\n<p><\/p>\n\n\n\n<figure class=\"wp-block-image size-large\"><img fetchpriority=\"high\" decoding=\"async\" width=\"1024\" height=\"572\" src=\"https:\/\/losperiodistas.com.mx\/portal\/wp-content\/uploads\/2022\/01\/Captura-de-Pantalla-2022-01-20-a-las-5.33.24-1024x572.png\" alt=\"\" class=\"wp-image-19651\" srcset=\"https:\/\/losperiodistas.com.mx\/portal\/wp-content\/uploads\/2022\/01\/Captura-de-Pantalla-2022-01-20-a-las-5.33.24-1024x572.png 1024w, https:\/\/losperiodistas.com.mx\/portal\/wp-content\/uploads\/2022\/01\/Captura-de-Pantalla-2022-01-20-a-las-5.33.24-300x168.png 300w, https:\/\/losperiodistas.com.mx\/portal\/wp-content\/uploads\/2022\/01\/Captura-de-Pantalla-2022-01-20-a-las-5.33.24-768x429.png 768w, https:\/\/losperiodistas.com.mx\/portal\/wp-content\/uploads\/2022\/01\/Captura-de-Pantalla-2022-01-20-a-las-5.33.24.png 1246w\" sizes=\"(max-width: 1024px) 100vw, 1024px\" \/><figcaption>Public domain<\/figcaption><\/figure>\n\n\n\n<p><\/p>\n\n\n\n<p class=\"has-vivid-cyan-blue-color has-text-color has-medium-font-size\">MIGUEL PASTORINO \/ ALETEIA<\/p>\n\n\n\n<p>Un gran te\u00f3logo pentecostal chileno, Juan Sep\u00falveda, escribi\u00f3 en 1998: \u201cDesde la perspectiva pentecostal, el criterio de la verdad, lo que tiene sentido, no es aquello que sea perfectamente inteligible a la raz\u00f3n, sino aquello que logra movilizar la totalidad del ser humano\u2026 Cuando el ser humano tiene experiencias profundas se encuentra con que el lenguaje racional se muestra muy limitado como veh\u00edculo para comunicar dicha experiencia y compartirla con otros. Los pentecostales han encontrado grandes dificultades para articular y comunicar la profundidad de su experiencia en el lenguaje de la teolog\u00eda sistem\u00e1tica tradicional (occidental)\u201d.&nbsp;<\/p>\n\n\n\n<p><strong>El testimonio tiene un lugar privilegiado en la liturgia y en la vida cotidiana del pentecostal<\/strong>, ya que es el veh\u00edculo privilegiado para contar la \u201cexperiencia\u201d subjetiva, \u201clas vivencias de lo que Dios ha hecho en su vida\u201d.<\/p>\n\n\n\n<p>El testimonio de \u201cla obra de Dios\u201d en el creyente es el lugar teol\u00f3gico por excelencia de la teolog\u00eda pentecostal, el punto de partida alrededor del cual construye y reinterpreta el mundo, el eje alrededor del cual gira la vida comunitaria.<\/p>\n\n\n\n<p>A partir del testimonio se construye una sistematizaci\u00f3n de los contenidos de fe, pero siempre la Biblia confirma lo sucedido en la experiencia, partiendo de la insustituible experiencia personal y comunitaria de la fe en Cristo.<\/p>\n\n\n\n<p>Si bien actualmente el crecimiento de te\u00f3logos pentecostales nos ha permitido un acceso sistem\u00e1tico a su variada reflexi\u00f3n teol\u00f3gica, y por lo tanto a un discurso sobre su experiencia, es necesario distinguir las bases de toda teolog\u00eda pentecostal de las variedades dentro del fen\u00f3meno que llevan a expresiones tan dis\u00edmiles como contradictorias, cuya pluralidad excede este art\u00edculo.&nbsp;<\/p>\n\n\n\n<p>La base de la teolog\u00eda pentecostal podemos sintetizarla de la mano de sus propios te\u00f3logos en las siguientes tesis:<\/p>\n\n\n\n<h3 class=\"wp-block-heading\">El encuentro con Cristo resucitado como experiencia fundante<\/h3>\n\n\n\n<p>La Salvaci\u00f3n-justificaci\u00f3n, por la gracia de Dios, ganada por la muerte de Jesucristo y recibida por la fe, se hace palpable y experimentable en la conversi\u00f3n. Descrita indistintamente como \u201cnuevo nacimiento\u201d (Jn 3), \u201cconversi\u00f3n\u201d, \u201ccambio de vida\u201d, \u201cvida nueva\u201d, refleja no un asentimiento formal e intelectual de ciertas verdades doctrinales, sino tener \u201cuna experiencia de Dios\u201d, que a su vez exige un cambio radical de vida y de la escala de valores.<\/p>\n\n\n\n<p>Este acontecimiento experiencial es el centro de su teolog\u00eda (cristoc\u00e9ntrica). El Esp\u00edritu Santo es quien lo hace posible, \u00e9l es el poder de Cristo resucitado, es el veh\u00edculo de la presencia viva y real de Cristo, de ah\u00ed su relevancia, pero el centro es Jesucristo. Aqu\u00ed se da la salvaci\u00f3n (perd\u00f3n de Dios y nueva creaci\u00f3n), por el asentimiento de fe, desde el coraz\u00f3n quebrantado, entregado y confiado.<\/p>\n\n\n\n<figure class=\"wp-block-image\"><img decoding=\"async\" src=\"https:\/\/wp.es.aleteia.org\/wp-content\/uploads\/sites\/7\/2022\/01\/PENTECOSTALES-ESPANA-RELIGION-01-Iglesia-Pentecostal-Unida-de-Espana-fair-use.jpg?w=300&amp;h=169&amp;crop=1\" alt=\"Thumbnail for read also\"\/><\/figure>\n\n\n\n<p><em>Te puede interesar:<\/em><a href=\"https:\/\/es.aleteia.org\/2022\/01\/19\/como-esta-introduciendose-el-pentecostalismo-en-espana\/\">\u00bfC\u00f3mo est\u00e1 introduci\u00e9ndose el pentecostalismo en Espa\u00f1a?<\/a><\/p>\n\n\n\n<h3 class=\"wp-block-heading\">El Esp\u00edritu Santo: el poder de Dios en la vida del creyente<\/h3>\n\n\n\n<p>Se trata de recibir el poder (la fuerza, la energ\u00eda, la vitalidad, etc.) necesario para vivir de acuerdo a la voluntad de Dios y vivir seg\u00fan sus planes. De ah\u00ed el tema recurrente del \u201cpoder\u201d para obrar. Tiene especial \u00e9nfasis el tema de los carismas (1 Cor 12), con los cuales Dios dota a la Iglesia para cumplir su misi\u00f3n con mayor eficacia. De aqu\u00ed el com\u00fan apodo de \u201ccarism\u00e1ticos\u201d, por su insistencia en los carismas, particularmente los extraordinarios, supuestamente descuidados despu\u00e9s del siglo I.<\/p>\n\n\n\n<p>La experiencia que une a los pentecostales es&nbsp;<strong>\u201cel bautismo en el Esp\u00edritu Santo<\/strong>\u201d, una experiencia personal donde el creyente ser\u00eda desbordado, sumergido en la presencia de Dios, y a partir de all\u00ed su vida cristiana \u201cllena de la gracia divina\u201d tiene un dinamismo y un poder manifiesto, sobre todo a trav\u00e9s de los carismas. Si algo une por encima de todo a los pentecostales y carism\u00e1ticos es esta experiencia com\u00fan, que lo hace un cristiano \u201crenovado en el Esp\u00edritu\u201d. Este acontecimiento viene seguido por frutos visibles(don de lenguas, entusiasmo misionero, fe inquebrantable, ganas de orar todo el tiempo, alegr\u00eda, etc.)<\/p>\n\n\n\n<figure class=\"wp-block-image\"><img decoding=\"async\" src=\"https:\/\/wp.es.aleteia.org\/wp-content\/uploads\/sites\/7\/2022\/01\/PENTECOSTALES-ESPANA-RELIGION-02-Iglesia-Pentecostal-Unida-de-Espana-fair-use.jpg?w=300&amp;h=169&amp;crop=1\" alt=\"Thumbnail for read also\"\/><\/figure>\n\n\n\n<p><em>Te puede interesar:<\/em><a href=\"https:\/\/es.aleteia.org\/2022\/01\/18\/por-que-muchos-catolicos-se-han-ido-al-pentecostalismo\/\">\u00bfPor qu\u00e9 muchos cat\u00f3licos se han ido al pentecostalismo?<\/a><\/p>\n\n\n\n<h3 class=\"wp-block-heading\">El cambio de vida como experiencia sanadora<\/h3>\n\n\n\n<p>La sanaci\u00f3n tiene un lugar relevante, como superaci\u00f3n de situaciones personales (a todo nivel) que han bloqueado una vida en plenitud. Para la gran mayor\u00eda de los pobres de Am\u00e9rica sus condiciones de vida est\u00e1n muy lejos de representar el mejor de los mundos posibles, y para ellos la vida no es un presupuesto, sino una dif\u00edcil lucha cotidiana.<\/p>\n\n\n\n<p>La experiencia pentecostal es tan profunda, que se traduce (no siempre) en superaci\u00f3n personal de dolencias y en la propia promoci\u00f3n social del individuo que ha adquirido una nueva dignidad como hijo de Dios.<\/p>\n\n\n\n<h3 class=\"wp-block-heading\">Una Iglesia viva: la comunidad de los que han sido transformados por Cristo<\/h3>\n\n\n\n<p>Lo que constituye a la Iglesia pentecostal no es la adhesi\u00f3n a un Credo, sino la com\u00fan participaci\u00f3n en la experiencia del encuentro con Jes\u00fas resucitado bajo el poder del Esp\u00edritu Santo.<\/p>\n\n\n\n<p>Por esta raz\u00f3n el pentecostal no entiende una Iglesia que est\u00e9 incorporada a un sistema de cristiandad, porque Iglesia es la comunidad de los que han sido salvados por Cristo, de los que han experimentado el poder de Dios y no los cristianos \u201cnominales\u201d aunque pertenezcan a alguna instituci\u00f3n eclesial. Pentecost\u00e9s sirve de mito fundacional, y la Iglesia primitiva de los Hechos de los Ap\u00f3stoles de arquetipo para comprender lo que es la Iglesia para el pentecostal.<\/p>\n\n\n\n<p>No le interesa si alguien pertenece a su congregaci\u00f3n o a otra, sino \u201c<em>si ha sido salvado<\/em>\u201d. De ah\u00ed que s\u00f3lo establezcan v\u00ednculos con personas fuera de su Iglesia con la \u00fanica finalidad de \u201cconvertirla\u201d, lo cual los hace compulsivamente proselitistas, teniendo en cuenta que en su soteriolog\u00eda nadie se salva si no ha pasado por una entrega de fe a Jes\u00fas, y por lo tanto se sienten responsables de los millones de seres humanos que no se salvar\u00e1n.<\/p>\n\n\n\n<p>De ah\u00ed que convertir a los cristianos nominales es un imperativo \u00e9tico exigido por la misma fe. La Iglesia son los salvados por Cristo, sin importar a qu\u00e9 comunidad concreta pertenezcan. Cada vez m\u00e1s tienden a diluir las fronteras denominacionales.<\/p>\n\n\n\n<h3 class=\"wp-block-heading\">Sacerdocio com\u00fan de todos los fieles<\/h3>\n\n\n\n<p>No existe una comunidad con un ministro ordenado. Los l\u00edderes son personas carism\u00e1ticas, elegidos por el Esp\u00edritu, tomados de su comunidad. Los dones se imponen por s\u00ed mismos como manifestaci\u00f3n del Esp\u00edritu. Cada pentecostal se sabe \u2013y se siente\u2013 un disc\u00edpulo de Jesucristo, llamado a la santidad y a la radicalidad de la fe. Todos tienen la misi\u00f3n de evangelizar, de predicar, de conquistar al mundo para Cristo, cada uno seg\u00fan sus dones y ministerios.&nbsp;<\/p>\n\n\n\n<h3 class=\"wp-block-heading\">La Sagrada Escritura como \u00fanica norma de vida<\/h3>\n\n\n\n<p>Con autoridad sobrenatural sobre todos los aspectos de la vida personal y social. Toda profec\u00eda o inspiraci\u00f3n debe ser legitimada por la autoridad de la Biblia y subordinarse a ella.&nbsp;<\/p>\n\n\n\n<h3 class=\"wp-block-heading\">Demonolog\u00eda y guerra espiritual<\/h3>\n\n\n\n<p>De manera especial en los neopentecostales se evidencia una permanente lucha con \u201clos poderes del mal\u201d, y se le \u201cata\u201d antes de comenzar el culto para que no interfiera en la oraci\u00f3n del pueblo creyente. Esto lleva en algunos casos a justificar que la existencia de todos los males que afectan al hombre son de origen demon\u00edaco, aunque no es igual en todos los casos.<\/p>\n\n\n\n<p>Los exorcismos son parte normal del culto, ya que es una oportunidad para evidenciar el poder de Dios frente al mal, y la victoria de Cristo. Es una ocasi\u00f3n para acrecentar la fe y \u201cdar gloria a Dios\u201d.<\/p>\n\n\n\n<h3 class=\"wp-block-heading\">Salvaci\u00f3n presente y futura<\/h3>\n\n\n\n<p>Nadie discute que el surgimiento del pentecostalismo moderno ocurri\u00f3 en un contexto de gran efervescencia escatol\u00f3gica y apocal\u00edptica, con tintes milenaristas, propia de un cambio de siglo y de grandes convulsione sociales.<\/p>\n\n\n\n<p>Tienen muchas razones para esperar un mundo nuevo, y la segunda venida de Cristo, como triunfo final, ocupa un lugar central en la predicaci\u00f3n. Aunque esta predicaci\u00f3n no los aliena, como en sus primeros tiempos del compromiso temporal, ya que han empezado a incorporar un discurso de colaboraci\u00f3n con Cristo para que el Reino se haga presente. Por ello se han metido m\u00e1s en pol\u00edtica, pero con fines religiosos.\u00a0<\/p>\n\n\n\n<p>Fuente: https:\/\/es.aleteia.org\/2022\/01\/20\/en-que-creen-los-pentecostales\/<\/p>\n","protected":false},"excerpt":{"rendered":"<p>Aunque para un cat\u00f3lico la pregunta siempre es \u201c\u00bfen qu\u00e9 creen otros?\u201d, en el caso del pentecostalismo lo que importa [&hellip;]<\/p>\n","protected":false},"author":1,"featured_media":19651,"comment_status":"open","ping_status":"open","sticky":false,"template":"","format":"standard","meta":{"site-sidebar-layout":"default","site-content-layout":"","ast-site-content-layout":"default","site-content-style":"default","site-sidebar-style":"default","ast-global-header-display":"","ast-banner-title-visibility":"","ast-main-header-display":"","ast-hfb-above-header-display":"","ast-hfb-below-header-display":"","ast-hfb-mobile-header-display":"","site-post-title":"","ast-breadcrumbs-content":"","ast-featured-img":"","footer-sml-layout":"","theme-transparent-header-meta":"","adv-header-id-meta":"","stick-header-meta":"","header-above-stick-meta":"","header-main-stick-meta":"","header-below-stick-meta":"","astra-migrate-meta-layouts":"default","ast-page-background-enabled":"default","ast-page-background-meta":{"desktop":{"background-color":"var(--ast-global-color-4)","background-image":"","background-repeat":"repeat","background-position":"center center","background-size":"auto","background-attachment":"scroll","background-type":"","background-media":"","overlay-type":"","overlay-color":"","overlay-opacity":"","overlay-gradient":""},"tablet":{"background-color":"","background-image":"","background-repeat":"repeat","background-position":"center center","background-size":"auto","background-attachment":"scroll","background-type":"","background-media":"","overlay-type":"","overlay-color":"","overlay-opacity":"","overlay-gradient":""},"mobile":{"background-color":"","background-image":"","background-repeat":"repeat","background-position":"center center","background-size":"auto","background-attachment":"scroll","background-type":"","background-media":"","overlay-type":"","overlay-color":"","overlay-opacity":"","overlay-gradient":""}},"ast-content-background-meta":{"desktop":{"background-color":"var(--ast-global-color-5)","background-image":"","background-repeat":"repeat","background-position":"center center","background-size":"auto","background-attachment":"scroll","background-type":"","background-media":"","overlay-type":"","overlay-color":"","overlay-opacity":"","overlay-gradient":""},"tablet":{"background-color":"var(--ast-global-color-5)","background-image":"","background-repeat":"repeat","background-position":"center center","background-size":"auto","background-attachment":"scroll","background-type":"","background-media":"","overlay-type":"","overlay-color":"","overlay-opacity":"","overlay-gradient":""},"mobile":{"background-color":"var(--ast-global-color-5)","background-image":"","background-repeat":"repeat","background-position":"center center","background-size":"auto","background-attachment":"scroll","background-type":"","background-media":"","overlay-type":"","overlay-color":"","overlay-opacity":"","overlay-gradient":""}},"footnotes":""},"categories":[8],"tags":[7064,7063,6857,7061,7062],"class_list":["post-19650","post","type-post","status-publish","format-standard","has-post-thumbnail","hentry","category-noticias","tag-demonologia","tag-espiritu-santo","tag-pentecostales","tag-teologia","tag-testimonio-liturgico"],"_links":{"self":[{"href":"https:\/\/losperiodistas.com.mx\/portal\/wp-json\/wp\/v2\/posts\/19650","targetHints":{"allow":["GET"]}}],"collection":[{"href":"https:\/\/losperiodistas.com.mx\/portal\/wp-json\/wp\/v2\/posts"}],"about":[{"href":"https:\/\/losperiodistas.com.mx\/portal\/wp-json\/wp\/v2\/types\/post"}],"author":[{"embeddable":true,"href":"https:\/\/losperiodistas.com.mx\/portal\/wp-json\/wp\/v2\/users\/1"}],"replies":[{"embeddable":true,"href":"https:\/\/losperiodistas.com.mx\/portal\/wp-json\/wp\/v2\/comments?post=19650"}],"version-history":[{"count":1,"href":"https:\/\/losperiodistas.com.mx\/portal\/wp-json\/wp\/v2\/posts\/19650\/revisions"}],"predecessor-version":[{"id":19652,"href":"https:\/\/losperiodistas.com.mx\/portal\/wp-json\/wp\/v2\/posts\/19650\/revisions\/19652"}],"wp:featuredmedia":[{"embeddable":true,"href":"https:\/\/losperiodistas.com.mx\/portal\/wp-json\/wp\/v2\/media\/19651"}],"wp:attachment":[{"href":"https:\/\/losperiodistas.com.mx\/portal\/wp-json\/wp\/v2\/media?parent=19650"}],"wp:term":[{"taxonomy":"category","embeddable":true,"href":"https:\/\/losperiodistas.com.mx\/portal\/wp-json\/wp\/v2\/categories?post=19650"},{"taxonomy":"post_tag","embeddable":true,"href":"https:\/\/losperiodistas.com.mx\/portal\/wp-json\/wp\/v2\/tags?post=19650"}],"curies":[{"name":"wp","href":"https:\/\/api.w.org\/{rel}","templated":true}]}}