{"id":19646,"date":"2022-01-20T05:06:36","date_gmt":"2022-01-20T11:06:36","guid":{"rendered":"http:\/\/losperiodistas.com.mx\/portal\/?p=19646"},"modified":"2022-01-20T05:06:38","modified_gmt":"2022-01-20T11:06:38","slug":"el-primer-ano-de-biden-los-objetivos-que-alcanzo-y-los-que-fallo-wsj","status":"publish","type":"post","link":"https:\/\/losperiodistas.com.mx\/portal\/el-primer-ano-de-biden-los-objetivos-que-alcanzo-y-los-que-fallo-wsj\/","title":{"rendered":"El primer a\u00f1o de Biden: los objetivos que alcanz\u00f3 y los que fall\u00f3 | WSJ"},"content":{"rendered":"\n<p style=\"font-size:18px\"><em>El presidente obtuvo billones en gastos a trav\u00e9s del Congreso, pero no pudo cumplir con algunas de sus principales prioridades sociales y clim\u00e1ticas.<\/em><\/p>\n\n\n\n<p><\/p>\n\n\n\n<figure class=\"wp-block-image size-large\"><img fetchpriority=\"high\" decoding=\"async\" width=\"754\" height=\"504\" src=\"https:\/\/losperiodistas.com.mx\/portal\/wp-content\/uploads\/2022\/01\/Captura-de-Pantalla-2022-01-20-a-las-5.00.51.png\" alt=\"\" class=\"wp-image-19647\" srcset=\"https:\/\/losperiodistas.com.mx\/portal\/wp-content\/uploads\/2022\/01\/Captura-de-Pantalla-2022-01-20-a-las-5.00.51.png 754w, https:\/\/losperiodistas.com.mx\/portal\/wp-content\/uploads\/2022\/01\/Captura-de-Pantalla-2022-01-20-a-las-5.00.51-300x201.png 300w\" sizes=\"(max-width: 754px) 100vw, 754px\" \/><figcaption>Un a\u00f1o despu\u00e9s, el historial de promesas del presidente Biden ha sido mixto.\u00a0<br>Hizo progresos en la aprobaci\u00f3n de los gastos de infraestructura y alivio de Covid-19, pero se qued\u00f3 corto en sus prioridades sociales y clim\u00e1ticas.\u00a0BRENDAN SMIALOWSKI\/AGENCIA FRANCE-PRESSE\/GETTY IMAGES<\/figcaption><\/figure>\n\n\n\n<p><\/p>\n\n\n\n<p class=\"has-vivid-cyan-blue-color has-text-color has-medium-font-size\">CATHERINE LUCY \/ KEN TOMAS \/ THE WALL STREET JOURNAL<\/p>\n\n\n\n<p>WASHINGTON\u2014El presidente Biden&nbsp;<a href=\"https:\/\/www.wsj.com\/articles\/joe-biden-presidential-inauguration-2021-11611095413?mod=article_inline\" target=\"_blank\" rel=\"noreferrer noopener\">asumi\u00f3 el cargo hace un a\u00f1o<\/a>&nbsp;y prometi\u00f3 abordar la pandemia de coronavirus, reactivar la econom\u00eda y luchar por la unidad en una naci\u00f3n asolada por la divisi\u00f3n y la crisis.<\/p>\n\n\n\n<p>Hablando a una naci\u00f3n golpeada por la pandemia y reci\u00e9n salida de los recientes&nbsp;<a href=\"https:\/\/www.wsj.com\/articles\/the-protesters-are-in-the-building-inside-the-capitol-stormed-by-a-pro-trump-mob-11609984654?mod=article_inline\" target=\"_blank\" rel=\"noreferrer noopener\">disturbios mortales en el Capitolio de los EE<\/a>&nbsp;. UU ., el Sr. Biden declar\u00f3: \u201cEs un momento de audacia, porque hay mucho por hacer.&nbsp;Y, esto es seguro.&nbsp;Seremos juzgados, t\u00fa y yo, por c\u00f3mo resolvemos las crisis en cascada de nuestra era\u201d.<\/p>\n\n\n\n<p>Un a\u00f1o despu\u00e9s, el historial del Sr. Biden en cuanto a sus promesas ha sido mixto, con un fuerte progreso inicial en la&nbsp;<a href=\"https:\/\/www.wsj.com\/articles\/house-set-to-approve-covid-19-relief-bill-11615372203?mod=article_inline\" target=\"_blank\" rel=\"noreferrer noopener\">aprobaci\u00f3n de los gastos de ayuda por el covid-19<\/a>&nbsp;y&nbsp;<a href=\"https:\/\/www.wsj.com\/articles\/u-s-watches-for-omicron-as-covid-19-infections-remain-high-11638206760?mod=article_inline\" target=\"_blank\" rel=\"noreferrer noopener\">el aumento de las vacunas<\/a>&nbsp;.&nbsp;Pero a fines del verano se enfrent\u00f3 a&nbsp;<a href=\"https:\/\/www.wsj.com\/articles\/delta-variant-helps-push-covid-19-cases-higher-in-every-state-11626733436?mod=article_inline\" target=\"_blank\" rel=\"noreferrer noopener\">una nueva variante del coronavirus<\/a>&nbsp;,&nbsp;<a href=\"https:\/\/www.wsj.com\/articles\/us-inflation-consumer-price-index-december-2021-11641940760?mod=article_inline\" target=\"_blank\" rel=\"noreferrer noopener\">el aumento de la inflaci\u00f3n<\/a>&nbsp;y las cr\u00edticas generalizadas por&nbsp;<a href=\"https:\/\/www.wsj.com\/articles\/last-u-s-troops-leave-afghanistan-after-nearly-20-years-11630355853?mod=article_inline\" target=\"_blank\" rel=\"noreferrer noopener\">la ca\u00f3tica retirada de Afganist\u00e1n<\/a>&nbsp;.<\/p>\n\n\n\n<p>El Sr. Biden logr\u00f3 que su estrecha y dividida mayor\u00eda en el Congreso aprobara&nbsp;<a href=\"https:\/\/www.wsj.com\/articles\/infrastructure-bill-2021-what-11627515002?mod=article_inline\" target=\"_blank\" rel=\"noreferrer noopener\">un paquete de infraestructura de $ 1 bill\u00f3n,<\/a>&nbsp;pero no logr\u00f3 unir a su partido en torno a su&nbsp;<a href=\"https:\/\/www.wsj.com\/articles\/democrats-budget-plan-what-11626301275?mod=article_inline\" target=\"_blank\" rel=\"noreferrer noopener\">proyecto de ley de gasto social y cambio clim\u00e1tico de aproximadamente $ 2 billones<\/a>&nbsp;.&nbsp;Su estrategia pand\u00e9mica para aumentar las tasas de vacunaci\u00f3n se desaceler\u00f3 en el transcurso del a\u00f1o y recibi\u00f3 un golpe cuando la Corte Suprema&nbsp;<a href=\"https:\/\/www.wsj.com\/articles\/supreme-court-blocks-biden-vaccine-rules-for-private-employers-allows-them-for-healthcare-workers-11642103130?mod=article_inline\" target=\"_blank\" rel=\"noreferrer noopener\">desech\u00f3 su mandato de mayor alcance<\/a>&nbsp;para los trabajadores estadounidenses, y su administraci\u00f3n se ha centrado en&nbsp;<a href=\"https:\/\/www.wsj.com\/articles\/biden-administration-to-distribute-500-million-at-home-covid-19-test-kits-11640080802?mod=article_inline\" target=\"_blank\" rel=\"noreferrer noopener\">enfatizar las pruebas<\/a>&nbsp;y las m\u00e1scaras en medio del aumento de Omicron.&nbsp;Y la naci\u00f3n sigue profundamente polarizada, con Biden adoptando una postura cr\u00edtica hacia los republicanos en los \u00faltimos tiempos.<\/p>\n\n\n\n<p>\u201cNo promet\u00ed demasiado, pero creo que si echa un vistazo a lo que hemos podido hacer, debe reconocer que hicimos un enorme progreso\u201d, dijo Biden en una conferencia de prensa el mi\u00e9rcoles.&nbsp;\u201cUna cosa que no he podido hacer hasta ahora es lograr que mis amigos republicanos participen en el juego para mejorar las cosas en este pa\u00eds\u201d.<\/p>\n\n\n\n<figure class=\"wp-block-image\"><img decoding=\"async\" src=\"https:\/\/images.wsj.net\/im-470520?width=700&amp;height=467\" alt=\"\" title=\"\"\/><figcaption>El presidente Biden con la presidenta de la C\u00e1mara de Representantes, Nancy Pelosi (D., California), en octubre.&nbsp;Las escasas mayor\u00edas de los dem\u00f3cratas en el Congreso significaban que ten\u00edan poco espacio para maniobrar.FOTO:&nbsp;TING SHEN\/BLOOMBERG NEWS<\/figcaption><\/figure>\n\n\n\n<p>Al adentrarse m\u00e1s en un a\u00f1o electoral de mitad de per\u00edodo, la capacidad de Biden para recuperar el impulso pronto puede disminuir, con los republicanos opuestos a muchos de sus esfuerzos y los dem\u00f3cratas, divididos en algunas de las prioridades del presidente, cada vez m\u00e1s centrados en la campa\u00f1a.&nbsp;Con una estrecha mayor\u00eda en la C\u00e1mara de Representantes y una divisi\u00f3n de 50-50 en el Senado, los dem\u00f3cratas ya tienen poco espacio para maniobrar.<\/p>\n\n\n\n<p>Las encuestas han mostrado que la opini\u00f3n de los estadounidenses de que la naci\u00f3n va por el camino equivocado, y los \u00edndices de aprobaci\u00f3n del presidente se han hundido en los \u00faltimos meses, ubic\u00e1ndose en 42% el mi\u00e9rcoles, seg\u00fan la agregaci\u00f3n de encuestas p\u00fablicas de FiveThirtyEight, por debajo del 53% cuando asumi\u00f3 el cargo.<\/p>\n\n\n\n<p>\u201cLo eligieron por cuatro a\u00f1os, no por un a\u00f1o.&nbsp;Y creo que hemos hecho m\u00e1s en un solo a\u00f1o en t\u00e9rminos del volumen de legislaci\u00f3n aprobada, el tama\u00f1o y el alcance de la misma, que cualquier otro presidente en la historia\u201d, dijo el jefe de gabinete de la Casa Blanca, Ron Klain.<\/p>\n\n\n\n<p>El l\u00edder de la minor\u00eda del Senado, Mitch McConnell (R., Ky.), argument\u00f3 recientemente que Biden no hab\u00eda cumplido sus promesas de aliviar las tensiones pol\u00edticas.&nbsp;Despu\u00e9s de que Biden&nbsp;<a href=\"https:\/\/www.wsj.com\/articles\/biden-casts-election-law-votes-as-turning-point-for-nation-in-speech-11641897003?mod=article_inline\" target=\"_blank\" rel=\"noreferrer noopener\">pronunci\u00f3 un feroz discurso en el que<\/a>&nbsp;dijo que se necesitaban cambios en las reglas del Senado para aprobar los derechos de voto y compar\u00f3 algunas pol\u00edticas electorales republicanas con las leyes de segregaci\u00f3n de Jim Crow, McConnell dijo que el presidente fue elegido para salvar las divisiones y bajar la temperatura pol\u00edtica en el pa\u00eds.<\/p>\n\n\n\n<p>\u201cEl presidente Biden ha optado por fallar en su propia prueba\u201d, dijo.<\/p>\n\n\n\n<p>Este es un vistazo al primer a\u00f1o del Sr. Biden en el cargo y los desaf\u00edos que enfrenta la Casa Blanca.<\/p>\n\n\n\n<figure class=\"wp-block-image\"><img decoding=\"async\" src=\"https:\/\/images.wsj.net\/im-470092?width=1260&amp;height=840\" alt=\"\" title=\"\"\/><figcaption>Alrededor del 73% de los adultos estadounidenses est\u00e1n completamente vacunados contra Covid-19.FOTO:&nbsp;AMIR HAMJA PARA THE WALL STREET JOURNAL<\/figcaption><\/figure>\n\n\n\n<h6 class=\"wp-block-heading\">COVID-19<\/h6>\n\n\n\n<p>\u201cMe encargar\u00e9 de esto, terminar\u00e9 con esto\u201d, dijo Biden sobre el virus en el debate presidencial final en 2020.<\/p>\n\n\n\n<p>Un a\u00f1o despu\u00e9s, la naci\u00f3n no ha vencido a la pandemia, aunque las vacunas han permitido que la vida estadounidense se acerque m\u00e1s a la normalidad que en el momento de su investidura.<\/p>\n\n\n\n<p>Aproximadamente el 73 % de los adultos estadounidenses est\u00e1n completamente vacunados, se est\u00e1n aprobando nuevos tratamientos y se aprob\u00f3 un proyecto de ley de alivio de $1,9 billones a principios del mandato del Sr. Biden que proporcion\u00f3 dinero para ayudar a reabrir las escuelas.<\/p>\n\n\n\n<p>Pero la declaraci\u00f3n del Sr. Biden del 4 de julio de que la naci\u00f3n estaba \u201cm\u00e1s cerca que nunca de declarar nuestra independencia de un virus mortal\u201d result\u00f3 ser prematura.&nbsp;La variante Delta se afianz\u00f3 durante el verano, y 2022 comenz\u00f3 con la variante Omicron altamente transmisible&nbsp;<a href=\"https:\/\/www.wsj.com\/articles\/france-prepares-to-vote-on-stricter-covid-laws-for-unvaccinated-people-11642333051?mod=article_inline\" target=\"_blank\" rel=\"noreferrer noopener\">que desencaden\u00f3 un aumento de casos<\/a>&nbsp;, un aumento de hospitalizaciones,&nbsp;<a href=\"https:\/\/www.wsj.com\/articles\/travel-woes-deepen-as-omicron-variant-hits-pilots-and-flight-attendants-11640377350?mod=article_inline\" target=\"_blank\" rel=\"noreferrer noopener\">cancelaciones de vuelos<\/a>&nbsp;,&nbsp;<a href=\"https:\/\/www.wsj.com\/articles\/covid-19-testing-crunch-hampers-efforts-to-curb-omicron-variant-surge-11640860201?mod=article_inline\" target=\"_blank\" rel=\"noreferrer noopener\">escasez de pruebas<\/a>&nbsp;y&nbsp;<a href=\"https:\/\/www.wsj.com\/articles\/omicron-school-disruptions-stress-already-frayed-parentsagain-11641378604?mod=article_inline\" target=\"_blank\" rel=\"noreferrer noopener\">cierre de escuelas<\/a>&nbsp;.&nbsp;M\u00e1s de 853,000 personas&nbsp;<a href=\"https:\/\/coronavirus.jhu.edu\/us-map\" target=\"_blank\" rel=\"noreferrer noopener\">han muerto en los EE<\/a>&nbsp;. UU . debido al virus desde que comenz\u00f3 la pandemia, seg\u00fan la Universidad Johns Hopkins.<\/p>\n\n\n\n<p>\u201cHicieron algunas cosas muy, muy bien y otras claramente no\u201d, dijo Ashish Jha, decano de la Escuela de Salud P\u00fablica de la Universidad de Brown.<\/p>\n\n\n\n<p>Biden ha recurrido a medidas m\u00e1s duras para aumentar las tasas de vacunaci\u00f3n.&nbsp;Pero la Corte Suprema bloque\u00f3 un mandato de vacunaci\u00f3n o prueba para los empleadores m\u00e1s grandes, aunque el tribunal permiti\u00f3 que la administraci\u00f3n impusiera un mandato de vacunaci\u00f3n para m\u00e1s de 10 millones de trabajadores de la salud cuyas instalaciones participan en Medicare y Medicaid.<\/p>\n\n\n\n<p>El Sr. Biden est\u00e1 tratando de cambiar su mensaje de vencer al virus a&nbsp;<a href=\"https:\/\/www.wsj.com\/articles\/biden-in-shift-prepares-americans-to-see-covid-19-as-part-of-life-11641465004?mod=article_inline\" target=\"_blank\" rel=\"noreferrer noopener\">lograr que los estadounidenses lo acepten como parte de la vida diaria<\/a>&nbsp;.&nbsp;Sus ayudantes dicen que la atenci\u00f3n se centra en reducir las hospitalizaciones y las muertes, y que los riesgos para quienes se vacunan son significativamente menores.&nbsp;La administraci\u00f3n ahora se est\u00e1 enfocando en aumentar el acceso a las pruebas, luego de una temporada de vacaciones que vio serios retrasos en las pruebas y quejas de que deber\u00eda haber invertido m\u00e1s en las pruebas antes.<\/p>\n\n\n\n<figure class=\"wp-block-image\"><img decoding=\"async\" src=\"https:\/\/images.wsj.net\/im-470116?width=1260&amp;height=840\" alt=\"\" title=\"\"\/><figcaption>Las interrupciones relacionadas con la pandemia y la creciente demanda de los consumidores han reducido las cadenas de suministro.FOTO:&nbsp;JON CHERRY PARA THE WALL STREET JOURNAL<\/figcaption><\/figure>\n\n\n\n<h6 class=\"wp-block-heading\">La econom\u00eda<\/h6>\n\n\n\n<p>\u201cPodemos reconstruir mejor, con una econom\u00eda que premia el trabajo y no la riqueza\u201d, dijo Biden en un discurso de campa\u00f1a en Milwaukee el 30 de octubre de 2020.<\/p>\n\n\n\n<p>El primer a\u00f1o en el cargo de Biden ha visto importantes ganancias econ\u00f3micas, incluso cuando los consumidores estadounidenses sienten la presi\u00f3n de los precios m\u00e1s altos.<\/p>\n\n\n\n<p>La econom\u00eda&nbsp;<a href=\"https:\/\/www.wsj.com\/articles\/december-jobs-report-unemployment-rate-2021-11641513402?mod=article_inline\" target=\"_blank\" rel=\"noreferrer noopener\">gener\u00f3 6,4 millones de puestos de trabajo el a\u00f1o pasado<\/a>&nbsp;, la mayor cantidad en un solo a\u00f1o desde el inicio del mantenimiento de registros en 1939. La tasa de desempleo experiment\u00f3 una fuerte ca\u00edda, al 3,9 % el mes pasado desde el 6,4 % en enero de 2021. 19 ley de alivio que Biden firm\u00f3 en marzo contribuy\u00f3 a mejorar las finanzas de muchos estadounidenses.<\/p>\n\n\n\n<p>El Sr. Biden tambi\u00e9n firm\u00f3 el proyecto de ley de infraestructura de $ 1 bill\u00f3n para abordar el envejecimiento de carreteras y&nbsp;<a href=\"https:\/\/www.wsj.com\/articles\/u-s-plans-to-spend-27-billion-to-repair-bridges-11642154402?mod=article_inline\" target=\"_blank\" rel=\"noreferrer noopener\">puentes<\/a>&nbsp;y mejorar el acceso a Internet, todo lo cual, seg\u00fan \u00e9l, impulsar\u00e1 la econom\u00eda y mejorar\u00e1 la competencia con China.<\/p>\n\n\n\n<p>Pero la inflaci\u00f3n alcanz\u00f3 el 7 % en diciembre, el nivel m\u00e1s alto desde 1982. Los cr\u00edticos de Biden han dicho que inyectar tanto dinero adicional en la econom\u00eda a trav\u00e9s de la ley de ayuda por el covid-19 de 1,9 billones de d\u00f3lares exacerb\u00f3 la inflaci\u00f3n.&nbsp;Los republicanos dicen que el aumento de la inflaci\u00f3n muestra que las recetas econ\u00f3micas de Biden han fallado.<\/p>\n\n\n\n<p>\u201cEl presidente arruin\u00f3 la econom\u00eda en su primer a\u00f1o;&nbsp;2021 deber\u00eda haber sido un a\u00f1o excepcional\u201d, dijo el representante Kevin Brady (R., Texas), el principal republicano en el Comit\u00e9 de Medios y Arbitrios de la C\u00e1mara.<\/p>\n\n\n\n<p>El Sr. Biden ha tomado medidas ejecutivas para tratar de desatascar las cadenas de suministro que se han visto respaldadas por la creciente demanda de los consumidores y las interrupciones relacionadas con la pandemia.&nbsp;El a\u00f1o pasado, la administraci\u00f3n de Biden tom\u00f3 medidas destinadas a reducir el retraso, incluidos los esfuerzos para impulsar a las terminales de env\u00edo del sur de California&nbsp;<a href=\"https:\/\/www.wsj.com\/articles\/l-a-port-to-operate-around-the-clock-to-ease-cargo-logjams-white-house-says-11634115601?mod=article_inline\" target=\"_blank\" rel=\"noreferrer noopener\">a pasar a operaciones de 24 horas<\/a>&nbsp;que tuvieron&nbsp;<a href=\"https:\/\/www.wsj.com\/articles\/truckers-steer-clear-of-24-hour-operations-at-southern-california-ports-11637173872?mod=article_inline\" target=\"_blank\" rel=\"noreferrer noopener\">un \u00e9xito limitado<\/a>&nbsp;.&nbsp;El presidente tambi\u00e9n ha se\u00f1alado que la inflaci\u00f3n est\u00e1 aumentando en todo el mundo.<\/p>\n\n\n\n<p>La Reserva Federal reconoci\u00f3 que su lectura inicial de que la inflaci\u00f3n ser\u00eda transitoria demostr\u00f3 ser demasiado optimista.&nbsp;El banco central est\u00e1 en camino de comenzar&nbsp;<a href=\"https:\/\/www.wsj.com\/articles\/fed-minutes-reflect-growing-unease-over-high-inflation-11641409628?mod=article_inline\" target=\"_blank\" rel=\"noreferrer noopener\">un ciclo de aumentos regulares de las tasas de inter\u00e9s<\/a>&nbsp;en su reuni\u00f3n de marzo.&nbsp;El desaf\u00edo para la Fed ser\u00e1 subir las tasas sin ser tan agresivo que corra el riesgo de provocar una recesi\u00f3n y avivar el desempleo.&nbsp;Biden tambi\u00e9n debe lidiar con las consecuencias pol\u00edticas de los votantes que lo culpan a \u00e9l y a los dem\u00f3cratas por los precios m\u00e1s altos, as\u00ed como a los republicanos que buscan culparlo a \u00e9l, antes de las elecciones de mitad de per\u00edodo de noviembre.&nbsp;Una encuesta del Wall Street Journal el mes pasado mostr\u00f3 que los votantes&nbsp;<a href=\"https:\/\/www.wsj.com\/articles\/wsj-poll-biden-leadership-economy-midterms-11638888384?mod=article_inline\" target=\"_blank\" rel=\"noreferrer noopener\">eran pesimistas sobre la econom\u00eda<\/a>&nbsp;.&nbsp;<\/p>\n\n\n\n<figure class=\"wp-block-image\"><img decoding=\"async\" src=\"https:\/\/images.wsj.net\/im-470100?width=1260&amp;height=840\" alt=\"\" title=\"\"\/><figcaption>La retirada desordenada de Estados Unidos de Afganist\u00e1n durante el verano gener\u00f3 cr\u00edticas generalizadas a la administraci\u00f3n Biden.FOTO:&nbsp;VICTOR J. BLUE PARA THE WALL STREET JOURNAL<\/figcaption><\/figure>\n\n\n\n<h6 class=\"wp-block-heading\">La pol\u00edtica exterior<\/h6>\n\n\n\n<p>\u201cRepararemos nuestras alianzas y nos relacionaremos con el mundo una vez m\u00e1s\u201d, dijo Biden en su discurso inaugural de 2021.<\/p>\n\n\n\n<p>Un a\u00f1o despu\u00e9s, el presidente ha trabajado para fortalecer los lazos con aliados tradicionales, asistiendo a conferencias globales en Inglaterra e Italia y enfoc\u00e1ndose en temas como la pandemia y el cambio clim\u00e1tico.&nbsp;Pero sorprendi\u00f3 a algunos aliados con la ca\u00f3tica retirada de las fuerzas estadounidenses de Afganist\u00e1n, se pele\u00f3 con Francia por un nuevo acuerdo de seguridad con Australia y ahora enfrenta tensiones crecientes con Rusia y China.<\/p>\n\n\n\n<p>En su primer a\u00f1o, el presidente a menudo defin\u00eda la geopol\u00edtica de la naci\u00f3n como una lucha entre democracias y autocracias.&nbsp;En junio, fue recibido con fanfarria por sus hom\u00f3logos del Grupo de los Siete para una reuni\u00f3n en un fr\u00edo balneario ingl\u00e9s.<\/p>\n\n\n\n<p>Semanas m\u00e1s tarde, Biden cumpli\u00f3 con su largamente prometido retiro de las tropas estadounidenses de Afganist\u00e1n.&nbsp;La operaci\u00f3n desordenada inquiet\u00f3 a algunos aliados y gener\u00f3 cr\u00edticas generalizadas de que su administraci\u00f3n manej\u00f3 mal la situaci\u00f3n.&nbsp;M\u00e1s de 60.000 int\u00e9rpretes afganos y otras personas que solicitaron visas para buscar refugio en Estados Unidos despu\u00e9s de trabajar junto a las fuerzas estadounidenses&nbsp;<a href=\"https:\/\/www.wsj.com\/articles\/more-than-60-000-interpreters-visa-applicants-remain-in-afghanistan-11639689706?mod=article_inline\" target=\"_blank\" rel=\"noreferrer noopener\">permanecen en Afganist\u00e1n<\/a>&nbsp;, dijo un funcionario del Departamento de Estado el mes pasado.<\/p>\n\n\n\n<p>Biden ha defendido la salida, diciendo que no extender\u00eda una \u201cguerra eterna\u201d.<\/p>\n\n\n\n<p>El\u00a0<a href=\"https:\/\/www.wsj.com\/articles\/u-s-forms-a-new-security-alliance-for-asia-with-the-u-k-and-australia-11631741734?mod=article_inline\" target=\"_blank\" rel=\"noreferrer noopener\">nuevo acuerdo de seguridad con Australia<\/a>\u00a0, aunque destinado a reforzar la seguridad en el Pac\u00edfico,\u00a0<a href=\"https:\/\/www.wsj.com\/articles\/u-s-spat-with-france-shows-challenge-of-keeping-allies-unified-11632082796?mod=article_inline\" target=\"_blank\" rel=\"noreferrer noopener\">llev\u00f3 a Francia a retirar temporalmente a su embajador<\/a>\u00a0en protesta.\u00a0Biden eventualmente arregl\u00f3 la relaci\u00f3n con el aliado m\u00e1s antiguo de la naci\u00f3n.<\/p>\n\n\n\n<p><a href=\"https:\/\/www.wsj.com\/video\/series\/on-the-news\/biden-warns-russia-of-disaster-if-it-invades-ukraine\/2ED4610C-0AD6-4128-B95D-6679FB6FBEBA\">https:\/\/www.wsj.com\/video\/series\/on-the-news\/biden-warns-russia-of-disaster-if-it-invades-ukraine\/2ED4610C-0AD6-4128-B95D-6679FB6FBEBA<\/a><\/p>\n\n\n\n<p>Estados Unidos est\u00e1 lidiando con una Rusia m\u00e1s agresiva, que est\u00e1&nbsp;<a href=\"https:\/\/www.wsj.com\/articles\/russias-military-buildup-near-ukraine-is-an-open-secret-11641292202?mod=article_inline\" target=\"_blank\" rel=\"noreferrer noopener\">concentrando tropas en la frontera con Ucrania<\/a>&nbsp;.&nbsp;La administraci\u00f3n Biden ha amenazado al presidente ruso,&nbsp;<a href=\"https:\/\/www.wsj.com\/topics\/person\/vladimir-putin\">Vladimir Putin,<\/a>&nbsp;con&nbsp;<a href=\"https:\/\/www.wsj.com\/articles\/u-s-eyes-financial-targeted-tech-sanctions-as-talks-begin-with-russia-11641736802?mod=article_inline\" target=\"_blank\" rel=\"noreferrer noopener\">amplias sanciones si Mosc\u00fa invade Ucrania<\/a>&nbsp;, pero ha expresado su esperanza de que los esfuerzos diplom\u00e1ticos puedan evitar una mayor escalada.&nbsp;Hasta ahora, no lo han hecho.<\/p>\n\n\n\n<p>Despu\u00e9s de una tensa reuni\u00f3n inicial en Alaska entre sus ministros de Relaciones Exteriores, EE. UU. ha buscado&nbsp;<a href=\"https:\/\/www.wsj.com\/articles\/biden-xi-teams-set-modest-hopes-for-monday-talks-11636970400?mod=article_inline\" target=\"_blank\" rel=\"noreferrer noopener\">\u00e1reas para trabajar con China<\/a>&nbsp;, sobre todo en el cambio clim\u00e1tico, pero sigue existiendo una larga lista de diferencias sobre derechos humanos, comercio y tecnolog\u00eda.&nbsp;Washington tambi\u00e9n busca fortalecer&nbsp;<a href=\"https:\/\/www.wsj.com\/articles\/subsidies-chips-china-state-aid-biden-11627565906?mod=article_inline\" target=\"_blank\" rel=\"noreferrer noopener\">la industria de semiconductores de EE. UU.<\/a>&nbsp;con la esperanza de contrarrestar econ\u00f3micamente a China.<\/p>\n\n\n\n<figure class=\"wp-block-image\"><img decoding=\"async\" src=\"https:\/\/images.wsj.net\/im-470194?width=1260&amp;height=840\" alt=\"\" title=\"\"\/><figcaption>Propuestas como cr\u00e9ditos fiscales para energ\u00eda renovable en el paquete de gasto social del presidente Biden siguen estancadas en el Congreso.FOTO:&nbsp;EVAN VUCCI\/PRENSA ASOCIADA<\/figcaption><\/figure>\n\n\n\n<h6 class=\"wp-block-heading\">Cambio clim\u00e1tico<\/h6>\n\n\n\n<p>\u201cPodemos, y lo haremos, lidiar con el cambio clim\u00e1tico.&nbsp;No es solo una crisis, es una gran oportunidad\u201d, dijo Biden en la Convenci\u00f3n Nacional Dem\u00f3crata en agosto de 2020.<\/p>\n\n\n\n<p>El Sr. Biden se&nbsp;<a href=\"https:\/\/www.wsj.com\/articles\/u-s-officially-rejoins-paris-climate-agreement-11613747961?mod=article_inline\" target=\"_blank\" rel=\"noreferrer noopener\">movi\u00f3 para volver a unirse al acuerdo clim\u00e1tico de Par\u00eds<\/a>&nbsp;y comenz\u00f3 a buscar medidas regulatorias contra los productores de petr\u00f3leo y gas y otras fuentes de emisiones de gases de efecto invernadero.&nbsp;Pero algunas de sus medidas clim\u00e1ticas m\u00e1s importantes permanecen en el limbo como parte de su propuesta de gasto social y clim\u00e1tico de aproximadamente $ 2 billones en el Congreso, poniendo en riesgo su capacidad para alcanzar la meta de reducir las emisiones de EE. UU. Entre un 50% y un 52% por debajo de los niveles de 2005 para 2030.<\/p>\n\n\n\n<p><a href=\"https:\/\/www.wsj.com\/articles\/cop26-glasgow-climate-summit-2021-11611254971?mod=article_inline\" target=\"_blank\" rel=\"noreferrer noopener\">Estados Unidos ayud\u00f3 a forjar un acuerdo entre m\u00e1s de 190 naciones para reducir las emisiones durante las conversaciones clim\u00e1ticas<\/a>&nbsp;de las Naciones Unidas en Glasgow&nbsp;el oto\u00f1o pasado.&nbsp;Pero el acuerdo no incluy\u00f3 ning\u00fan mecanismo de aplicaci\u00f3n y esencialmente se bas\u00f3 en que las naciones individuales actuaran por su cuenta para&nbsp;<a href=\"https:\/\/www.wsj.com\/articles\/cop26-climate-deal-shows-fragility-of-new-emissions-cutting-pledge-11636920631?mod=article_inline\" target=\"_blank\" rel=\"noreferrer noopener\">reducir las emisiones<\/a>&nbsp;.<\/p>\n\n\n\n<p>La ley de infraestructura de 2021 conten\u00eda medidas relacionadas con el clima, incluidas medidas para reforzar el transporte y el almacenamiento de di\u00f3xido de carbono.&nbsp;Pero la propuesta de gasto social estancada contiene cosas como cr\u00e9ditos fiscales para energ\u00eda renovable, eficiencia energ\u00e9tica y veh\u00edculos el\u00e9ctricos, y formas de reforzar las cadenas de suministro para tecnolog\u00eda de energ\u00eda renovable y esfuerzos para aumentar la resiliencia al cambio clim\u00e1tico.<\/p>\n\n\n\n<p>Los reguladores financieros, encabezados por la secretaria del Tesoro, Janet Yellen, han adoptado&nbsp;<a href=\"https:\/\/www.wsj.com\/articles\/janet-yellen-walks-political-tightrope-to-deliver-on-bidens-climate-promises-11639310403?mod=article_inline\" target=\"_blank\" rel=\"noreferrer noopener\">una postura m\u00e1s activa sobre los problemas clim\u00e1ticos<\/a>&nbsp;durante el mandato de Biden.&nbsp;En octubre pasado, los reguladores designaron formalmente al cambio clim\u00e1tico como un riesgo emergente y creciente para la estabilidad financiera de EE. UU., y varias agencias est\u00e1n implementando medidas que impulsar\u00edan a los bancos y empresas a modelar, administrar y divulgar p\u00fablicamente los riesgos financieros relacionados con el cambio clim\u00e1tico.<\/p>\n\n\n\n<p>Muchos republicanos y defensores de la industria dicen que los reguladores financieros no deber\u00edan involucrarse demasiado en la pol\u00edtica ambiental.&nbsp;Los dem\u00f3cratas progresistas quieren una acci\u00f3n audaz y r\u00e1pida.<\/p>\n\n\n\n<figure class=\"wp-block-image\"><img decoding=\"async\" src=\"https:\/\/images.wsj.net\/im-470201?width=1260&amp;height=840\" alt=\"\" title=\"\"\/><figcaption>Dos senadores dem\u00f3cratas clave han dicho que no apoyar\u00e1n un cambio en las reglas del Senado para aprobar la legislaci\u00f3n electoral, lo que probablemente sea un golpe mortal.FOTO:&nbsp;ALLISON BAILEY\/ZUMA PRESS<\/figcaption><\/figure>\n\n\n\n<h6 class=\"wp-block-heading\">Prioridades del partido<\/h6>\n\n\n\n<p>\u201c\u00bfCumpliremos con nuestras obligaciones y dejaremos un mundo nuevo y mejor para nuestros hijos?&nbsp;Creo que debemos y creo que lo haremos\u201d, dijo Biden en su discurso inaugural.<\/p>\n\n\n\n<p>La incapacidad del Sr. Biden para obtener un apoyo dem\u00f3crata unificado, en medio de las tensiones entre los moderados y los progresistas de su partido, para su plan clim\u00e1tico y de gasto social ha estancado algunas promesas clave de la campa\u00f1a, como financiar el preescolar p\u00fablico para todos los ni\u00f1os de 3 y 4 a\u00f1os.&nbsp;En muchas otras prioridades del partido, como las leyes de armas y el aborto, ha tomado medidas ejecutivas, pero no ha podido aprobar una legislaci\u00f3n que haga cambios m\u00e1s radicales y permanentes.<\/p>\n\n\n\n<p>Algunas de las promesas de campa\u00f1a del Sr. Biden, incluida la extensi\u00f3n de la licencia familiar pagada a m\u00e1s estadounidenses y la financiaci\u00f3n de dos a\u00f1os de universidades comunitarias gratuitas, se eliminaron del paquete de gastos sociales en&nbsp;<a href=\"https:\/\/www.wsj.com\/articles\/manchin-says-he-won-t-vote-for-build-back-better-bill-11639924048?mod=article_inline\" target=\"_blank\" rel=\"noreferrer noopener\">un esfuerzo finalmente infructuoso por ganar el apoyo<\/a>&nbsp;del senador Joe Manchin (D., W.Va.) y no han sido revividos.<\/p>\n\n\n\n<p>Biden tambi\u00e9n ha hecho de las leyes electorales federales una prioridad m\u00e1xima, ya que los dem\u00f3cratas dicen que se necesitan cambios para proteger el acceso de los votantes a las urnas.&nbsp;Los republicanos dicen que los esfuerzos son una extralimitaci\u00f3n federal pol\u00edticamente motivada en asuntos que es mejor dejar en manos de los estados.&nbsp;La semana pasada, la senadora Kyrsten Sinema (D., Ariz.) y el Sr. Manchin dijeron que no apoyar\u00edan cambiar el umbral de 60 votos del Senado para sortear la oposici\u00f3n republicana,&nbsp;<a href=\"https:\/\/www.wsj.com\/articles\/senate-democrats-brace-for-defeat-on-elections-bill-filibuster-changes-11642617597?mod=article_inline\" target=\"_blank\" rel=\"noreferrer noopener\">lo que probablemente asestar\u00eda un golpe mortal a la legislaci\u00f3n electoral<\/a>&nbsp;.<\/p>\n\n\n\n<figure class=\"wp-block-image\"><img decoding=\"async\" src=\"https:\/\/images.wsj.net\/im-470208?width=700&amp;height=467\" alt=\"\" title=\"\"\/><figcaption>El presidente Biden ha mantenido e incluso recuperado muchas de las pol\u00edticas fronterizas contra las que hizo campa\u00f1a.FOTO:&nbsp;VER\u00d3NICA G. C\u00c1RDENAS PARA THE WALL STREET JOURNAL<\/figcaption><\/figure>\n\n\n\n<p>En materia de inmigraci\u00f3n, Biden asumi\u00f3 el cargo prometiendo deshacer gran parte de las pol\u00edticas de su predecesor.&nbsp;Pero ha mantenido e incluso recuperado muchas de las pol\u00edticas fronterizas contra las que hizo campa\u00f1a.&nbsp;Al mismo tiempo, el Sr. Biden ha presidido un sistema de inmigraci\u00f3n legal que a\u00fan funciona a capacidad reducida y acumula una acumulaci\u00f3n sin precedentes de solicitudes de inmigraci\u00f3n y casos judiciales pendientes.<\/p>\n\n\n\n<p>Su propuesta de presupuesto del plan presupuestario&nbsp;<a href=\"https:\/\/www.wsj.com\/articles\/biden-budget-plan-would-remove-ban-on-federal-funds-for-abortion-11622231319?mod=article_inline\" target=\"_blank\" rel=\"noreferrer noopener\">elimina el lenguaje que proh\u00edbe el uso de d\u00f3lares federales para abortos<\/a>&nbsp;en la mayor\u00eda de los casos, como prometi\u00f3 hacer en la campa\u00f1a electoral.&nbsp;Pero una ley que codifica el derecho al aborto no ha avanzado, ya que el acceso al aborto enfrenta nuevas restricciones en todo el pa\u00eds y la Corte Suprema analiza un caso que podr\u00eda socavar las protecciones federales contra el aborto.<\/p>\n\n\n\n<p>El Sr. Biden&nbsp;<a href=\"https:\/\/www.wsj.com\/articles\/biden-extends-student-loan-payment-pause-another-90-days-11640195739?mod=article_inline\" target=\"_blank\" rel=\"noreferrer noopener\">ha extendido una pausa en los pagos de pr\u00e9stamos estudiantiles<\/a>&nbsp;y ha emprendido un esfuerzo gradual para eliminar los pr\u00e9stamos estudiantiles, pero la promesa de perdonar al menos $ 10,000 en deuda estudiantil por persona sigue sin cumplirse.<\/p>\n\n\n\n<p>\u2014Michelle Hackman y Amara Omeokwe contribuyeron a este art\u00edculo.<\/p>\n\n\n\n<p><strong>Escriba a<\/strong>&nbsp;Catherine Lucey a&nbsp;<a href=\"mailto:catherine.lucey@wsj.com\" target=\"_blank\" rel=\"noreferrer noopener\">catherine.lucey@wsj.com<\/a>&nbsp;y a Ken Thomas a&nbsp;<a href=\"mailto:ken.thomas@wsj.com\" target=\"_blank\" rel=\"noreferrer noopener\">ken.thomas@wsj.com<\/a><\/p>\n\n\n\n<p>Copyright \u00a92022 Dow Jones &amp; Company, Inc. Todos los derechos reservados.&nbsp;87990cbe856818d5eddac44c7b1cdeb8<\/p>\n\n\n\n<p>Apareci\u00f3 en la edici\u00f3n impresa del 20 de enero de 2022 como &#8216;One Year In, Biden Tallies Hits, Misses&#8217;.<\/p>\n\n\n\n<p>Fuente: https:\/\/www.wsj.com\/articles\/bidens-first-year-the-goals-he-hit-and-the-ones-he-missed-11642654864?mod=hp_lead_pos5<\/p>\n","protected":false},"excerpt":{"rendered":"<p>El presidente obtuvo billones en gastos a trav\u00e9s del Congreso, pero no pudo cumplir con algunas de sus principales prioridades [&hellip;]<\/p>\n","protected":false},"author":1,"featured_media":19647,"comment_status":"open","ping_status":"open","sticky":false,"template":"","format":"standard","meta":{"site-sidebar-layout":"default","site-content-layout":"","ast-site-content-layout":"default","site-content-style":"default","site-sidebar-style":"default","ast-global-header-display":"","ast-banner-title-visibility":"","ast-main-header-display":"","ast-hfb-above-header-display":"","ast-hfb-below-header-display":"","ast-hfb-mobile-header-display":"","site-post-title":"","ast-breadcrumbs-content":"","ast-featured-img":"","footer-sml-layout":"","theme-transparent-header-meta":"","adv-header-id-meta":"","stick-header-meta":"","header-above-stick-meta":"","header-main-stick-meta":"","header-below-stick-meta":"","astra-migrate-meta-layouts":"default","ast-page-background-enabled":"default","ast-page-background-meta":{"desktop":{"background-color":"var(--ast-global-color-4)","background-image":"","background-repeat":"repeat","background-position":"center center","background-size":"auto","background-attachment":"scroll","background-type":"","background-media":"","overlay-type":"","overlay-color":"","overlay-opacity":"","overlay-gradient":""},"tablet":{"background-color":"","background-image":"","background-repeat":"repeat","background-position":"center center","background-size":"auto","background-attachment":"scroll","background-type":"","background-media":"","overlay-type":"","overlay-color":"","overlay-opacity":"","overlay-gradient":""},"mobile":{"background-color":"","background-image":"","background-repeat":"repeat","background-position":"center center","background-size":"auto","background-attachment":"scroll","background-type":"","background-media":"","overlay-type":"","overlay-color":"","overlay-opacity":"","overlay-gradient":""}},"ast-content-background-meta":{"desktop":{"background-color":"var(--ast-global-color-5)","background-image":"","background-repeat":"repeat","background-position":"center center","background-size":"auto","background-attachment":"scroll","background-type":"","background-media":"","overlay-type":"","overlay-color":"","overlay-opacity":"","overlay-gradient":""},"tablet":{"background-color":"var(--ast-global-color-5)","background-image":"","background-repeat":"repeat","background-position":"center center","background-size":"auto","background-attachment":"scroll","background-type":"","background-media":"","overlay-type":"","overlay-color":"","overlay-opacity":"","overlay-gradient":""},"mobile":{"background-color":"var(--ast-global-color-5)","background-image":"","background-repeat":"repeat","background-position":"center center","background-size":"auto","background-attachment":"scroll","background-type":"","background-media":"","overlay-type":"","overlay-color":"","overlay-opacity":"","overlay-gradient":""}},"footnotes":""},"categories":[8],"tags":[696],"class_list":["post-19646","post","type-post","status-publish","format-standard","has-post-thumbnail","hentry","category-noticias","tag-joe-biden"],"_links":{"self":[{"href":"https:\/\/losperiodistas.com.mx\/portal\/wp-json\/wp\/v2\/posts\/19646","targetHints":{"allow":["GET"]}}],"collection":[{"href":"https:\/\/losperiodistas.com.mx\/portal\/wp-json\/wp\/v2\/posts"}],"about":[{"href":"https:\/\/losperiodistas.com.mx\/portal\/wp-json\/wp\/v2\/types\/post"}],"author":[{"embeddable":true,"href":"https:\/\/losperiodistas.com.mx\/portal\/wp-json\/wp\/v2\/users\/1"}],"replies":[{"embeddable":true,"href":"https:\/\/losperiodistas.com.mx\/portal\/wp-json\/wp\/v2\/comments?post=19646"}],"version-history":[{"count":1,"href":"https:\/\/losperiodistas.com.mx\/portal\/wp-json\/wp\/v2\/posts\/19646\/revisions"}],"predecessor-version":[{"id":19649,"href":"https:\/\/losperiodistas.com.mx\/portal\/wp-json\/wp\/v2\/posts\/19646\/revisions\/19649"}],"wp:featuredmedia":[{"embeddable":true,"href":"https:\/\/losperiodistas.com.mx\/portal\/wp-json\/wp\/v2\/media\/19647"}],"wp:attachment":[{"href":"https:\/\/losperiodistas.com.mx\/portal\/wp-json\/wp\/v2\/media?parent=19646"}],"wp:term":[{"taxonomy":"category","embeddable":true,"href":"https:\/\/losperiodistas.com.mx\/portal\/wp-json\/wp\/v2\/categories?post=19646"},{"taxonomy":"post_tag","embeddable":true,"href":"https:\/\/losperiodistas.com.mx\/portal\/wp-json\/wp\/v2\/tags?post=19646"}],"curies":[{"name":"wp","href":"https:\/\/api.w.org\/{rel}","templated":true}]}}