{"id":19643,"date":"2022-01-20T04:56:32","date_gmt":"2022-01-20T10:56:32","guid":{"rendered":"http:\/\/losperiodistas.com.mx\/portal\/?p=19643"},"modified":"2022-01-20T04:56:33","modified_gmt":"2022-01-20T10:56:33","slug":"para-cumplir-con-los-plazos-de-amlo-el-tren-maya-ya-no-entrara-a-playa-del-carmen-proceso","status":"publish","type":"post","link":"https:\/\/losperiodistas.com.mx\/portal\/para-cumplir-con-los-plazos-de-amlo-el-tren-maya-ya-no-entrara-a-playa-del-carmen-proceso\/","title":{"rendered":"Para cumplir con los plazos de AMLO, el Tren Maya ya no entrar\u00e1 a Playa del Carmen | Proceso"},"content":{"rendered":"\n<p style=\"font-size:18px\"><em>El director del Fonatur anunci\u00f3 que el Tren Maya ya no ingresar\u00e1 a la zona urbana de Playa del Carmen ni ser\u00e1 elevado para cumplir con el plazo prometido por el presidente. Entre las obras ya realizadas est\u00e1 la tala de 20 mil \u00e1rboles.<\/em><\/p>\n\n\n\n<p><\/p>\n\n\n\n<figure class=\"wp-block-image size-large\"><img fetchpriority=\"high\" decoding=\"async\" width=\"1024\" height=\"572\" src=\"https:\/\/losperiodistas.com.mx\/portal\/wp-content\/uploads\/2022\/01\/Captura-de-Pantalla-2022-01-20-a-las-4.51.53-1024x572.jpg\" alt=\"\" class=\"wp-image-19644\" srcset=\"https:\/\/losperiodistas.com.mx\/portal\/wp-content\/uploads\/2022\/01\/Captura-de-Pantalla-2022-01-20-a-las-4.51.53-1024x572.jpg 1024w, https:\/\/losperiodistas.com.mx\/portal\/wp-content\/uploads\/2022\/01\/Captura-de-Pantalla-2022-01-20-a-las-4.51.53-300x167.jpg 300w, https:\/\/losperiodistas.com.mx\/portal\/wp-content\/uploads\/2022\/01\/Captura-de-Pantalla-2022-01-20-a-las-4.51.53-768x429.jpg 768w, https:\/\/losperiodistas.com.mx\/portal\/wp-content\/uploads\/2022\/01\/Captura-de-Pantalla-2022-01-20-a-las-4.51.53-1536x858.jpg 1536w, https:\/\/losperiodistas.com.mx\/portal\/wp-content\/uploads\/2022\/01\/Captura-de-Pantalla-2022-01-20-a-las-4.51.53.jpg 1766w\" sizes=\"(max-width: 1024px) 100vw, 1024px\" \/><figcaption>El tramo 5 del Tren Maya contemplaba un viaducto elevado. Foto: Tren Maya<\/figcaption><\/figure>\n\n\n\n<p><\/p>\n\n\n\n<p class=\"has-vivid-cyan-blue-color has-text-color has-medium-font-size\">ROSA SANTANA \/ REVISTA PROCESO<\/p>\n\n\n\n<p>CANC\u00daN, Q. Roo. (apro).\u2013 El nuevo director general del Fondo Nacional de Fomento al Turismo (Fonatur), Javier May Rodr\u00edguez, anunci\u00f3 este mi\u00e9rcoles una nueva modificaci\u00f3n al trazo del tramo 5 del Tren Maya, de modo que ya no entrar\u00e1 a Playa del Carmen ni la v\u00eda ser\u00e1 elevada, sino a ras de tierra, lo que garantizar\u00e1 la terminaci\u00f3n de la obra en el plazo comprometido. &nbsp;<\/p>\n\n\n\n<p>\u201cEl tren va a ras de tierra, no se va a elevar y no va a tocar la zona urbana; esta estrategia, esta decisi\u00f3n nos permite que la obra se va a concluir en el tiempo que fij\u00f3 el presidente\u201d, sostuvo.&nbsp;<\/p>\n\n\n\n<h5 class=\"wp-block-heading\">NOTICIAS RELACIONADAS<\/h5>\n\n\n\n<ul class=\"wp-block-list\"><li><a href=\"https:\/\/www.proceso.com.mx\/nacional\/estados\/2022\/1\/17\/inician-expropiacion-de-198-predios-de-cancun-donde-correra-el-tren-maya-279234.html\">Inician expropiaci\u00f3n de 198 predios de Canc\u00fan donde correr\u00e1 el Tren Maya<\/a><\/li><li><a href=\"https:\/\/www.proceso.com.mx\/nacional\/2022\/1\/12\/segob-asegura-que-titular-del-fonatur-no-necesita-ser-ingeniero-para-coordinar-labores-del-tren-maya-278940.html\">Segob asegura que titular del Fonatur no necesita ser ingeniero para coordinar labores del Tren Maya<\/a><\/li><li><a href=\"https:\/\/www.proceso.com.mx\/nacional\/2022\/1\/11\/ruptura-en-el-fonatur-amlo-deja-tren-maya-javier-may-jimenez-pons-es-desplazado-278896.html\">Ruptura en el Fonatur: AMLO deja Tren Maya a Javier May; Jim\u00e9nez Pons es desplazado<\/a><\/li><li><a href=\"https:\/\/www.proceso.com.mx\/nacional\/2022\/1\/5\/amlo-pide-hoteleros-respaldar-nuevo-trazo-del-tren-maya-no-les-afectara-dice-278577.html\">AMLO pide a hoteleros respaldar nuevo trazo del Tren Maya; no les afectar\u00e1, dice<\/a><\/li><\/ul>\n\n\n\n<p>En conferencia de prensa conjunta con el secretario de Desarrollo Agrario, Territorial y Urbano (Sedatu), Rom\u00e1n Meyer Falc\u00f3n, May Rodr\u00edguez inform\u00f3 la suspensi\u00f3n \u201cinmediata\u201d de los trabajos que se realizaban en el centro de Playa del Carmen, porque la ruta ya no tocar\u00e1 la zona urbana.&nbsp;<\/p>\n\n\n\n<p>La justificaci\u00f3n que dio es la afectaci\u00f3n que las obras provocaban al tr\u00e1nsito vehicular, y dijo que pr\u00f3ximamente se dar\u00e1 a conocer el nuevo proyecto \u201cdefinitivo\u201d para el tramo 5 del Tren Maya, que corre de Canc\u00fan a Tulum, para lo cual se est\u00e1n haciendo los levantamientos topogr\u00e1ficos del nuevo tramo.&nbsp;<\/p>\n\n\n\n<p>Cuestionados sobre los 20 mil \u00e1rboles que fueron derribados para cumplir con el trazo inicial de la obra, Rom\u00e1n Meyer Falc\u00f3n respondi\u00f3 que, en su opini\u00f3n, no fue en balde, e insisti\u00f3 en que el cambio de trazo ser\u00e1 para no afectar a los habitantes y reducir los tiempos.<\/p>\n\n\n\n<figure class=\"wp-block-embed is-type-rich is-provider-twitter wp-block-embed-twitter\"><div class=\"wp-block-embed__wrapper\">\nhttps:\/\/twitter.com\/AXL__tw\/status\/1483942548712431617?ref_src=twsrc%5Etfw%7Ctwcamp%5Etweetembed%7Ctwterm%5E1483942548712431617%7Ctwgr%5E%7Ctwcon%5Es1_c10&#038;ref_url=https%3A%2F%2Fwww.proceso.com.mx%2Fnacional%2Festados%2F2022%2F1%2F19%2Fpara-cumplir-con-los-plazos-de-amlo-el-tren-maya-ya-no-entrara-playa-del-carmen-279433.html\n<\/div><\/figure>\n\n\n\n<h2 class=\"wp-block-heading\">Necesitar\u00e1n 198 inmuebles particulares<\/h2>\n\n\n\n<p>Por su parte, Meyer Falc\u00f3n coment\u00f3 que 198 inmuebles particulares que el gobierno federal requiere para el Tren Maya est\u00e1n en proceso de notificaci\u00f3n a sus propietarios, lo que, en su opini\u00f3n, \u201cno quiere decir que los predios que se les notifican en una primera instancia se vayan a expropiar\u201d.&nbsp;<\/p>\n\n\n\n<p>A\u00f1adi\u00f3 que la intenci\u00f3n es que la expropiaci\u00f3n se haga de manera concertada y asegur\u00f3 que ya est\u00e1n avanzadas las pl\u00e1ticas con los propietarios que ser\u00e1n afectados. &nbsp;<\/p>\n\n\n\n<p>\u201cEs un proceso administrativo, no es un proceso de definici\u00f3n final que vayan a ser afectados, y en los pr\u00f3ximos d\u00edas se estar\u00e1n llevando a cabo los levantamientos topogr\u00e1ficos (\u2026) buscando que haya una menor afectaci\u00f3n posible sobre las zonas urbanas\u201d, expuso.<\/p>\n\n\n\n<figure class=\"wp-block-embed is-type-rich is-provider-twitter wp-block-embed-twitter\"><div class=\"wp-block-embed__wrapper\">\n<blockquote class=\"twitter-tweet\" data-width=\"500\" data-dnt=\"true\"><p lang=\"es\" dir=\"ltr\">La obra del <a href=\"https:\/\/twitter.com\/hashtag\/TrenMaya?src=hash&amp;ref_src=twsrc%5Etfw\">#TrenMaya<\/a> estar\u00e1 en el tiempo previsto para 2023. Hoy informamos con mi compa\u00f1ero <a href=\"https:\/\/twitter.com\/MeyerFalcon?ref_src=twsrc%5Etfw\">@MeyerFalcon<\/a> que de Canc\u00fan a Tulum el Tren no ser\u00e1 elevado ni afectar\u00e1 \u00e1rea urbana de Playa del Carmen, y que la adquisici\u00f3n de terrenos es en acuerdo con propietarios. <a href=\"https:\/\/t.co\/ogs8arCXPz\">pic.twitter.com\/ogs8arCXPz<\/a><\/p>&mdash; JAVIER MAY (@TabascoJavier) <a href=\"https:\/\/twitter.com\/TabascoJavier\/status\/1484003698783268866?ref_src=twsrc%5Etfw\">January 20, 2022<\/a><\/blockquote><script async src=\"https:\/\/platform.twitter.com\/widgets.js\" charset=\"utf-8\"><\/script>\n<\/div><\/figure>\n\n\n\n<p>Fuente: https:\/\/www.proceso.com.mx\/nacional\/estados\/2022\/1\/19\/para-cumplir-con-los-plazos-de-amlo-el-tren-maya-ya-no-entrara-playa-del-carmen-279433.html<\/p>\n","protected":false},"excerpt":{"rendered":"<p>El director del Fonatur anunci\u00f3 que el Tren Maya ya no ingresar\u00e1 a la zona urbana de Playa del Carmen [&hellip;]<\/p>\n","protected":false},"author":1,"featured_media":19644,"comment_status":"open","ping_status":"open","sticky":false,"template":"","format":"standard","meta":{"site-sidebar-layout":"default","site-content-layout":"","ast-site-content-layout":"default","site-content-style":"default","site-sidebar-style":"default","ast-global-header-display":"","ast-banner-title-visibility":"","ast-main-header-display":"","ast-hfb-above-header-display":"","ast-hfb-below-header-display":"","ast-hfb-mobile-header-display":"","site-post-title":"","ast-breadcrumbs-content":"","ast-featured-img":"","footer-sml-layout":"","theme-transparent-header-meta":"","adv-header-id-meta":"","stick-header-meta":"","header-above-stick-meta":"","header-main-stick-meta":"","header-below-stick-meta":"","astra-migrate-meta-layouts":"default","ast-page-background-enabled":"default","ast-page-background-meta":{"desktop":{"background-color":"var(--ast-global-color-4)","background-image":"","background-repeat":"repeat","background-position":"center center","background-size":"auto","background-attachment":"scroll","background-type":"","background-media":"","overlay-type":"","overlay-color":"","overlay-opacity":"","overlay-gradient":""},"tablet":{"background-color":"","background-image":"","background-repeat":"repeat","background-position":"center center","background-size":"auto","background-attachment":"scroll","background-type":"","background-media":"","overlay-type":"","overlay-color":"","overlay-opacity":"","overlay-gradient":""},"mobile":{"background-color":"","background-image":"","background-repeat":"repeat","background-position":"center center","background-size":"auto","background-attachment":"scroll","background-type":"","background-media":"","overlay-type":"","overlay-color":"","overlay-opacity":"","overlay-gradient":""}},"ast-content-background-meta":{"desktop":{"background-color":"var(--ast-global-color-5)","background-image":"","background-repeat":"repeat","background-position":"center center","background-size":"auto","background-attachment":"scroll","background-type":"","background-media":"","overlay-type":"","overlay-color":"","overlay-opacity":"","overlay-gradient":""},"tablet":{"background-color":"var(--ast-global-color-5)","background-image":"","background-repeat":"repeat","background-position":"center center","background-size":"auto","background-attachment":"scroll","background-type":"","background-media":"","overlay-type":"","overlay-color":"","overlay-opacity":"","overlay-gradient":""},"mobile":{"background-color":"var(--ast-global-color-5)","background-image":"","background-repeat":"repeat","background-position":"center center","background-size":"auto","background-attachment":"scroll","background-type":"","background-media":"","overlay-type":"","overlay-color":"","overlay-opacity":"","overlay-gradient":""}},"footnotes":""},"categories":[8],"tags":[7060,1710,6853,1325],"class_list":["post-19643","post","type-post","status-publish","format-standard","has-post-thumbnail","hentry","category-noticias","tag-ciudad-del-carmen","tag-fonatur","tag-javier-may","tag-tren-maya"],"_links":{"self":[{"href":"https:\/\/losperiodistas.com.mx\/portal\/wp-json\/wp\/v2\/posts\/19643","targetHints":{"allow":["GET"]}}],"collection":[{"href":"https:\/\/losperiodistas.com.mx\/portal\/wp-json\/wp\/v2\/posts"}],"about":[{"href":"https:\/\/losperiodistas.com.mx\/portal\/wp-json\/wp\/v2\/types\/post"}],"author":[{"embeddable":true,"href":"https:\/\/losperiodistas.com.mx\/portal\/wp-json\/wp\/v2\/users\/1"}],"replies":[{"embeddable":true,"href":"https:\/\/losperiodistas.com.mx\/portal\/wp-json\/wp\/v2\/comments?post=19643"}],"version-history":[{"count":1,"href":"https:\/\/losperiodistas.com.mx\/portal\/wp-json\/wp\/v2\/posts\/19643\/revisions"}],"predecessor-version":[{"id":19645,"href":"https:\/\/losperiodistas.com.mx\/portal\/wp-json\/wp\/v2\/posts\/19643\/revisions\/19645"}],"wp:featuredmedia":[{"embeddable":true,"href":"https:\/\/losperiodistas.com.mx\/portal\/wp-json\/wp\/v2\/media\/19644"}],"wp:attachment":[{"href":"https:\/\/losperiodistas.com.mx\/portal\/wp-json\/wp\/v2\/media?parent=19643"}],"wp:term":[{"taxonomy":"category","embeddable":true,"href":"https:\/\/losperiodistas.com.mx\/portal\/wp-json\/wp\/v2\/categories?post=19643"},{"taxonomy":"post_tag","embeddable":true,"href":"https:\/\/losperiodistas.com.mx\/portal\/wp-json\/wp\/v2\/tags?post=19643"}],"curies":[{"name":"wp","href":"https:\/\/api.w.org\/{rel}","templated":true}]}}