{"id":1959,"date":"2020-12-05T08:54:20","date_gmt":"2020-12-05T14:54:20","guid":{"rendered":"http:\/\/losperiodistas.com.mx\/portal\/?p=1959"},"modified":"2020-12-05T08:54:20","modified_gmt":"2020-12-05T14:54:20","slug":"envia-barbosa-iniciativa-para-regularizar-predios-rusticos-urbanos-y-suburbanos","status":"publish","type":"post","link":"https:\/\/losperiodistas.com.mx\/portal\/envia-barbosa-iniciativa-para-regularizar-predios-rusticos-urbanos-y-suburbanos\/","title":{"rendered":"Env\u00eda Barbosa iniciativa para regularizar predios r\u00fasticos, urbanos y suburbanos"},"content":{"rendered":"\n<p style=\"font-size:18px\"><em>El documento se\u00f1ala que los interesados que posean dos o m\u00e1s predios r\u00fasticos, sin escrituras o t\u00edtulo de propiedad, solo podr\u00e1n tramitar la regularizaci\u00f3n de uno<\/em><\/p>\n\n\n\n<p class=\"has-vivid-cyan-blue-color has-text-color has-medium-font-size\">BERENICE MART\u00cdNEZ\/ EL SOL DE PUEBLA<\/p>\n\n\n\n<p>El gobernador Luis Miguel Barbosa Huerta envi\u00f3 al Congreso local una iniciativa mediante la cual se expide la Ley para la Regularizaci\u00f3n de Predios R\u00fasticos, Urbanos y Suburbanos en el R\u00e9gimen de Propiedad Privada del Estado de Puebla.<\/p>\n\n\n\n<p>El objeto es otorgar seguridad jur\u00eddica a los posesionarios de predios r\u00fasticos, urbanos y suburbanos de lotes y viviendas en colonias populares, de inter\u00e9s social y de escasos recursos, mediante el otorgamiento de la documentaci\u00f3n necesaria para acreditar la propiedad, consolidando el patrimonio familiar, as\u00ed como otorgar certeza jur\u00eddica a los predios destinados al servicio p\u00fablico en la entidad.<\/p>\n\n\n\n<p>La iniciativa que est\u00e1 en estudio de las comisiones de Asuntos Municipales y de Desarrollo Urbano, se\u00f1ala que para efectos de esta ley se deber\u00e1 promover, proteger y garantizar a la poblaci\u00f3n los derechos reconocidos en la Constituci\u00f3n federal, as\u00ed como en los tratados internacionales en materia de propiedad privada.<\/p>\n\n\n\n<p><a href=\"https:\/\/www.elsoldepuebla.com.mx\/local\/\">LOCAL<\/a><\/p>\n\n\n\n<figure class=\"wp-block-image\"><a href=\"https:\/\/www.elsoldepuebla.com.mx\/local\/este-es-el-nuevo-protocolo-de-cierre-de-negocios-para-contener-la-pandemia-en-puebla-covid19-coronavirus-salud-barbosa-reactivacion-economica-sars-cov2-6094681.html\"><img decoding=\"async\" src=\"https:\/\/www.elsoldepuebla.com.mx\/incoming\/x1nb45-restaurantes\/alternates\/LANDSCAPE_200\/RESTAURANTES\" alt=\"\" title=\"RESTAURANTES\"\/><\/a><\/figure>\n\n\n\n<h4 class=\"wp-block-heading\"><a href=\"https:\/\/www.elsoldepuebla.com.mx\/local\/este-es-el-nuevo-protocolo-de-cierre-de-negocios-para-contener-la-pandemia-en-puebla-covid19-coronavirus-salud-barbosa-reactivacion-economica-sars-cov2-6094681.html\">Este es el nuevo protocolo de cierre de negocios para contener la pandemia en Puebla<\/a><\/h4>\n\n\n\n<p>Se deber\u00e1n establecer las bases normativas, de procedimientos, reglas de operaci\u00f3n, programas, lineamientos y dem\u00e1s documentaci\u00f3n necesaria para la regularizaci\u00f3n de predios r\u00fasticos, urbanos, suburbanos en el r\u00e9gimen de propiedad privada dentro del estado, a fin de que sus leg\u00edtimos poseedores cuenten con un t\u00edtulo de propiedad, y predios destinados a servicios p\u00fablicos, que carezcan de documentos, previa acreditaci\u00f3n que al respecto se determine.<\/p>\n\n\n\n<p>Promover la participaci\u00f3n responsable de los posesionarios a t\u00edtulo de due\u00f1o de predios r\u00fasticos, urbanos y suburbanos en el r\u00e9gimen de propiedad privada.<\/p>\n\n\n\n<h4 class=\"wp-block-heading\"><strong>\u00bfDE QU\u00c9 SE TRATA LA LEY?<\/strong><\/h4>\n\n\n\n<p>La ley incluye los conceptos de acta circunstanciada de verificaci\u00f3n de hechos expedida por el secretario del ayuntamiento con el fin de verificar la posesi\u00f3n del interesado en calidad de due\u00f1o; acuerdo de procedencia, emitido por la Direcci\u00f3n General de Tenencia de la Tierra y Poblaci\u00f3n, y Aval\u00fao Catastral, entre otros.<\/p>\n\n\n\n<p>Las autoridades facultadas para aplicar la ley son las personas titulares o representantes de la Gubernatura, Secretar\u00eda de Gobernaci\u00f3n, Subsecretar\u00eda de Desarrollo Pol\u00edtico, Direcci\u00f3n General, ayuntamientos, Autoridad Catastral y de la Direcci\u00f3n del Registro P\u00fablico.<\/p>\n\n\n\n<p><a href=\"https:\/\/www.elsoldepuebla.com.mx\/policiaca\/\">POLICIACA<\/a><\/p>\n\n\n\n<figure class=\"wp-block-image\"><a href=\"https:\/\/www.elsoldepuebla.com.mx\/policiaca\/giran-nueva-orden-de-aprehension-contra-el-exgobernador-de-puebla-mario-marin-articulo-19-6095100.html\"><img decoding=\"async\" src=\"https:\/\/www.elsoldepuebla.com.mx\/local\/u0qbk5-mario-marin.jpg\/alternates\/LANDSCAPE_200\/mario%20mar%C3%ADn.jpg\" alt=\"\" title=\"mario mar\u00edn.jpg\"\/><\/a><\/figure>\n\n\n\n<h4 class=\"wp-block-heading\"><a href=\"https:\/\/www.elsoldepuebla.com.mx\/policiaca\/giran-nueva-orden-de-aprehension-contra-el-exgobernador-de-puebla-mario-marin-articulo-19-6095100.html\">Giran nueva orden de aprehensi\u00f3n contra el exgobernador de Puebla Mario Mar\u00edn: Art\u00edculo 19<\/a><\/h4>\n\n\n\n<p>La Secretar\u00eda de Gobernaci\u00f3n por conducto de la Subsecretar\u00eda de Desarrollo Pol\u00edtico y la Direcci\u00f3n General, elaborar\u00e1n y emitir\u00e1n las reglas de operaci\u00f3n para la implementaci\u00f3n del Programa Estatal, en las cuales se desglosar\u00e1 los requisitos que deber\u00e1n cubrir, los documentos a presentar y las acciones a realizar, por aquellos poseedores quienes deseen obtener los beneficios de la ley.<\/p>\n\n\n\n<h4 class=\"wp-block-heading\"><strong>SOLO PODR\u00c1N REGULARIZAR UN PREDIO<\/strong><\/h4>\n\n\n\n<p>El documento se\u00f1ala que los interesados que posean dos o m\u00e1s predios r\u00fasticos, sin escrituras o t\u00edtulo de propiedad, solo podr\u00e1n tramitar la regularizaci\u00f3n de uno de ellos, a menos que sumada la superficie, esta no rebase a seis hect\u00e1reas.<\/p>\n\n\n\n<p>Los predios urbanos y suburbanos deber\u00e1n estar destinados a vivienda y no podr\u00e1n exceder un valor superior a 700 mil pesos, conforme al aval\u00fao catastral correspondiente, pudiendo realizar el tr\u00e1mite de solo uno de ellos.<\/p>\n\n\n\n<p>Si el Pleno del Congreso local aprueba la iniciativa de Barbosa, se abrogar\u00e1 la Ley para la Regularizaci\u00f3n de la Propiedad Inmobiliaria del Estado de Puebla, publicada en el Peri\u00f3dico Oficial del Estado el 23 de diciembre de 2015.<\/p>\n\n\n\n<p>Fuente: https:\/\/www.elsoldepuebla.com.mx\/local\/envia-barbosa-iniciativa-para-regularizar-predios-rusticos-urbanos-y-suburbanos-congreso-de-puebla-6096660.html<\/p>\n","protected":false},"excerpt":{"rendered":"<p>El documento se\u00f1ala que los interesados que posean dos o m\u00e1s predios r\u00fasticos, sin escrituras o t\u00edtulo de propiedad, solo [&hellip;]<\/p>\n","protected":false},"author":1,"featured_media":1960,"comment_status":"open","ping_status":"open","sticky":false,"template":"","format":"standard","meta":{"site-sidebar-layout":"default","site-content-layout":"","ast-site-content-layout":"default","site-content-style":"default","site-sidebar-style":"default","ast-global-header-display":"","ast-banner-title-visibility":"","ast-main-header-display":"","ast-hfb-above-header-display":"","ast-hfb-below-header-display":"","ast-hfb-mobile-header-display":"","site-post-title":"","ast-breadcrumbs-content":"","ast-featured-img":"","footer-sml-layout":"","theme-transparent-header-meta":"","adv-header-id-meta":"","stick-header-meta":"","header-above-stick-meta":"","header-main-stick-meta":"","header-below-stick-meta":"","astra-migrate-meta-layouts":"default","ast-page-background-enabled":"default","ast-page-background-meta":{"desktop":{"background-color":"var(--ast-global-color-4)","background-image":"","background-repeat":"repeat","background-position":"center center","background-size":"auto","background-attachment":"scroll","background-type":"","background-media":"","overlay-type":"","overlay-color":"","overlay-opacity":"","overlay-gradient":""},"tablet":{"background-color":"","background-image":"","background-repeat":"repeat","background-position":"center center","background-size":"auto","background-attachment":"scroll","background-type":"","background-media":"","overlay-type":"","overlay-color":"","overlay-opacity":"","overlay-gradient":""},"mobile":{"background-color":"","background-image":"","background-repeat":"repeat","background-position":"center center","background-size":"auto","background-attachment":"scroll","background-type":"","background-media":"","overlay-type":"","overlay-color":"","overlay-opacity":"","overlay-gradient":""}},"ast-content-background-meta":{"desktop":{"background-color":"var(--ast-global-color-5)","background-image":"","background-repeat":"repeat","background-position":"center center","background-size":"auto","background-attachment":"scroll","background-type":"","background-media":"","overlay-type":"","overlay-color":"","overlay-opacity":"","overlay-gradient":""},"tablet":{"background-color":"var(--ast-global-color-5)","background-image":"","background-repeat":"repeat","background-position":"center center","background-size":"auto","background-attachment":"scroll","background-type":"","background-media":"","overlay-type":"","overlay-color":"","overlay-opacity":"","overlay-gradient":""},"mobile":{"background-color":"var(--ast-global-color-5)","background-image":"","background-repeat":"repeat","background-position":"center center","background-size":"auto","background-attachment":"scroll","background-type":"","background-media":"","overlay-type":"","overlay-color":"","overlay-opacity":"","overlay-gradient":""}},"footnotes":""},"categories":[8],"tags":[],"class_list":["post-1959","post","type-post","status-publish","format-standard","has-post-thumbnail","hentry","category-noticias"],"_links":{"self":[{"href":"https:\/\/losperiodistas.com.mx\/portal\/wp-json\/wp\/v2\/posts\/1959","targetHints":{"allow":["GET"]}}],"collection":[{"href":"https:\/\/losperiodistas.com.mx\/portal\/wp-json\/wp\/v2\/posts"}],"about":[{"href":"https:\/\/losperiodistas.com.mx\/portal\/wp-json\/wp\/v2\/types\/post"}],"author":[{"embeddable":true,"href":"https:\/\/losperiodistas.com.mx\/portal\/wp-json\/wp\/v2\/users\/1"}],"replies":[{"embeddable":true,"href":"https:\/\/losperiodistas.com.mx\/portal\/wp-json\/wp\/v2\/comments?post=1959"}],"version-history":[{"count":1,"href":"https:\/\/losperiodistas.com.mx\/portal\/wp-json\/wp\/v2\/posts\/1959\/revisions"}],"predecessor-version":[{"id":1961,"href":"https:\/\/losperiodistas.com.mx\/portal\/wp-json\/wp\/v2\/posts\/1959\/revisions\/1961"}],"wp:featuredmedia":[{"embeddable":true,"href":"https:\/\/losperiodistas.com.mx\/portal\/wp-json\/wp\/v2\/media\/1960"}],"wp:attachment":[{"href":"https:\/\/losperiodistas.com.mx\/portal\/wp-json\/wp\/v2\/media?parent=1959"}],"wp:term":[{"taxonomy":"category","embeddable":true,"href":"https:\/\/losperiodistas.com.mx\/portal\/wp-json\/wp\/v2\/categories?post=1959"},{"taxonomy":"post_tag","embeddable":true,"href":"https:\/\/losperiodistas.com.mx\/portal\/wp-json\/wp\/v2\/tags?post=1959"}],"curies":[{"name":"wp","href":"https:\/\/api.w.org\/{rel}","templated":true}]}}