{"id":19285,"date":"2022-01-14T07:01:21","date_gmt":"2022-01-14T13:01:21","guid":{"rendered":"http:\/\/losperiodistas.com.mx\/portal\/?p=19285"},"modified":"2022-01-14T07:01:23","modified_gmt":"2022-01-14T13:01:23","slug":"la-pandemia-de-salud-factor-determinante-en-la-economia-nacional-y-mundial-momento-diario","status":"publish","type":"post","link":"https:\/\/losperiodistas.com.mx\/portal\/la-pandemia-de-salud-factor-determinante-en-la-economia-nacional-y-mundial-momento-diario\/","title":{"rendered":"La pandemia de salud, factor determinante en la econom\u00eda nacional y mundial | Momento Diario"},"content":{"rendered":"\n<p style=\"font-size:18px\"><em>Es importante a nivel nacional dar una se\u00f1al positiva en lo que tiene que ver con el marco legal de la econom\u00eda, que se\u00f1ale con toda claridad que existe un respeto a las inversiones externas, a la inversi\u00f3n for\u00e1nea, para que exista una mayor inversi\u00f3n extranjera en nuestro pa\u00eds y a nivel estatal.<\/em><\/p>\n\n\n\n<p><\/p>\n\n\n\n<figure class=\"wp-block-image size-large\"><img fetchpriority=\"high\" decoding=\"async\" width=\"1024\" height=\"557\" src=\"https:\/\/losperiodistas.com.mx\/portal\/wp-content\/uploads\/2022\/01\/Captura-de-Pantalla-2022-01-14-a-las-6.58.10-1024x557.png\" alt=\"\" class=\"wp-image-19286\" srcset=\"https:\/\/losperiodistas.com.mx\/portal\/wp-content\/uploads\/2022\/01\/Captura-de-Pantalla-2022-01-14-a-las-6.58.10-1024x557.png 1024w, https:\/\/losperiodistas.com.mx\/portal\/wp-content\/uploads\/2022\/01\/Captura-de-Pantalla-2022-01-14-a-las-6.58.10-300x163.png 300w, https:\/\/losperiodistas.com.mx\/portal\/wp-content\/uploads\/2022\/01\/Captura-de-Pantalla-2022-01-14-a-las-6.58.10-768x418.png 768w, https:\/\/losperiodistas.com.mx\/portal\/wp-content\/uploads\/2022\/01\/Captura-de-Pantalla-2022-01-14-a-las-6.58.10.png 1040w\" sizes=\"(max-width: 1024px) 100vw, 1024px\" \/><\/figure>\n\n\n\n<p class=\"has-vivid-cyan-blue-color has-text-color has-medium-font-size\">MOMENTO DIARIO<\/p>\n\n\n\n<p>La pandemia de salud sigue siendo un factor importante en el \u00e1mbito econ\u00f3mico no s\u00f3lo de M\u00e9xico, sino de todos los pa\u00edses; cada vez que se anuncia la presencia de una nueva variante del SARS-CoV-2, los mercados financieros \u201cse ponen nerviosos\u201d, bajan las bolsas de valores y los mercados financieros mueven los tipos de cambio y por consecuencia, la pandemia seguir\u00e1 siendo un factor importante a lo largo de este 2022.<\/p>\n\n\n\n<p>Un crecimiento econ\u00f3mico del 1.5 o 2.5% del producto interno bruto en el 2022, es insuficiente para generar los empleos que la econom\u00eda de M\u00e9xico necesita en estos momentos, se\u00f1al\u00f3 Marcos Guti\u00e9rrez Barr\u00f3n, catedr\u00e1tico de la Facultad de Econom\u00eda de la UPAEP.<\/p>\n\n\n\n<p>Apunt\u00f3 que el pron\u00f3stico que se tiene para el crecimiento del producto interno bruto en el 2022 y de acuerdo a la Secretar\u00eda de Hacienda y Cr\u00e9dito P\u00fablico, estima que ser\u00e1 cercano al 3%, sin embargo, la mayor\u00eda de las agencias de los organismos mundiales, estiman un crecimiento del 2% y el grupo de economistas del grupo Citibanamex, pronostica que ser\u00e1 del 1.5% el crecimiento del PIB al cierre de este a\u00f1o.<\/p>\n\n\n\n<p>El gobierno de M\u00e9xico debe favorecer el desarrollo industrial, impulsar aquellos sectores que tengan una producci\u00f3n de contenido nacional y el ordenamiento productivo de las empresas, es decir, que est\u00e9n ligadas al sector exportador de tal manera que pueda impactar no solo a las grandes empresas sino tambi\u00e9n a las peque\u00f1as y medianas, y puedan ser beneficiadas por las bondades de las exportaciones.<\/p>\n\n\n\n<p>Reiter\u00f3 que es importante a nivel nacional dar una se\u00f1al positiva en lo que tiene que ver con el marco legal en la econom\u00eda, que se\u00f1ale con toda claridad que existe un respeto a las inversiones externas, a la inversi\u00f3n for\u00e1nea para que exista una mayor inversi\u00f3n extranjera en nuestro pa\u00eds y a nivel estatal.<\/p>\n\n\n\n<p>Con respecto a la inflaci\u00f3n, dijo que se pronostica que para el cierre del 2022 se espera que esta sea del 4.10%, lo que muestra una desaceleraci\u00f3n en la mayor\u00eda de los precios.<\/p>\n\n\n\n<p>En lo referente a Puebla, en el 2022 el crecimiento del producto interno bruto, se pronostica en un 1%, lo cual es sumamente modesto por las tendencias que est\u00e1n imperando en el entorno internacional.<\/p>\n\n\n\n<p>Tambi\u00e9n se estima que para la entidad poblana la llegada de remesas ser\u00e1 de alrededor de mil 500 millones de d\u00f3lares, siempre y cuando la pandemia vaya disminuyendo.<\/p>\n\n\n\n<p>Otro elemento importante en estos momentos es tambi\u00e9n la baja del producto interno mundial y el factor es la inflaci\u00f3n que se vive en el entorno internacional en m\u00e1s de dos d\u00e9cadas y que est\u00e1 afectando a todos los sectores productivos y a las familias.<\/p>\n\n\n\n<p>Un elemento m\u00e1s es el deterioro y la no recuperaci\u00f3n completa que tiene que ver con el consumo y la inversi\u00f3n, que son dos aspectos importantes de la demanda agregada y que determinan el crecimiento del producto interno bruto; adem\u00e1s del manejo de la pol\u00edtica monetaria y el retiro gradual que hace la pol\u00edtica monetaria y todos los bancos centrales en su pol\u00edtica de apoyo a los diferentes sectores, lo que provoca efectos sobre las tasas de inter\u00e9s, lo cual incide tambi\u00e9n en el comportamiento de los mercados financieros.<\/p>\n\n\n\n<p>Barr\u00f3n Guti\u00e9rrez se\u00f1al\u00f3 que el Banco Mundial baj\u00f3 su expectativa de crecimiento a 4.2% para este 2022 y a 3.2% para el 2023, mientras que en el 2021 la hab\u00eda fijado en un 4% para el contexto internacional.<\/p>\n\n\n\n<p>Mientras que, en el \u00e1mbito nacional, el grupo de economistas de Citibanamex, estima un crecimiento del producto interno bruto para el presente a\u00f1o del 5%; en un inicio se hab\u00eda se\u00f1alado que el crecimiento ser\u00eda mayor al 6%, sin embargo, debido a los efectos de las nuevas variantes del Covid-19, el tercer trimestre del 2021, la econom\u00eda present\u00f3 un proceso de desaceleraci\u00f3n y esto est\u00e1 provocando que el PIB est\u00e9 m\u00e1s cerca al 5% que al 6, reiter\u00f3 el acad\u00e9mico.<\/p>\n\n\n\n<p>Indic\u00f3 que la inversi\u00f3n de capital es una de las variables m\u00e1s importantes en la econom\u00eda, adem\u00e1s de que determina el crecimiento sostenido en el largo plazo del producto interno bruto, de ah\u00ed la importancia de que se recupere de manera pronta, ya que todav\u00eda se ve mucha debilidad en esta variable. Adem\u00e1s de que el consumo interno no camina como se esperaba y es necesario recuperar el mercado interno para presentar efectos positivos en la econom\u00eda del pa\u00eds.<\/p>\n\n\n\n<p>Dijo que un elemento adicional que ayud\u00f3 a la econom\u00eda de M\u00e9xico fue la entrada de las remesas que para el 2021 se estima que llegaron m\u00e1s de 50 mil millones de d\u00f3lares, cifra significativa en comparaci\u00f3n con otros a\u00f1os y que ayud\u00f3 para que la econom\u00eda no se viera deteriorada, es decir, la llegada de remesas empuj\u00f3 la econom\u00eda del pa\u00eds.<\/p>\n\n\n\n<p>Apunt\u00f3 que los empleos generados durante el 2021 fueron de alrededor de 900 mil, en donde la mayor\u00eda son de baja calidad, es decir, no tienen un buen salario, ni las prestaciones necesarias, y por consecuencia el empleo que se est\u00e1 generando no es el que M\u00e9xico necesita, que deber\u00eda contar con un salario competitivo y un buen paquete de prestaciones.<\/p>\n\n\n\n<p>Agreg\u00f3 que la inflaci\u00f3n ha sido uno de los factores que m\u00e1s ha incidido en la econom\u00eda y los diferentes sectores productivos, pero principalmente a las familias, y se\u00f1al\u00f3 que la inflaci\u00f3n \u201ctoc\u00f3 pico en la segunda quincena de noviembre y en consecuencia, se est\u00e1 dando una desaceleraci\u00f3n en la misma, al cerrar en diciembre de 2021 en 7.35%\u201d.<\/p>\n\n\n\n<p>Dijo que la inflaci\u00f3n se ha reflejado en las alzas de precios de productos de la canasta b\u00e1sica, como es el caso de la carne de res, el aumento en el precio del lim\u00f3n exageradamente alto, incremento en las tarifas a\u00e9reas, aumento en los precios de bienes y servicios, entre otros, que tambi\u00e9n est\u00e1n impactando a las familias.<\/p>\n\n\n\n<p>Fuente: https:\/\/www.diariomomento.com\/la-pandemia-de-salud-factor-determinante-en-la-economia-nacional-y-mundial\/<\/p>\n","protected":false},"excerpt":{"rendered":"<p>Es importante a nivel nacional dar una se\u00f1al positiva en lo que tiene que ver con el marco legal de [&hellip;]<\/p>\n","protected":false},"author":1,"featured_media":19286,"comment_status":"open","ping_status":"open","sticky":false,"template":"","format":"standard","meta":{"site-sidebar-layout":"default","site-content-layout":"","ast-site-content-layout":"default","site-content-style":"default","site-sidebar-style":"default","ast-global-header-display":"","ast-banner-title-visibility":"","ast-main-header-display":"","ast-hfb-above-header-display":"","ast-hfb-below-header-display":"","ast-hfb-mobile-header-display":"","site-post-title":"","ast-breadcrumbs-content":"","ast-featured-img":"","footer-sml-layout":"","theme-transparent-header-meta":"","adv-header-id-meta":"","stick-header-meta":"","header-above-stick-meta":"","header-main-stick-meta":"","header-below-stick-meta":"","astra-migrate-meta-layouts":"default","ast-page-background-enabled":"default","ast-page-background-meta":{"desktop":{"background-color":"var(--ast-global-color-4)","background-image":"","background-repeat":"repeat","background-position":"center center","background-size":"auto","background-attachment":"scroll","background-type":"","background-media":"","overlay-type":"","overlay-color":"","overlay-opacity":"","overlay-gradient":""},"tablet":{"background-color":"","background-image":"","background-repeat":"repeat","background-position":"center center","background-size":"auto","background-attachment":"scroll","background-type":"","background-media":"","overlay-type":"","overlay-color":"","overlay-opacity":"","overlay-gradient":""},"mobile":{"background-color":"","background-image":"","background-repeat":"repeat","background-position":"center center","background-size":"auto","background-attachment":"scroll","background-type":"","background-media":"","overlay-type":"","overlay-color":"","overlay-opacity":"","overlay-gradient":""}},"ast-content-background-meta":{"desktop":{"background-color":"var(--ast-global-color-5)","background-image":"","background-repeat":"repeat","background-position":"center center","background-size":"auto","background-attachment":"scroll","background-type":"","background-media":"","overlay-type":"","overlay-color":"","overlay-opacity":"","overlay-gradient":""},"tablet":{"background-color":"var(--ast-global-color-5)","background-image":"","background-repeat":"repeat","background-position":"center center","background-size":"auto","background-attachment":"scroll","background-type":"","background-media":"","overlay-type":"","overlay-color":"","overlay-opacity":"","overlay-gradient":""},"mobile":{"background-color":"var(--ast-global-color-5)","background-image":"","background-repeat":"repeat","background-position":"center center","background-size":"auto","background-attachment":"scroll","background-type":"","background-media":"","overlay-type":"","overlay-color":"","overlay-opacity":"","overlay-gradient":""}},"footnotes":""},"categories":[8],"tags":[2827,6901,3879],"class_list":["post-19285","post","type-post","status-publish","format-standard","has-post-thumbnail","hentry","category-noticias","tag-economia","tag-marcos-gutierrez-barron","tag-upaep"],"_links":{"self":[{"href":"https:\/\/losperiodistas.com.mx\/portal\/wp-json\/wp\/v2\/posts\/19285","targetHints":{"allow":["GET"]}}],"collection":[{"href":"https:\/\/losperiodistas.com.mx\/portal\/wp-json\/wp\/v2\/posts"}],"about":[{"href":"https:\/\/losperiodistas.com.mx\/portal\/wp-json\/wp\/v2\/types\/post"}],"author":[{"embeddable":true,"href":"https:\/\/losperiodistas.com.mx\/portal\/wp-json\/wp\/v2\/users\/1"}],"replies":[{"embeddable":true,"href":"https:\/\/losperiodistas.com.mx\/portal\/wp-json\/wp\/v2\/comments?post=19285"}],"version-history":[{"count":1,"href":"https:\/\/losperiodistas.com.mx\/portal\/wp-json\/wp\/v2\/posts\/19285\/revisions"}],"predecessor-version":[{"id":19287,"href":"https:\/\/losperiodistas.com.mx\/portal\/wp-json\/wp\/v2\/posts\/19285\/revisions\/19287"}],"wp:featuredmedia":[{"embeddable":true,"href":"https:\/\/losperiodistas.com.mx\/portal\/wp-json\/wp\/v2\/media\/19286"}],"wp:attachment":[{"href":"https:\/\/losperiodistas.com.mx\/portal\/wp-json\/wp\/v2\/media?parent=19285"}],"wp:term":[{"taxonomy":"category","embeddable":true,"href":"https:\/\/losperiodistas.com.mx\/portal\/wp-json\/wp\/v2\/categories?post=19285"},{"taxonomy":"post_tag","embeddable":true,"href":"https:\/\/losperiodistas.com.mx\/portal\/wp-json\/wp\/v2\/tags?post=19285"}],"curies":[{"name":"wp","href":"https:\/\/api.w.org\/{rel}","templated":true}]}}