{"id":19243,"date":"2022-01-13T07:02:15","date_gmt":"2022-01-13T13:02:15","guid":{"rendered":"http:\/\/losperiodistas.com.mx\/portal\/?p=19243"},"modified":"2022-01-13T07:02:16","modified_gmt":"2022-01-13T13:02:16","slug":"la-leve-huella-de-omicron","status":"publish","type":"post","link":"https:\/\/losperiodistas.com.mx\/portal\/la-leve-huella-de-omicron\/","title":{"rendered":"La \u201cleve\u201d huella de \u00d3micron"},"content":{"rendered":"\n<p><\/p>\n\n\n\n<p class=\"has-vivid-cyan-blue-color has-text-color\" style=\"font-size:26px\"><strong><em>Por Fernando Manzanilla<\/em><\/strong><\/p>\n\n\n\n<p>Iniciamos esta semana con la noticia de que el Presidente de la Rep\u00fablica, Andr\u00e9s Manuel L\u00f3pez Obrador, dio positivo a Covid-19 nuevamente. Aunque se ha precisado que afortunadamente el mandatario se encuentra con s\u00edntomas leves y en reposo, este hecho deja entrever que el pa\u00eds ya transita por la cuarta ola de la pandemia, en la cual predomina \u00d3micron.<\/p>\n\n\n\n<p>Esta nueva variante no s\u00f3lo ha cambiado las reglas de lo que ya sab\u00edamos sobre el Covid-19, sino que nos urge como sociedad a seguir atentos del rumbo que tomar\u00e1 la pandemia y, sobre todo, a seguir aprendiendo y actuando de manera preventiva.<\/p>\n\n\n\n<p>Los contagios han empezado a crecer en todos los rincones del mundo e incluso se sabe que \u00d3micron est\u00e1 desplazando de manera inusitada a otras variantes como Delta, la cual predominaba en la tercera ola.<\/p>\n\n\n\n<p>Tambi\u00e9n se sabe, y ha quedado claro, que \u00d3micron es sumamente contagioso, ya que vive en la nariz y en el \u00e1rea respiratoria superior, lo cual permite que se transmita con mayor facilidad. Precisamente, la semana pasada se produjo el mayor n\u00famero de casos del virus desde su aparici\u00f3n, con 95 millones en todo el planeta.<\/p>\n\n\n\n<p>El Premio Nacional de Salud 2020, el Dr. Francisco Moreno S\u00e1nchez, clarifica que esta nueva variante presenta s\u00edntomas como excesiva congesti\u00f3n nasal, dolor de garganta intenso y cansancio f\u00edsico, lo cual podr\u00eda parecer en un primer momento una fuerte gripa, aunque sin duda lo m\u00e1s recomendable es realizarse una prueba de PCR.<\/p>\n\n\n\n<p>En otros hallazgos los expertos coinciden en que \u201caparentemente\u201d es menos peligroso debido a que no llega a vincularse con los pulmones, en la mayor\u00eda de los casos, como otras variantes. Sin embargo, tambi\u00e9n concuerdan en que su peligrosidad es relativa, ya que depende de varios factores, muchos de ellos como la propia condici\u00f3n de salud y defensas de los pacientes.<\/p>\n\n\n\n<p>Precisamente, ese es uno de los puntos m\u00e1s relevantes de esta variante, ya que su relativa baja peligrosidad no debe hacer que disminuyamos las precauciones, ni mucho menos que desestimemos los estragos.<\/p>\n\n\n\n<p>Por una parte, se sabe que ocasiona menor da\u00f1o pulmonar, pero esto no significa que sea as\u00ed para todos, pues nadie puede asegurar que todos los contagiados tendr\u00e1n una evoluci\u00f3n favorable.<\/p>\n\n\n\n<p>Incluso el Director General de la Organizaci\u00f3n Mundial de la Salud (OMS), Tedros Adhanom Ghebreyesus, ha alertado a los sistemas sanitarios de todo el mundo, ya que si bien parece ser menos grave que Delta, especialmente para las personas que ya est\u00e1n vacunadas, esto no significa que deba clasificarse como \u201cleve\u201d.<\/p>\n\n\n\n<p>Basta voltear a ver los estragos que ha generado el avance de esta variante en M\u00e9xico, en donde las cifras de contagios han crecido en m\u00e1s de un 230%, rompiendo barreras no vistas con antelaci\u00f3n.<\/p>\n\n\n\n<p>Tan solo el Sistema de Informaci\u00f3n de la RED IRAG, de la Secretar\u00eda de Salud, dio a conocer que 106 hospitales se encuentran por arriba del 70% en sus camas generales para atender pacientes que presentan complicaciones de COVID-19, adem\u00e1s de que 20 nosocomios est\u00e1n por arriba de ese porcentaje en sus \u00e1reas de terapia intensiva; mientras en la ocupaci\u00f3n de camas con ventilador UCI,&nbsp;18&nbsp;centros hospitalarios se encuentran en esta situaci\u00f3n. En conjunto suman&nbsp;144 hospitales, 26 m\u00e1s que en la semana anterior.<\/p>\n\n\n\n<p>En Estados Unidos, el gobernador de Maryland, Larry Hogan, declar\u00f3 estado de emergencia hace una semana, al se\u00f1alar que la entidad ten\u00eda m\u00e1s pacientes hospitalizados por COVID-19 que en cualquier momento previo de esta pandemia.<\/p>\n\n\n\n<p>Es as\u00ed que surgen varias interrogantes, ya que si realmente es \u201cleve\u201d \u00bfPor qu\u00e9 los hospitales est\u00e1n saturados? \u00bfPor qu\u00e9 el personal de salud est\u00e1 agotado? \u00bfPor qu\u00e9 se est\u00e1 generando un colapso en los aeropuertos del mundo por los miles de vuelos cancelados? Tal vez \u00d3micron sea un virus que llega, como dice la popular f\u00e1bula, como un lobo en piel de cordero.<\/p>\n\n\n\n<p>Como prueba de ello, podemos verificar lo que se le ha denominado \u201clong covid\u201d o covid largo, por las secuelas, e incluso el da\u00f1o permanente que est\u00e1 ocasionando en la salud a mediano y largo plazo de quienes se han visto afectados, sin importar si se trat\u00f3 de casos leves o incluso asintom\u00e1ticos.<\/p>\n\n\n\n<p>En este sentido, el gobierno de Finlandia ha advertido que el Covid podr\u00eda persistir durante meses despu\u00e9s de una infecci\u00f3n inicial, emergiendo como una enfermedad cr\u00f3nica.<\/p>\n\n\n\n<p>Es por ello que el reto que tenemos en nuestras manos es grande, necesitamos hacer bien las cosas para evitar que el virus siga transmiti\u00e9ndose y generando estragos en los m\u00e1s indefensos o bien dejando secuelas en nuestro organismo.<\/p>\n\n\n\n<p>Hoy, m\u00e1s que nunca, la pandemia mostrar\u00e1 lo que realmente somos como personas y como sociedad. Pondr\u00e1 en relieve si podemos ser responsables con quien tenemos al lado para evitar que sigan creciendo los contagios o exhibir\u00e1 el ego\u00edsmo de no hacer lo que nos corresponde para que las complicaciones \u201cleves\u201d de \u00d3micron no afecten a los m\u00e1s vulnerables.<\/p>\n","protected":false},"excerpt":{"rendered":"<p>Por Fernando Manzanilla Iniciamos esta semana con la noticia de que el Presidente de la Rep\u00fablica, Andr\u00e9s Manuel L\u00f3pez Obrador, [&hellip;]<\/p>\n","protected":false},"author":1,"featured_media":19244,"comment_status":"open","ping_status":"open","sticky":false,"template":"","format":"standard","meta":{"site-sidebar-layout":"default","site-content-layout":"","ast-site-content-layout":"default","site-content-style":"default","site-sidebar-style":"default","ast-global-header-display":"","ast-banner-title-visibility":"","ast-main-header-display":"","ast-hfb-above-header-display":"","ast-hfb-below-header-display":"","ast-hfb-mobile-header-display":"","site-post-title":"","ast-breadcrumbs-content":"","ast-featured-img":"","footer-sml-layout":"","theme-transparent-header-meta":"","adv-header-id-meta":"","stick-header-meta":"","header-above-stick-meta":"","header-main-stick-meta":"","header-below-stick-meta":"","astra-migrate-meta-layouts":"default","ast-page-background-enabled":"default","ast-page-background-meta":{"desktop":{"background-color":"var(--ast-global-color-4)","background-image":"","background-repeat":"repeat","background-position":"center center","background-size":"auto","background-attachment":"scroll","background-type":"","background-media":"","overlay-type":"","overlay-color":"","overlay-opacity":"","overlay-gradient":""},"tablet":{"background-color":"","background-image":"","background-repeat":"repeat","background-position":"center center","background-size":"auto","background-attachment":"scroll","background-type":"","background-media":"","overlay-type":"","overlay-color":"","overlay-opacity":"","overlay-gradient":""},"mobile":{"background-color":"","background-image":"","background-repeat":"repeat","background-position":"center center","background-size":"auto","background-attachment":"scroll","background-type":"","background-media":"","overlay-type":"","overlay-color":"","overlay-opacity":"","overlay-gradient":""}},"ast-content-background-meta":{"desktop":{"background-color":"var(--ast-global-color-5)","background-image":"","background-repeat":"repeat","background-position":"center center","background-size":"auto","background-attachment":"scroll","background-type":"","background-media":"","overlay-type":"","overlay-color":"","overlay-opacity":"","overlay-gradient":""},"tablet":{"background-color":"var(--ast-global-color-5)","background-image":"","background-repeat":"repeat","background-position":"center center","background-size":"auto","background-attachment":"scroll","background-type":"","background-media":"","overlay-type":"","overlay-color":"","overlay-opacity":"","overlay-gradient":""},"mobile":{"background-color":"var(--ast-global-color-5)","background-image":"","background-repeat":"repeat","background-position":"center center","background-size":"auto","background-attachment":"scroll","background-type":"","background-media":"","overlay-type":"","overlay-color":"","overlay-opacity":"","overlay-gradient":""}},"footnotes":""},"categories":[24,8],"tags":[199,5593],"class_list":["post-19243","post","type-post","status-publish","format-standard","has-post-thumbnail","hentry","category-fernando-manzanilla","category-noticias","tag-amlo","tag-omicron"],"_links":{"self":[{"href":"https:\/\/losperiodistas.com.mx\/portal\/wp-json\/wp\/v2\/posts\/19243","targetHints":{"allow":["GET"]}}],"collection":[{"href":"https:\/\/losperiodistas.com.mx\/portal\/wp-json\/wp\/v2\/posts"}],"about":[{"href":"https:\/\/losperiodistas.com.mx\/portal\/wp-json\/wp\/v2\/types\/post"}],"author":[{"embeddable":true,"href":"https:\/\/losperiodistas.com.mx\/portal\/wp-json\/wp\/v2\/users\/1"}],"replies":[{"embeddable":true,"href":"https:\/\/losperiodistas.com.mx\/portal\/wp-json\/wp\/v2\/comments?post=19243"}],"version-history":[{"count":1,"href":"https:\/\/losperiodistas.com.mx\/portal\/wp-json\/wp\/v2\/posts\/19243\/revisions"}],"predecessor-version":[{"id":19245,"href":"https:\/\/losperiodistas.com.mx\/portal\/wp-json\/wp\/v2\/posts\/19243\/revisions\/19245"}],"wp:featuredmedia":[{"embeddable":true,"href":"https:\/\/losperiodistas.com.mx\/portal\/wp-json\/wp\/v2\/media\/19244"}],"wp:attachment":[{"href":"https:\/\/losperiodistas.com.mx\/portal\/wp-json\/wp\/v2\/media?parent=19243"}],"wp:term":[{"taxonomy":"category","embeddable":true,"href":"https:\/\/losperiodistas.com.mx\/portal\/wp-json\/wp\/v2\/categories?post=19243"},{"taxonomy":"post_tag","embeddable":true,"href":"https:\/\/losperiodistas.com.mx\/portal\/wp-json\/wp\/v2\/tags?post=19243"}],"curies":[{"name":"wp","href":"https:\/\/api.w.org\/{rel}","templated":true}]}}