{"id":19240,"date":"2022-01-13T06:06:29","date_gmt":"2022-01-13T12:06:29","guid":{"rendered":"http:\/\/losperiodistas.com.mx\/portal\/?p=19240"},"modified":"2022-01-13T06:06:30","modified_gmt":"2022-01-13T12:06:30","slug":"las-ventas-de-rinones-se-disparan-en-afganistan-aleteia","status":"publish","type":"post","link":"https:\/\/losperiodistas.com.mx\/portal\/las-ventas-de-rinones-se-disparan-en-afganistan-aleteia\/","title":{"rendered":"Las ventas de ri\u00f1ones se disparan en Afganist\u00e1n | Aleteia"},"content":{"rendered":"\n<p style=\"font-size:18px\"><em>Un solo m\u00e9dico ha realizado 85 cirug\u00edas de extracci\u00f3n de ri\u00f1\u00f3n solo en los primeros 11 d\u00edas de 2022<\/em><\/p>\n\n\n\n<p><\/p>\n\n\n\n<figure class=\"wp-block-image size-large\"><img fetchpriority=\"high\" decoding=\"async\" width=\"1024\" height=\"576\" src=\"https:\/\/losperiodistas.com.mx\/portal\/wp-content\/uploads\/2022\/01\/Captura-de-Pantalla-2022-01-13-a-las-6.02.58-1024x576.png\" alt=\"\" class=\"wp-image-19241\" srcset=\"https:\/\/losperiodistas.com.mx\/portal\/wp-content\/uploads\/2022\/01\/Captura-de-Pantalla-2022-01-13-a-las-6.02.58-1024x576.png 1024w, https:\/\/losperiodistas.com.mx\/portal\/wp-content\/uploads\/2022\/01\/Captura-de-Pantalla-2022-01-13-a-las-6.02.58-300x169.png 300w, https:\/\/losperiodistas.com.mx\/portal\/wp-content\/uploads\/2022\/01\/Captura-de-Pantalla-2022-01-13-a-las-6.02.58-768x432.png 768w, https:\/\/losperiodistas.com.mx\/portal\/wp-content\/uploads\/2022\/01\/Captura-de-Pantalla-2022-01-13-a-las-6.02.58.png 1240w\" sizes=\"(max-width: 1024px) 100vw, 1024px\" \/><figcaption>pixabay<\/figcaption><\/figure>\n\n\n\n<p><\/p>\n\n\n\n<p class=\"has-vivid-cyan-blue-color has-text-color has-medium-font-size\">FRANCISCO V\u00c9NETO \/ ALETEIA<\/p>\n\n\n\n<p>Las ventas de ri\u00f1ones, que ya eran un fen\u00f3meno creciente y preocupante en Afganist\u00e1n incluso antes de que los radicales talibanes recuperaran el poder, se est\u00e1n disparando a\u00fan m\u00e1s dram\u00e1ticamente entre los hambrientos afganos.<\/p>\n\n\n\n<p>Un reportaje de la cadena&nbsp;<a href=\"https:\/\/pt.euronews.com\/2022\/01\/12\/afeganistao-mergulha-na-pobreza-e-venda-de-orgaos-dispara\" target=\"_blank\" rel=\"noreferrer noopener\">Euronews<\/a>&nbsp;emitido el 12 de enero cuenta con una declaraci\u00f3n del cirujano Ahmad Shekaib, quien, sorprendentemente, ya ha realizado 85 cirug\u00edas de este tipo solo en los primeros 11 d\u00edas de 2022.<\/p>\n\n\n\n<p>La ya grave situaci\u00f3n tiende a empeorar a\u00fan m\u00e1s, seg\u00fan el propio m\u00e9dico: dice que las personas que hoy venden un ri\u00f1\u00f3n \u201ca la larga van a tener problemas de salud\u201d. El Dr. Ahmad Shekaib agrega que no existe una \u201ccultura de donaci\u00f3n de ri\u00f1ones\u201d en Afganist\u00e1n y deja en claro que el fen\u00f3meno actual se debe expl\u00edcitamente a la desesperaci\u00f3n de las personas por dinero y, a su vez, la desesperaci\u00f3n por dinero se debe expl\u00edcitamente a la urgencia de comprar alimentos.<\/p>\n\n\n\n<p>Uno de los donantes, entrevistado por el reportaje de Euronews, es el padre de familia Ghulam Hazrat, de 40 a\u00f1os, que vendi\u00f3 un ri\u00f1\u00f3n para comprar comida para sus hijos. \u00c9l declar\u00f3:<\/p>\n\n\n\n<p>\u201cNo pod\u00eda salir a mendigar, as\u00ed que decid\u00ed ir al hospital y vender un ri\u00f1\u00f3n para poder alimentar a mis hijos al menos por un tiempo\u201d.<\/p>\n\n\n\n<p>De hecho, \u201cpor un tiempo\u201d es una parte muy importante de la frase: el dinero obtenido con la venta del \u00f3rgano no dura mucho. Cuando termine, ciertamente no ser\u00e1 posible vender el otro ri\u00f1\u00f3n tambi\u00e9n.<\/p>\n\n\n\n<p>Sin trabajo y sin programas de ayudas e incentivos bajo un gobierno fan\u00e1tico incapaz de gestionar en lo m\u00e1s m\u00ednimo la vida p\u00fablica, el drama afgano solo ve una tenue luz al final del t\u00fanel: la ayuda internacional, que solo puede llegar a unos pocos y que no es suficiente para salvar de la miseria a millones de personas rehenes de su propio gobierno.<\/p>\n\n\n\n<p>Fuente: https:\/\/es.aleteia.org\/2022\/01\/13\/las-ventas-de-rinones-se-disparan-en-afganistan\/<\/p>\n","protected":false},"excerpt":{"rendered":"<p>Un solo m\u00e9dico ha realizado 85 cirug\u00edas de extracci\u00f3n de ri\u00f1\u00f3n solo en los primeros 11 d\u00edas de 2022 FRANCISCO [&hellip;]<\/p>\n","protected":false},"author":1,"featured_media":19241,"comment_status":"open","ping_status":"open","sticky":false,"template":"","format":"standard","meta":{"site-sidebar-layout":"default","site-content-layout":"","ast-site-content-layout":"default","site-content-style":"default","site-sidebar-style":"default","ast-global-header-display":"","ast-banner-title-visibility":"","ast-main-header-display":"","ast-hfb-above-header-display":"","ast-hfb-below-header-display":"","ast-hfb-mobile-header-display":"","site-post-title":"","ast-breadcrumbs-content":"","ast-featured-img":"","footer-sml-layout":"","theme-transparent-header-meta":"","adv-header-id-meta":"","stick-header-meta":"","header-above-stick-meta":"","header-main-stick-meta":"","header-below-stick-meta":"","astra-migrate-meta-layouts":"default","ast-page-background-enabled":"default","ast-page-background-meta":{"desktop":{"background-color":"var(--ast-global-color-4)","background-image":"","background-repeat":"repeat","background-position":"center center","background-size":"auto","background-attachment":"scroll","background-type":"","background-media":"","overlay-type":"","overlay-color":"","overlay-opacity":"","overlay-gradient":""},"tablet":{"background-color":"","background-image":"","background-repeat":"repeat","background-position":"center center","background-size":"auto","background-attachment":"scroll","background-type":"","background-media":"","overlay-type":"","overlay-color":"","overlay-opacity":"","overlay-gradient":""},"mobile":{"background-color":"","background-image":"","background-repeat":"repeat","background-position":"center center","background-size":"auto","background-attachment":"scroll","background-type":"","background-media":"","overlay-type":"","overlay-color":"","overlay-opacity":"","overlay-gradient":""}},"ast-content-background-meta":{"desktop":{"background-color":"var(--ast-global-color-5)","background-image":"","background-repeat":"repeat","background-position":"center center","background-size":"auto","background-attachment":"scroll","background-type":"","background-media":"","overlay-type":"","overlay-color":"","overlay-opacity":"","overlay-gradient":""},"tablet":{"background-color":"var(--ast-global-color-5)","background-image":"","background-repeat":"repeat","background-position":"center center","background-size":"auto","background-attachment":"scroll","background-type":"","background-media":"","overlay-type":"","overlay-color":"","overlay-opacity":"","overlay-gradient":""},"mobile":{"background-color":"var(--ast-global-color-5)","background-image":"","background-repeat":"repeat","background-position":"center center","background-size":"auto","background-attachment":"scroll","background-type":"","background-media":"","overlay-type":"","overlay-color":"","overlay-opacity":"","overlay-gradient":""}},"footnotes":""},"categories":[8],"tags":[3228,6897],"class_list":["post-19240","post","type-post","status-publish","format-standard","has-post-thumbnail","hentry","category-noticias","tag-afganistan","tag-venta-de-organos"],"_links":{"self":[{"href":"https:\/\/losperiodistas.com.mx\/portal\/wp-json\/wp\/v2\/posts\/19240","targetHints":{"allow":["GET"]}}],"collection":[{"href":"https:\/\/losperiodistas.com.mx\/portal\/wp-json\/wp\/v2\/posts"}],"about":[{"href":"https:\/\/losperiodistas.com.mx\/portal\/wp-json\/wp\/v2\/types\/post"}],"author":[{"embeddable":true,"href":"https:\/\/losperiodistas.com.mx\/portal\/wp-json\/wp\/v2\/users\/1"}],"replies":[{"embeddable":true,"href":"https:\/\/losperiodistas.com.mx\/portal\/wp-json\/wp\/v2\/comments?post=19240"}],"version-history":[{"count":1,"href":"https:\/\/losperiodistas.com.mx\/portal\/wp-json\/wp\/v2\/posts\/19240\/revisions"}],"predecessor-version":[{"id":19242,"href":"https:\/\/losperiodistas.com.mx\/portal\/wp-json\/wp\/v2\/posts\/19240\/revisions\/19242"}],"wp:featuredmedia":[{"embeddable":true,"href":"https:\/\/losperiodistas.com.mx\/portal\/wp-json\/wp\/v2\/media\/19241"}],"wp:attachment":[{"href":"https:\/\/losperiodistas.com.mx\/portal\/wp-json\/wp\/v2\/media?parent=19240"}],"wp:term":[{"taxonomy":"category","embeddable":true,"href":"https:\/\/losperiodistas.com.mx\/portal\/wp-json\/wp\/v2\/categories?post=19240"},{"taxonomy":"post_tag","embeddable":true,"href":"https:\/\/losperiodistas.com.mx\/portal\/wp-json\/wp\/v2\/tags?post=19240"}],"curies":[{"name":"wp","href":"https:\/\/api.w.org\/{rel}","templated":true}]}}