{"id":19234,"date":"2022-01-13T06:00:34","date_gmt":"2022-01-13T12:00:34","guid":{"rendered":"http:\/\/losperiodistas.com.mx\/portal\/?p=19234"},"modified":"2022-01-13T06:00:35","modified_gmt":"2022-01-13T12:00:35","slug":"celac-una-ventana-a-america-latina-para-china-sin-la-interferencia-de-eeuu-sputnik","status":"publish","type":"post","link":"https:\/\/losperiodistas.com.mx\/portal\/celac-una-ventana-a-america-latina-para-china-sin-la-interferencia-de-eeuu-sputnik\/","title":{"rendered":"CELAC, una ventana a Am\u00e9rica Latina para China sin la interferencia de EEUU | Sputnik"},"content":{"rendered":"\n<p><\/p>\n\n\n\n<figure class=\"wp-block-image size-large\"><img fetchpriority=\"high\" decoding=\"async\" width=\"1024\" height=\"576\" src=\"https:\/\/losperiodistas.com.mx\/portal\/wp-content\/uploads\/2022\/01\/Captura-de-Pantalla-2022-01-13-a-las-5.50.29-1024x576.png\" alt=\"\" class=\"wp-image-19235\" srcset=\"https:\/\/losperiodistas.com.mx\/portal\/wp-content\/uploads\/2022\/01\/Captura-de-Pantalla-2022-01-13-a-las-5.50.29-1024x576.png 1024w, https:\/\/losperiodistas.com.mx\/portal\/wp-content\/uploads\/2022\/01\/Captura-de-Pantalla-2022-01-13-a-las-5.50.29-300x169.png 300w, https:\/\/losperiodistas.com.mx\/portal\/wp-content\/uploads\/2022\/01\/Captura-de-Pantalla-2022-01-13-a-las-5.50.29-768x432.png 768w, https:\/\/losperiodistas.com.mx\/portal\/wp-content\/uploads\/2022\/01\/Captura-de-Pantalla-2022-01-13-a-las-5.50.29.png 1202w\" sizes=\"(max-width: 1024px) 100vw, 1024px\" \/><figcaption>\u00a9 AP Photo \/ Oficina de Prensa de la Presidencia de M\u00e9xico<\/figcaption><\/figure>\n\n\n\n<p><\/p>\n\n\n\n<p class=\"has-vivid-cyan-blue-color has-text-color has-medium-font-size\">SPUTNIK<\/p>\n\n\n\n<p>A finales del a\u00f1o pasado, la Comunidad de Estados Latinoamericanos y Caribe\u00f1os (CELAC) adopt\u00f3 un plan de acci\u00f3n conjunto que prev\u00e9 una cooperaci\u00f3n estrecha con China en \u00e1reas claves durante los pr\u00f3ximos a\u00f1os. \u00bfCu\u00e1l es el futuro de este acuerdo y c\u00f3mo impactar\u00e1 la regi\u00f3n?<\/p>\n\n\n\n<p>En conversaci\u00f3n con Sputnik, Daniela Alves, estratega en pol\u00edticas p\u00fablicas y relaciones internacionales y directora del Centro de Estrategia, Inteligencia y Relaciones Internacionales en Sao Paulo (Brasil), habl\u00f3 acerca de la importancia de la organizaci\u00f3n y de su cooperaci\u00f3n con el gigante asi\u00e1tico.<\/p>\n\n\n\n<p>La CELAC es un bloque regional intergubernamental creado en febrero de 2010 que incluye a 33 pa\u00edses de Am\u00e9rica Latina y el Caribe. La organizaci\u00f3n surgi\u00f3 con el objetivo de promover la cooperaci\u00f3n para el desarrollo en diferentes sectores y el di\u00e1logo pol\u00edtico y econ\u00f3mico entre los pa\u00edses de la regi\u00f3n, recuerda la analista.<\/p>\n\n\n\n<p>Alves destac\u00f3 que la CELAC se cre\u00f3 como una alternativa a la Organizaci\u00f3n de los Estados Americanos (OEA), ya que esta \u00faltima \u00abes excesivamente sumisa a los intereses de Estados Unidos\u00bb.<\/p>\n\n\n\n<p>Si bien cree que el organismo, as\u00ed como otras organizaciones latinoamericanas, tiene una relevancia limitada y, muchas veces, incluso cuestionada, la acad\u00e9mica considera que es un espacio importante para China en la regi\u00f3n.<\/p>\n\n\n\n<figure class=\"wp-block-pullquote\"><blockquote><p>\u00abPara China [la cooperaci\u00f3n con la CELAC] es una excelente estrategia y muy interesante para fortalecerse en la regi\u00f3n sin la injerencia de Estados Unidos, ya que ese pa\u00eds no forma parte de la organizaci\u00f3n\u201d, dijo Alves a Sputnik.<\/p><\/blockquote><\/figure>\n\n\n\n<p>Es m\u00e1s, el bloque proporciona un mecanismo eficiente que permite al pa\u00eds asi\u00e1tico concentrar las relaciones con varios pa\u00edses en un \u00fanico lugar, apunt\u00f3 la experta.<\/p>\n\n\n\n<p>En el marco del Plan de Acci\u00f3n Conjunto para la Cooperaci\u00f3n en \u00c1reas Claves China-CELAC (2022-2024), que se firm\u00f3 el pasado diciembre, la analista considera que un punto de extrema importancia es la cuesti\u00f3n de la redes 5G.<\/p>\n\n\n\n<p>Seg\u00fan Alves, la CELAC debe posibilitar la expansi\u00f3n de la empresa china Huawei y su red 5G en Am\u00e9rica Latina, mediante el fortalecimiento de la cooperaci\u00f3n entre gobiernos, empresas e instituciones de investigaci\u00f3n en infraestructura digital.<\/p>\n\n\n\n<p>Adem\u00e1s, el acuerdo prev\u00e9 iniciativas para el desarrollo verde, as\u00ed como el fortalecimiento de la cooperaci\u00f3n en las esferas de econom\u00eda digital, comercio electr\u00f3nico, veh\u00edculos el\u00e9ctricos, inteligencia artificial, entre otros.<\/p>\n\n\n\n<p>Fuente: https:\/\/mundo.sputniknews.com\/20220113\/celac-una-ventana-a-america-latina-para-china-sin-la-interferencia-de-eeuu-1120269893.html<\/p>\n","protected":false},"excerpt":{"rendered":"<p>SPUTNIK A finales del a\u00f1o pasado, la Comunidad de Estados Latinoamericanos y Caribe\u00f1os (CELAC) adopt\u00f3 un plan de acci\u00f3n conjunto [&hellip;]<\/p>\n","protected":false},"author":1,"featured_media":19238,"comment_status":"open","ping_status":"open","sticky":false,"template":"","format":"standard","meta":{"site-sidebar-layout":"default","site-content-layout":"","ast-site-content-layout":"default","site-content-style":"default","site-sidebar-style":"default","ast-global-header-display":"","ast-banner-title-visibility":"","ast-main-header-display":"","ast-hfb-above-header-display":"","ast-hfb-below-header-display":"","ast-hfb-mobile-header-display":"","site-post-title":"","ast-breadcrumbs-content":"","ast-featured-img":"","footer-sml-layout":"","theme-transparent-header-meta":"","adv-header-id-meta":"","stick-header-meta":"","header-above-stick-meta":"","header-main-stick-meta":"","header-below-stick-meta":"","astra-migrate-meta-layouts":"default","ast-page-background-enabled":"default","ast-page-background-meta":{"desktop":{"background-color":"var(--ast-global-color-4)","background-image":"","background-repeat":"repeat","background-position":"center center","background-size":"auto","background-attachment":"scroll","background-type":"","background-media":"","overlay-type":"","overlay-color":"","overlay-opacity":"","overlay-gradient":""},"tablet":{"background-color":"","background-image":"","background-repeat":"repeat","background-position":"center center","background-size":"auto","background-attachment":"scroll","background-type":"","background-media":"","overlay-type":"","overlay-color":"","overlay-opacity":"","overlay-gradient":""},"mobile":{"background-color":"","background-image":"","background-repeat":"repeat","background-position":"center center","background-size":"auto","background-attachment":"scroll","background-type":"","background-media":"","overlay-type":"","overlay-color":"","overlay-opacity":"","overlay-gradient":""}},"ast-content-background-meta":{"desktop":{"background-color":"var(--ast-global-color-5)","background-image":"","background-repeat":"repeat","background-position":"center center","background-size":"auto","background-attachment":"scroll","background-type":"","background-media":"","overlay-type":"","overlay-color":"","overlay-opacity":"","overlay-gradient":""},"tablet":{"background-color":"var(--ast-global-color-5)","background-image":"","background-repeat":"repeat","background-position":"center center","background-size":"auto","background-attachment":"scroll","background-type":"","background-media":"","overlay-type":"","overlay-color":"","overlay-opacity":"","overlay-gradient":""},"mobile":{"background-color":"var(--ast-global-color-5)","background-image":"","background-repeat":"repeat","background-position":"center center","background-size":"auto","background-attachment":"scroll","background-type":"","background-media":"","overlay-type":"","overlay-color":"","overlay-opacity":"","overlay-gradient":""}},"footnotes":""},"categories":[8],"tags":[4077,6896],"class_list":["post-19234","post","type-post","status-publish","format-standard","has-post-thumbnail","hentry","category-noticias","tag-celac","tag-china-comercio"],"_links":{"self":[{"href":"https:\/\/losperiodistas.com.mx\/portal\/wp-json\/wp\/v2\/posts\/19234","targetHints":{"allow":["GET"]}}],"collection":[{"href":"https:\/\/losperiodistas.com.mx\/portal\/wp-json\/wp\/v2\/posts"}],"about":[{"href":"https:\/\/losperiodistas.com.mx\/portal\/wp-json\/wp\/v2\/types\/post"}],"author":[{"embeddable":true,"href":"https:\/\/losperiodistas.com.mx\/portal\/wp-json\/wp\/v2\/users\/1"}],"replies":[{"embeddable":true,"href":"https:\/\/losperiodistas.com.mx\/portal\/wp-json\/wp\/v2\/comments?post=19234"}],"version-history":[{"count":1,"href":"https:\/\/losperiodistas.com.mx\/portal\/wp-json\/wp\/v2\/posts\/19234\/revisions"}],"predecessor-version":[{"id":19239,"href":"https:\/\/losperiodistas.com.mx\/portal\/wp-json\/wp\/v2\/posts\/19234\/revisions\/19239"}],"wp:featuredmedia":[{"embeddable":true,"href":"https:\/\/losperiodistas.com.mx\/portal\/wp-json\/wp\/v2\/media\/19238"}],"wp:attachment":[{"href":"https:\/\/losperiodistas.com.mx\/portal\/wp-json\/wp\/v2\/media?parent=19234"}],"wp:term":[{"taxonomy":"category","embeddable":true,"href":"https:\/\/losperiodistas.com.mx\/portal\/wp-json\/wp\/v2\/categories?post=19234"},{"taxonomy":"post_tag","embeddable":true,"href":"https:\/\/losperiodistas.com.mx\/portal\/wp-json\/wp\/v2\/tags?post=19234"}],"curies":[{"name":"wp","href":"https:\/\/api.w.org\/{rel}","templated":true}]}}