{"id":19231,"date":"2022-01-13T05:46:38","date_gmt":"2022-01-13T11:46:38","guid":{"rendered":"http:\/\/losperiodistas.com.mx\/portal\/?p=19231"},"modified":"2022-01-13T05:46:40","modified_gmt":"2022-01-13T11:46:40","slug":"la-inteligencia-artificial-se-alia-con-la-salud-mental-algoritmos-o-chatbots-contra-la-depresion-y-el-suicidio-rtve","status":"publish","type":"post","link":"https:\/\/losperiodistas.com.mx\/portal\/la-inteligencia-artificial-se-alia-con-la-salud-mental-algoritmos-o-chatbots-contra-la-depresion-y-el-suicidio-rtve\/","title":{"rendered":"La inteligencia artificial se al\u00eda con la salud mental: algoritmos o chatbots contra la depresi\u00f3n y el suicidio | Rtve"},"content":{"rendered":"\n<p style=\"font-size:18px\"><em>Dos ingenieros explican sus proyectos de IA: uno detecta\u00a0conductas suicidas en redes y otro mejora el diagn\u00f3stico y las terapias<\/em><\/p>\n\n\n\n<p><\/p>\n\n\n\n<figure class=\"wp-block-image size-large\"><img fetchpriority=\"high\" decoding=\"async\" width=\"1024\" height=\"577\" src=\"https:\/\/losperiodistas.com.mx\/portal\/wp-content\/uploads\/2022\/01\/ia-1024x577.jpeg\" alt=\"\" class=\"wp-image-19232\" srcset=\"https:\/\/losperiodistas.com.mx\/portal\/wp-content\/uploads\/2022\/01\/ia-1024x577.jpeg 1024w, https:\/\/losperiodistas.com.mx\/portal\/wp-content\/uploads\/2022\/01\/ia-300x169.jpeg 300w, https:\/\/losperiodistas.com.mx\/portal\/wp-content\/uploads\/2022\/01\/ia-768x432.jpeg 768w, https:\/\/losperiodistas.com.mx\/portal\/wp-content\/uploads\/2022\/01\/ia-1536x865.jpeg 1536w, https:\/\/losperiodistas.com.mx\/portal\/wp-content\/uploads\/2022\/01\/ia.jpeg 1600w\" sizes=\"(max-width: 1024px) 100vw, 1024px\" \/><figcaption>Un equipo de ingenieros inform\u00e1ticos trabaja en el desarrollo de tecnolog\u00eda de redes neuronales de aprendizaje autom\u00e1tico\u00a0<em>GETTY IMAGES\/ISTOCKPHOTO\u00a0GETTY IMAGES<\/em><\/figcaption><\/figure>\n\n\n\n<p><\/p>\n\n\n\n<p class=\"has-vivid-cyan-blue-color has-text-color has-medium-font-size\">JESSICA MART\u00cdN \/ RTVE.ES<\/p>\n\n\n\n<p>La<strong>&nbsp;inteligencia artificial (IA)&nbsp;<\/strong>puede convertirse en una&nbsp;poderos\u00edsima aliada a la hora de atajar&nbsp;<a href=\"https:\/\/www.rtve.es\/noticias\/20211215\/datos-salud-mental-espana\/2238590.shtml\">esa otra pandemia<\/a>&nbsp;a la que se enfrenta la sociedad actual, la de los trastornos y enfermedades mentales. Lo afirman de manera tajante&nbsp;los responsables de dos iniciativas que est\u00e1n empleando esta tecnolog\u00eda en beneficio de la salud mental: el&nbsp;<strong>Proyecto STOP<\/strong>, que usa un algoritmo para detectar tentativas suicidas en redes sociales, y la &#8216;start up&#8217;&nbsp;<strong>Aimentia Health<\/strong>, que ha desarrollado un sistema que ayuda a psic\u00f3logos y psiquiatras a ser m\u00e1s precisos con el diagn\u00f3stico y&nbsp;personalizar sus terapias.&nbsp;<\/p>\n\n\n\n<p>Ambas ideas,&nbsp;<strong>impulsadas desde diferentes universidades<\/strong>,&nbsp;comenzaron a materializarse hace varios a\u00f1os de forma humilde, pero es ahora cuando se est\u00e1n desarrollando plenamente y cuando empiezan a ganar terreno en otros pa\u00edses.<\/p>\n\n\n\n<h3 class=\"wp-block-heading\"><strong>Proyecto STOP: un algoritmo para detectar la depresi\u00f3n y prevenir el suicidio<\/strong><\/h3>\n\n\n\n<p><strong>Ana Freire, ingeniera inform\u00e1tica<\/strong>&nbsp;de la UPF Barcelona School of Management, de la Universitat Pompeu Fabra,&nbsp;lidera al equipo multidisciplinar que est\u00e1 detr\u00e1s del&nbsp;<strong>Proyecto STOP<\/strong>, cuyo eje central es un&nbsp;algoritmo que permite detectar tendencias suicidas en redes sociales \u00abrastreando\u00bb una serie de patrones. En su desarrollo y en las acciones de ayuda posteriores participan actualmente varias&nbsp;<strong>universidades, hospitales, centros de investigaci\u00f3n y fundaciones<\/strong>&nbsp;de Espa\u00f1a, Francia y Suiza.<\/p>\n\n\n\n<p>\u00abLo hacemos como lo hacen las grandes empresas para llegar a potenciales compradores, que es a trav\u00e9s de anuncios. Lo que hacemos es intentar caracterizar c\u00f3mo se expresan o qu\u00e9 rasgos tienen los usuarios con alto riesgo de suicidio, todo esto de manera&nbsp;<strong>completamente an\u00f3nima<\/strong>, y despu\u00e9s lanzamos campa\u00f1as dirigidas a usuarios que encajan dentro de estas caracter\u00edsticas, pero que no sabemos qui\u00e9nes son\u00bb, explica Freire, quien&nbsp;precisa que recientemente han ampliado los objetivos.&nbsp;<\/p>\n\n\n\n<figure class=\"wp-block-image\"><img decoding=\"async\" src=\"https:\/\/img2.rtve.es\/im\/6286724\/?w=450\" alt=\"La ingeniera Ana Freire\"\/><figcaption>La ingeniera Ana Freire.<\/figcaption><\/figure>\n\n\n\n<p>Al ir colaborando con numerosos psic\u00f3logos y psiquiatras, contin\u00faa, vieron que \u00abdetr\u00e1s del 90% de suicidios generalmente hay una enfermedad mental y que la depresi\u00f3n es la m\u00e1s habitual\u00bb. Por eso,&nbsp;<strong>empezaron tambi\u00e9n a estudiar la depresi\u00f3n<\/strong>&nbsp;y eso&nbsp;les&nbsp;llev\u00f3 a \u00abuna comunidad muy fuerte\u00bb que con frecuencia demostraba&nbsp;comportamientos suicidas o autolesiones:&nbsp;la de los&nbsp;<strong>trastornos de la conducta alimentaria<\/strong>.<\/p>\n\n\n\n<p>\u00abPara caracterizar a los usuarios&nbsp;utilizamos an\u00e1lisis de datos e inteligencia artificial, de manera que nos podemos descargar muchas publicaciones que hablan de suicidio, por ejemplo, y aprender cu\u00e1les son las&nbsp;<strong>caracter\u00edsticas comunes a usuarios que est\u00e1n en riesgo<\/strong>. Alguna de estas caracter\u00edsticas son demogr\u00e1ficas. Por ejemplo, el perfil de usuario con anorexia suele ser el de una mujer de menos de 29 a\u00f1os.&nbsp;De hecho, m\u00e1s del 60% tiene menos de 19 a\u00f1os y muestra<strong>&nbsp;intereses en dietas muy estrictas,&nbsp;dietas veganas o tablas de ejercicios muy extremas<\/strong>. Nosotros lanzamos las campa\u00f1as a estos usuarios\u00bb, detalla la ingeniera.<a href=\"https:\/\/www.rtve.es\/noticias\/20211215\/recursos-prevencion-suicidio-duelo\/2239580.shtml\"><strong>Recursos para la prevenci\u00f3n del suicidio y para el duelo: gu\u00edas, tel\u00e9fonos, aplicaciones y asociaciones<\/strong><\/a><\/p>\n\n\n\n<p>Por el momento, las redes sociales en las que act\u00faan son<strong>&nbsp;Instagram y Facebook,&nbsp;<\/strong>aunque no descartan abrirse a otras pr\u00f3ximamente. Lo que le llega&nbsp;a los usuarios detectados por el algoritmo&nbsp;son&nbsp;<strong>mensajes en forma de anuncio&nbsp;<\/strong>que brindan ayuda y facilitan&nbsp;el Tel\u00e9fono de la Esperanza o el de Prevenci\u00f3n al suicidio.&nbsp;Ambas l\u00edneas dependen&nbsp;de la Fundaci\u00f3 Ayuda y Esperanza de Barcelona, que colabora con el proyecto y atiende llamadas procedentes de cualquier comunidad aut\u00f3noma.<\/p>\n\n\n\n<p>Teniendo en cuenta que en Espa\u00f1a el sucidio es&nbsp;la&nbsp;<strong><a href=\"https:\/\/www.rtve.es\/noticias\/20211124\/cronicas-suicidio-primera-causa-muerte-jovenes-espana\/2232960.shtml\">primera causa de muerte no natural<\/a>&nbsp;<\/strong>dentro de la franja de edad que va de los 15 a los 29 a\u00f1os, ofrecer apoyo a los j\u00f3venes en redes sociales, que son canales donde habitualmente est\u00e1n presentes, es especialmente relevante, apunta la ingeniera.<\/p>\n\n\n\n<p>\u00abLa primera campa\u00f1a la lanzamos las Navidades de 2020, durante 24 d\u00edas, y lleg\u00f3 a m\u00e1s de 600.000 personas y&nbsp;<strong>conseguimos aumentar en un 60 % el n\u00famero de llamadas al Tel\u00e9fono de la Esperanza<\/strong>&nbsp;provenientes de redes sociales solo en este periodo.&nbsp;Ves que realmente hay una necesidad de ayuda y que cuando se ofrece esta ayuda se aprovecha. Lo que queremos hacer nosotros es complementar la ayuda que ofrecen las consultas f\u00edsicas porque<strong>&nbsp;mucha gente que comete un suicidio o que tiene problemas de salud mental,&nbsp;<a href=\"https:\/\/www.rtve.es\/noticias\/20211221\/35-suicidios-no-tienen-siguen-tratamiento-medico\/2241998.shtml\">nunca recibe&nbsp;un diagn\u00f3stico<\/a><\/strong>&nbsp;porque no van a una consulta. Sin embargo, quiz\u00e1 a trav\u00e9s de redes sociales s\u00ed&nbsp;podemos detectar algunas pistas de que tienen un problema y podemos llegar a ayudar\u00bb, concluye Freire, que&nbsp;tuvo la idea inicial en la que se basa la iniciativa hace unos seis a\u00f1os.<\/p>\n\n\n\n<h3 class=\"wp-block-heading\"><strong>La &#8216;start up&#8217; Aimentia y su sistema para mejorar el diagn\u00f3stico y la terapia<\/strong><\/h3>\n\n\n\n<p>Tambi\u00e9n&nbsp;<strong>Edgar Jorba<\/strong>, un&nbsp;joven ingeniero de Tecnolog\u00edas y Servicios de Telecomunicaci\u00f3n, fue quien ide\u00f3 el proyecto que ahora encabeza. Mientras cursaba la carrera, colabor\u00f3 con en el Departamento de Innovaci\u00f3n del Servicio de Psicolog\u00eda de un centro m\u00e9dico de Barcelona y&nbsp;<strong>empez\u00f3 a darse cuenta de que los profesionales carec\u00edan de herramientas modernas<\/strong>&nbsp;con las que ayudar m\u00e1s y mejor a los pacientes.<\/p>\n\n\n\n<p>Por eso,&nbsp;decidi\u00f3 \u00abdar el salto\u00bb al emprendimiento y poner en marcha Aimentia Health, una empresa emergente impulsada por la Universitat Oberta de Catalunya que usa&nbsp;la inteligencia artificial para recoger datos de pacientes y crear<strong>&nbsp;un sistema que genera hip\u00f3tesis sobre el problema y su posible soluci\u00f3n.<\/strong>&nbsp;Actualmente hay seis personas fijas en el equipo que trabajan con investigadores y profesionales externos, no solo en Espa\u00f1a sino tambi\u00e9n \u2014desde finales de 2021\u2014 en Chile, Argentina y M\u00e9xico.<\/p>\n\n\n\n<figure class=\"wp-block-image\"><img decoding=\"async\" src=\"https:\/\/img2.rtve.es\/im\/6286742\/?w=450\" alt=\"El ingeniero Edgar Jorba.\"\/><figcaption>El ingeniero Edgar Jorba.<\/figcaption><\/figure>\n\n\n\n<p>\u00abEn salud mental el problema que tenemos es que muchas veces&nbsp;<strong>los cuadros cl\u00ednicos no son tan definidos como los de medicina general<\/strong>, donde a menudo con pruebas emp\u00edricas (como an\u00e1lisis de sangre o radiograf\u00edas) es f\u00e1cil poner un tratamiento. Esto en salud mental no siempre se puede realizar, por lo que necesitamos una parte de datos a\u00f1adidos, de<strong>&nbsp;variables dimensionales&nbsp;<\/strong>como el entorno familiar, cosas que no son puramente org\u00e1nicas y que pueden aportar informaci\u00f3n a los m\u00e9dicos para entender mejor qu\u00e9 le est\u00e1 pasando a su paciente y las tendencias que pueden tener\u00bb, explica Jorba.&nbsp;<\/p>\n\n\n\n<p>Lo que ha creado su equipo es<strong>&nbsp;un lenguaje de programaci\u00f3n basado tanto en los s\u00edntomas<\/strong>&nbsp;como en los patrones no cl\u00ednicos que hace comparativas an\u00f3nimas entre perfiles, lanza sugerencias sobre posibles diagn\u00f3sticos o tratamientos, y&nbsp;permite personalizar terapias. En definitiva, es un \u00abasistente virtual\u00bb para profesionales de la psciolog\u00eda, la psiquiatr\u00eda y la neurolog\u00eda, que en paralelo tambi\u00e9n ofrece una cl\u00ednica para pacientes.<\/p>\n\n\n\n<p>Una de las principales&nbsp;ventajas, se\u00f1ala Jorba, es que&nbsp;<strong>puede ayudar a los m\u00e9dicos a ser m\u00e1s precisos<\/strong>, teniendo en cuenta que \u00abel 50 % de los pacientes recibe un diagn\u00f3stico o tratamiento err\u00f3neo\u00bb.&nbsp;<\/p>\n\n\n\n<h3 class=\"wp-block-heading\"><strong>Los usos profesionales del &#8216;chatbot&#8217; y las &#8216;apps&#8217; de \u00abamigos virtuales\u00bb<\/strong><\/h3>\n\n\n\n<p>Tanto Freire como Jorba prev\u00e9n que<strong>&nbsp;la inteligencia artificial tendr\u00e1 un enorme recorrido dentro del \u00e1mbito de la salud<\/strong>&nbsp;y se ha visto, apuntan, en lo \u00fatil que result\u00f3&nbsp;esta tecnolog\u00eda al inicio de la pandemia de COVID-19 para detectar de forma r\u00e1pida la sintomatolog\u00eda en pacientes o en&nbsp;c\u00f3mo ayud\u00f3 en el dise\u00f1o de la vacuna.<\/p>\n\n\n\n<p>En la rama espec\u00edfica de la salud mental lo que&nbsp;<strong>empieza a despuntar, cuentan, es el empleo de &#8216;chatbots&#8217;<\/strong>&nbsp;para llegar a los pacientes que necesitan ayuda o para realizar una primera evaluaci\u00f3n y detectar si, por ejemplo, hay riesgo de suicidio.&nbsp;<\/p>\n\n\n\n<p>\u00abSon<strong>&nbsp;robots conversacionales<\/strong>&nbsp;que pueden ayudar en terapias de salud mental. Sobre todo a&nbsp;los m\u00e1s j\u00f3venes, los&nbsp;de la generaci\u00f3n Z,&nbsp;hablar a trav\u00e9s del texto directamente a lo mejor les resulta un poco m\u00e1s c\u00f3modo porque est\u00e1n acostumbrados a eso (&#8230;) Tambi\u00e9n muchos quiz\u00e1 siguen viviendo en casa de sus padres y prefieren chatear en vez de hablar por tel\u00e9fono para que no les escuchen\u00bb, se\u00f1ala Freire.&nbsp;<\/p>\n\n\n\n<figure class=\"wp-block-pullquote\"><blockquote><p>\u201cEs muy importante entender muy bien las capacidades que puede tener la inteligencia artificial y limitarla\u201c<\/p><\/blockquote><\/figure>\n\n\n\n<p>Sin embargo, aunque estos &#8216;chatbots&#8217; pueden ser muy \u00fatiles en esos casos, tambi\u00e9n son un asunto \u00abdelicado\u00bb, subraya Jorba: \u00abEs muy importante entender muy bien las capacidades que puede tener la inteligencia artificial y limitarla para proteger al paciente. Hemos encontrado casos como el de Nabla, que es un &#8216;chatbot&#8217; que hace unos meses hizo una prueba con pacientes y, desgraciadamente,&nbsp;<strong>recomend\u00f3 a uno que se suicidase<\/strong>. Si no limitamos la capacidad de la IA y la ponemos a disposici\u00f3n de un paciente directamente, es algo peligroso porque no tenemos el control cient\u00edfico sobre ello\u00bb.&nbsp;<\/p>\n\n\n\n<p>Por eso, los dos expertos en IA se muestran reticentes respecto a las &#8216;apps&#8217; que se pueden descargar los usuarios en sus tel\u00e9fonos m\u00f3viles;&nbsp;creen que, si est\u00e1n bien dise\u00f1adas y solo se usan para mejorar el bienestar emocional, pueden ser \u00fatiles para algunas personas, pero advierten de que&nbsp;<strong>en ning\u00fan caso deben sustituir&nbsp;por completo a la atenci\u00f3n profesional&nbsp;<\/strong>o al contacto humano.<\/p>\n\n\n\n<p>Una de las &#8216;apps&#8217; m\u00e1s llamativas que se basan en un &#8216;chatbot&#8217; y que se pueden descargar en tel\u00e9fonos m\u00f3viles es Replika. En este caso, lo que ofrece es&nbsp;un \u00abamigo\u00bb virtual&nbsp;capaz de mantener&nbsp;<strong>conversaciones personalizadas<\/strong>&nbsp;(mediante texto o voz) y de acompa\u00f1ar a quienes se sientan solos o necesiten ser escuchados. Para ello utiliza el<strong>&nbsp;aprendizaje autom\u00e1tico de patrones<\/strong>: cuanto m\u00e1s conversa el usuario con \u00e9l, m\u00e1s sabe qu\u00e9 necesita leer o escuchar.<\/p>\n\n\n\n<figure class=\"wp-block-image\"><img decoding=\"async\" src=\"https:\/\/img2.rtve.es\/im\/6286740\/?w=900\" alt=\"Capturas de la 'app' Replika.\"\/><figcaption>Capturas de la &#8216;app&#8217; Replika.&nbsp;<em>REPLIKA<\/em><\/figcaption><\/figure>\n\n\n\n<p>Seg\u00fan se detalla&nbsp;en la web de la aplicaci\u00f3n, este robot \u00abpuede ser especialmente \u00fatil para personas que se sienten solas, deprimidas o tienen pocas conexiones sociales. Replika<strong>&nbsp;intenta alentar y apoyar a las personas hablando sobre su d\u00eda<\/strong>, sus intereses y su vida en general\u00bb.&nbsp;<\/p>\n\n\n\n<p>Y, si el prop\u00f3sito y el funcionamiento que tiene la &#8216;app&#8217; ya resulta impactante, lo es m\u00e1s a\u00fan la idea de la que parti\u00f3. Su fundadora, Eugenia Kuyda,&nbsp;<strong>perdi\u00f3 a su mejor amigo en 2015 por un accidente de tr\u00e1fico&nbsp;<\/strong>y decidi\u00f3 entonces que pod\u00eda recrearlo utilizando sus \u00abrestos\u00bb digitales.&nbsp;<\/p>\n\n\n\n<p>Decidi\u00f3 entonces recopilar las conversaciones que hab\u00eda mantenido con \u00e9l por internet y pedirle a amigos del joven que le enviaran tambi\u00e9n las suyas para introducir despu\u00e9s&nbsp;toda esa informaci\u00f3n en un pograma de inteligencia artificial que hab\u00eda creado. El sistema consigui\u00f3 \u00abreplicar\u00bb a su amigo de forma virtual&nbsp;y eso deriv\u00f3, tiempo despu\u00e9s, en una aplicaci\u00f3n que cuenta actualmente con&nbsp;<strong>m\u00e1s de diez millones de usuarios registrados<\/strong>.&nbsp;<\/p>\n\n\n\n<p>El futuro de este tipo de aplicaciones, en particular, y el de la inteligencia artificial, en general, est\u00e1 a\u00fan empez\u00e1ndose a escribir, pero los expertos entrevistados\u00a0ven con mucha claridad que la protecci\u00f3n de la salud mental seguir\u00e1 estrechando lazos con los algoritmos y los &#8216;bots&#8217;. \u00abSoy un fiel defensor desde hace muchos a\u00f1os de que\u00a0<strong>la tecnolog\u00eda est\u00e1 aqu\u00ed para ayudar<\/strong>\u00ab, concluye Jorba.<\/p>\n\n\n\n<p>Fuente: https:\/\/www.rtve.es\/noticias\/20220113\/inteligencia-artificial-salud-mental\/2253807.shtml<\/p>\n","protected":false},"excerpt":{"rendered":"<p>Dos ingenieros explican sus proyectos de IA: uno detecta\u00a0conductas suicidas en redes y otro mejora el diagn\u00f3stico y las terapias [&hellip;]<\/p>\n","protected":false},"author":1,"featured_media":19232,"comment_status":"open","ping_status":"open","sticky":false,"template":"","format":"standard","meta":{"site-sidebar-layout":"default","site-content-layout":"","ast-site-content-layout":"default","site-content-style":"default","site-sidebar-style":"default","ast-global-header-display":"","ast-banner-title-visibility":"","ast-main-header-display":"","ast-hfb-above-header-display":"","ast-hfb-below-header-display":"","ast-hfb-mobile-header-display":"","site-post-title":"","ast-breadcrumbs-content":"","ast-featured-img":"","footer-sml-layout":"","theme-transparent-header-meta":"","adv-header-id-meta":"","stick-header-meta":"","header-above-stick-meta":"","header-main-stick-meta":"","header-below-stick-meta":"","astra-migrate-meta-layouts":"default","ast-page-background-enabled":"default","ast-page-background-meta":{"desktop":{"background-color":"var(--ast-global-color-4)","background-image":"","background-repeat":"repeat","background-position":"center center","background-size":"auto","background-attachment":"scroll","background-type":"","background-media":"","overlay-type":"","overlay-color":"","overlay-opacity":"","overlay-gradient":""},"tablet":{"background-color":"","background-image":"","background-repeat":"repeat","background-position":"center center","background-size":"auto","background-attachment":"scroll","background-type":"","background-media":"","overlay-type":"","overlay-color":"","overlay-opacity":"","overlay-gradient":""},"mobile":{"background-color":"","background-image":"","background-repeat":"repeat","background-position":"center center","background-size":"auto","background-attachment":"scroll","background-type":"","background-media":"","overlay-type":"","overlay-color":"","overlay-opacity":"","overlay-gradient":""}},"ast-content-background-meta":{"desktop":{"background-color":"var(--ast-global-color-5)","background-image":"","background-repeat":"repeat","background-position":"center center","background-size":"auto","background-attachment":"scroll","background-type":"","background-media":"","overlay-type":"","overlay-color":"","overlay-opacity":"","overlay-gradient":""},"tablet":{"background-color":"var(--ast-global-color-5)","background-image":"","background-repeat":"repeat","background-position":"center center","background-size":"auto","background-attachment":"scroll","background-type":"","background-media":"","overlay-type":"","overlay-color":"","overlay-opacity":"","overlay-gradient":""},"mobile":{"background-color":"var(--ast-global-color-5)","background-image":"","background-repeat":"repeat","background-position":"center center","background-size":"auto","background-attachment":"scroll","background-type":"","background-media":"","overlay-type":"","overlay-color":"","overlay-opacity":"","overlay-gradient":""}},"footnotes":""},"categories":[8],"tags":[6882,4720,6895],"class_list":["post-19231","post","type-post","status-publish","format-standard","has-post-thumbnail","hentry","category-noticias","tag-depresion","tag-inteligencia-artificial","tag-proyecto-stop"],"_links":{"self":[{"href":"https:\/\/losperiodistas.com.mx\/portal\/wp-json\/wp\/v2\/posts\/19231","targetHints":{"allow":["GET"]}}],"collection":[{"href":"https:\/\/losperiodistas.com.mx\/portal\/wp-json\/wp\/v2\/posts"}],"about":[{"href":"https:\/\/losperiodistas.com.mx\/portal\/wp-json\/wp\/v2\/types\/post"}],"author":[{"embeddable":true,"href":"https:\/\/losperiodistas.com.mx\/portal\/wp-json\/wp\/v2\/users\/1"}],"replies":[{"embeddable":true,"href":"https:\/\/losperiodistas.com.mx\/portal\/wp-json\/wp\/v2\/comments?post=19231"}],"version-history":[{"count":1,"href":"https:\/\/losperiodistas.com.mx\/portal\/wp-json\/wp\/v2\/posts\/19231\/revisions"}],"predecessor-version":[{"id":19233,"href":"https:\/\/losperiodistas.com.mx\/portal\/wp-json\/wp\/v2\/posts\/19231\/revisions\/19233"}],"wp:featuredmedia":[{"embeddable":true,"href":"https:\/\/losperiodistas.com.mx\/portal\/wp-json\/wp\/v2\/media\/19232"}],"wp:attachment":[{"href":"https:\/\/losperiodistas.com.mx\/portal\/wp-json\/wp\/v2\/media?parent=19231"}],"wp:term":[{"taxonomy":"category","embeddable":true,"href":"https:\/\/losperiodistas.com.mx\/portal\/wp-json\/wp\/v2\/categories?post=19231"},{"taxonomy":"post_tag","embeddable":true,"href":"https:\/\/losperiodistas.com.mx\/portal\/wp-json\/wp\/v2\/tags?post=19231"}],"curies":[{"name":"wp","href":"https:\/\/api.w.org\/{rel}","templated":true}]}}