{"id":19228,"date":"2022-01-13T05:29:56","date_gmt":"2022-01-13T11:29:56","guid":{"rendered":"http:\/\/losperiodistas.com.mx\/portal\/?p=19228"},"modified":"2022-01-13T05:29:58","modified_gmt":"2022-01-13T11:29:58","slug":"uif-obligado-a-revelar-investigaciones-contra-amlo-epn-calderon-fox-zedillo-y-salinas-infobae","status":"publish","type":"post","link":"https:\/\/losperiodistas.com.mx\/portal\/uif-obligado-a-revelar-investigaciones-contra-amlo-epn-calderon-fox-zedillo-y-salinas-infobae\/","title":{"rendered":"UIF obligado a revelar investigaciones contra AMLO, EPN, Calder\u00f3n, Fox, Zedillo y Salinas | Infobae"},"content":{"rendered":"\n<p style=\"font-size:18px\"><em>Financiamiento al terrorismo, operaciones con recursos de procedencia il\u00edcita y otros presuntos delitos destacaron dentro de la solicitud a la SHCP<\/em><\/p>\n\n\n\n<p><\/p>\n\n\n\n<figure class=\"wp-block-image size-large\"><img fetchpriority=\"high\" decoding=\"async\" width=\"1024\" height=\"580\" src=\"https:\/\/losperiodistas.com.mx\/portal\/wp-content\/uploads\/2022\/01\/Captura-de-Pantalla-2022-01-13-a-las-5.24.48-1024x580.png\" alt=\"\" class=\"wp-image-19229\" srcset=\"https:\/\/losperiodistas.com.mx\/portal\/wp-content\/uploads\/2022\/01\/Captura-de-Pantalla-2022-01-13-a-las-5.24.48-1024x580.png 1024w, https:\/\/losperiodistas.com.mx\/portal\/wp-content\/uploads\/2022\/01\/Captura-de-Pantalla-2022-01-13-a-las-5.24.48-300x170.png 300w, https:\/\/losperiodistas.com.mx\/portal\/wp-content\/uploads\/2022\/01\/Captura-de-Pantalla-2022-01-13-a-las-5.24.48-768x435.png 768w, https:\/\/losperiodistas.com.mx\/portal\/wp-content\/uploads\/2022\/01\/Captura-de-Pantalla-2022-01-13-a-las-5.24.48.png 1366w\" sizes=\"(max-width: 1024px) 100vw, 1024px\" \/><figcaption>Ahora podr\u00e1n conocerse todas las denuncias en contra del presidente y ex presidentes ante la UIF por delitos fiscales (Fotoarte: Jovani Silva\/ Infobae M\u00e9xico)<\/figcaption><\/figure>\n\n\n\n<p><\/p>\n\n\n\n<p class=\"has-vivid-cyan-blue-color has-text-color has-medium-font-size\">INFOBAE<\/p>\n\n\n\n<p>Por unanimidad, los comisionados del Instituto Nacional de Transparencia, Acceso a la Informaci\u00f3n y Protecci\u00f3n de Datos Personales (INAI) aprobaron el proyecto que<strong>&nbsp;revelar\u00e1 todas las investigaciones fiscales que pesan en los ex presidentes de M\u00e9xico y AMLO.<\/strong><\/p>\n\n\n\n<p>De acuerdo con el proyecto presentado ante el INAI por el comisionado Francisco Javier Acu\u00f1a Llamas, un ciudadano ejerci\u00f3 su derecho a la informaci\u00f3n p\u00fablica con el objetivo de&nbsp;<strong>precisar el n\u00famero de denuncias ante la Unidad de Inteligencia Financiera<\/strong>&nbsp;(UIF) en contra de los presidentes de M\u00e9xico.<\/p>\n\n\n\n<p>En espec\u00edfico, en contra de los priistas&nbsp;<strong>Carlos Salinas de Gortario, Ernesto Zedillo y Enrique Pe\u00f1a Nieto<\/strong>, los panistas<strong>&nbsp;Vicente Fox y Felipe Calder\u00f3n<\/strong>, as\u00ed como el morenista&nbsp;<strong>Andr\u00e9s Manuel L\u00f3pez Obrador<\/strong>.<img decoding=\"async\" alt=\"INAI consider\u00f3 que al tratarse de un ejercicio de rendici\u00f3n de cuentas, deber\u00edan ser datos p\u00fablicos (Foto: Cortes\u00eda INAI)\" src=\"https:\/\/www.infobae.com\/new-resizer\/JyQV8vMM04AOIyDkGGuk15ELdM8=\/420x236\/filters:format(webp):quality(85)\/cloudfront-us-east-1.images.arcpublishing.com\/infobae\/27WDTVJPIVAXHIKRPA3JZGV5U4.jpg%20420w\" height=\"1080\" width=\"1920\" srcset=\"https:\/\/www.infobae.com\/new-resizer\/JyQV8vMM04AOIyDkGGuk15ELdM8=\/420x236\/filters:format(webp):quality(85)\/cloudfront-us-east-1.images.arcpublishing.com\/infobae\/27WDTVJPIVAXHIKRPA3JZGV5U4.jpg 420w,https:\/\/www.infobae.com\/new-resizer\/KlliyfUiOeljZmaxMsKNCN98--E=\/768x432\/filters:format(webp):quality(85)\/cloudfront-us-east-1.images.arcpublishing.com\/infobae\/27WDTVJPIVAXHIKRPA3JZGV5U4.jpg 768w,https:\/\/www.infobae.com\/new-resizer\/w5XgtWtJrqW-3XDUY2IRjbPE5W0=\/992x558\/filters:format(webp):quality(85)\/cloudfront-us-east-1.images.arcpublishing.com\/infobae\/27WDTVJPIVAXHIKRPA3JZGV5U4.jpg 992w,https:\/\/www.infobae.com\/new-resizer\/hQ-cHBYX-8Tp2h_CoClUFHs3F28=\/1200x675\/filters:format(webp):quality(85)\/cloudfront-us-east-1.images.arcpublishing.com\/infobae\/27WDTVJPIVAXHIKRPA3JZGV5U4.jpg 1200w,https:\/\/www.infobae.com\/new-resizer\/JswlNTgROMAS3CsAWy9rFzJx3eE=\/1440x810\/filters:format(webp):quality(85)\/cloudfront-us-east-1.images.arcpublishing.com\/infobae\/27WDTVJPIVAXHIKRPA3JZGV5U4.jpg 1440w\">INAI consider\u00f3 que al tratarse de un ejercicio de rendici\u00f3n de cuentas, deber\u00edan ser datos p\u00fablicos (Foto: Cortes\u00eda INAI)<\/p>\n\n\n\n<p>De manera concreta, se pidi\u00f3 el n\u00famero de carpetas de investigaci\u00f3n abiertas y carpetas cerradas por los delitos que pudiesen haber cometido los pol\u00edticos mencionados, y en relaci\u00f3n con<strong>&nbsp;enriquecimientos, corrupci\u00f3n o algunos otros considerados como \u201ctraici\u00f3n a la patria\u201d.<\/strong><\/p>\n\n\n\n<p>Sin embargo, la petici\u00f3n dirigida a la Secretar\u00eda de Hacienda y Cr\u00e9dito P\u00fablico (SHCP), fue respondida con una negativa, al argumentar que&nbsp;<strong>se trata de informaci\u00f3n supuestamente confidencial<\/strong>, e impedida para emitir procedimiento alguno sobre la existencia de dichas carpetas.<\/p>\n\n\n\n<p>Pero el comisionado asegur\u00f3 que en estos casos, en caso de existir o ser ciertas y comprobadas las carpetas de investigaci\u00f3n, entonces&nbsp;<strong>tendr\u00edan que ser reveladas al p\u00fablico \u201cpor la trascendencia de estas figuras\u201d.<\/strong><\/p>\n\n\n\n<p>\u201c\u00bfPor qu\u00e9 en el caso de ex funcionarios o de funcionarios de alt\u00edsimo nivel cabe una excepci\u00f3n a lo que ya dec\u00edamos, puede ser la regla de la confidencialidad? Bueno, porque ac\u00e1 se antepone tambi\u00e9n el bien principal que es naturalmente el de la&nbsp;<strong>reducci\u00f3n de cuentas<\/strong>\u201d, asegur\u00f3 el comisionado.<img decoding=\"async\" alt=\"A\u00fan no se dan a conocer avances en las investigaciones para presentar a juicio a ex presidentes (Fotoarte: Steve Allen)\" src=\"https:\/\/www.infobae.com\/new-resizer\/sv1nMDpJGLd2uYNMnFXHeM6cVrc=\/420x236\/filters:format(webp):quality(85)\/cloudfront-us-east-1.images.arcpublishing.com\/infobae\/LP5BNHVDPZG3JETY2I3VSY6HBQ.jpg%20420w\" height=\"1080\" width=\"1920\" srcset=\"https:\/\/www.infobae.com\/new-resizer\/sv1nMDpJGLd2uYNMnFXHeM6cVrc=\/420x236\/filters:format(webp):quality(85)\/cloudfront-us-east-1.images.arcpublishing.com\/infobae\/LP5BNHVDPZG3JETY2I3VSY6HBQ.jpg 420w,https:\/\/www.infobae.com\/new-resizer\/qe-Htgcqvy_I778DpBYHpyu_av8=\/768x432\/filters:format(webp):quality(85)\/cloudfront-us-east-1.images.arcpublishing.com\/infobae\/LP5BNHVDPZG3JETY2I3VSY6HBQ.jpg 768w,https:\/\/www.infobae.com\/new-resizer\/ggidG0R2fP3RuuHB6amuNr4CDy0=\/992x558\/filters:format(webp):quality(85)\/cloudfront-us-east-1.images.arcpublishing.com\/infobae\/LP5BNHVDPZG3JETY2I3VSY6HBQ.jpg 992w,https:\/\/www.infobae.com\/new-resizer\/HZW262Y908wUuYwYTgyGnephWY0=\/1200x675\/filters:format(webp):quality(85)\/cloudfront-us-east-1.images.arcpublishing.com\/infobae\/LP5BNHVDPZG3JETY2I3VSY6HBQ.jpg 1200w,https:\/\/www.infobae.com\/new-resizer\/Ath_gavAnaeLAzHsmD9TkqLLLYs=\/1440x810\/filters:format(webp):quality(85)\/cloudfront-us-east-1.images.arcpublishing.com\/infobae\/LP5BNHVDPZG3JETY2I3VSY6HBQ.jpg 1440w\">A\u00fan no se dan a conocer avances en las investigaciones para presentar a juicio a ex presidentes (Fotoarte: Steve Allen)<\/p>\n\n\n\n<p>En este sentido, el comisionado Francisco Javier Acu\u00f1a Llamas propuso&nbsp;<strong>que se modifique la respuesta de la SHCP<\/strong>&nbsp;y se le instruyan los siguientes puntos:<\/p>\n\n\n\n<p>\u00b0 En caso de existir, proporcionar el&nbsp;<strong>n\u00famero de denuncias&nbsp;<\/strong>que la UIF ha presentado ante la Fiscal\u00eda General de la Rep\u00fablica (FGR)&nbsp;<strong>por delitos de operaciones con recursos de procedencia il\u00edcita y financiamiento al terrorismo<\/strong>, as\u00ed como corrupci\u00f3n y los delitos del Art\u00edculo 139 del C\u00f3digo Penal Federal, o que pudieran ubicarse en los supuestos del Art\u00edculo 400 bis del mismo C\u00f3digo, en contra Carlos Salinas de Gortari, Ernesto Zedillo, Vicente Fox, Felipe Calder\u00f3n, Enrique Pe\u00f1a Nieto y Andr\u00e9s Manuel L\u00f3pez Obrador,&nbsp;<strong>registradas entre el a\u00f1o 2005 y el dato m\u00e1s actualizado que se tenga al 30 de agosto de 2021.<\/strong><\/p>\n\n\n\n<p>\u00b0<strong>&nbsp;Fecha de presentaci\u00f3n de la solicitud<\/strong>, desglosado por nombre y mes en el que se present\u00f3, si es que lo hubo, denuncia y la delegaci\u00f3n de la Fiscal\u00eda que hubiese recibido tal denuncia o requerimiento.<\/p>\n\n\n\n<p>\u00b0<strong>&nbsp;Que se asuma competencia en relaci\u00f3n con los requerimientos&nbsp;<\/strong>dos y tres de la solicitud, y se emita la respuesta que conforme a derecho corresponda.<img loading=\"lazy\" decoding=\"async\" alt=\"Las denuncias a ex presidentes deber\u00e1n ser las registradas entre el a\u00f1o 2005 y el dato m\u00e1s actualizado que se tenga al 30 de agosto de 2021 (Foto: Cuartoscuro)\" src=\"https:\/\/www.infobae.com\/new-resizer\/R38eJSaAgqI0Bu_vSYE5sN0AbcE=\/420x236\/filters:format(webp):quality(85)\/cloudfront-us-east-1.images.arcpublishing.com\/infobae\/2PHEBYOGMFHTTCIWVIDW7QVXBE.jpg%20420w\" height=\"1080\" width=\"1920\" srcset=\"https:\/\/www.infobae.com\/new-resizer\/R38eJSaAgqI0Bu_vSYE5sN0AbcE=\/420x236\/filters:format(webp):quality(85)\/cloudfront-us-east-1.images.arcpublishing.com\/infobae\/2PHEBYOGMFHTTCIWVIDW7QVXBE.jpg 420w,https:\/\/www.infobae.com\/new-resizer\/yUAX3DsIfqWtweZY5VP4bj30ccs=\/768x432\/filters:format(webp):quality(85)\/cloudfront-us-east-1.images.arcpublishing.com\/infobae\/2PHEBYOGMFHTTCIWVIDW7QVXBE.jpg 768w,https:\/\/www.infobae.com\/new-resizer\/djYbxsAjG3WaBDJGeDOvR6obmwY=\/992x558\/filters:format(webp):quality(85)\/cloudfront-us-east-1.images.arcpublishing.com\/infobae\/2PHEBYOGMFHTTCIWVIDW7QVXBE.jpg 992w,https:\/\/www.infobae.com\/new-resizer\/KbKRSGtGsXU7RbRTTihUfJd20i0=\/1200x675\/filters:format(webp):quality(85)\/cloudfront-us-east-1.images.arcpublishing.com\/infobae\/2PHEBYOGMFHTTCIWVIDW7QVXBE.jpg 1200w,https:\/\/www.infobae.com\/new-resizer\/tGbJ7YJUqozeiVTcSoFgjM8NdZA=\/1440x810\/filters:format(webp):quality(85)\/cloudfront-us-east-1.images.arcpublishing.com\/infobae\/2PHEBYOGMFHTTCIWVIDW7QVXBE.jpg 1440w\">Las denuncias a ex presidentes deber\u00e1n ser las registradas entre el a\u00f1o 2005 y el dato m\u00e1s actualizado que se tenga al 30 de agosto de 2021 (Foto: Cuartoscuro)<\/p>\n\n\n\n<p>En este contexto, la comisionada presidenta, Blanca Lilia Ibarra Cadena,&nbsp;<em>reconoci\u00f3 el proyecto de su hom\u00f3logo<\/em>&nbsp;y agreg\u00f3: \u201cel sujeto obligado cuenta con facultades para dar seguimiento a las indagatorias que se abran con motivo de las denuncias presentadas ante la autoridad ministerial, que en consecuencia<strong>&nbsp;se ordena asumir competencias sobre esa vertiente de la solicitud<\/strong>\u201d.<\/p>\n\n\n\n<p>Tras la votaci\u00f3n, se decidi\u00f3, por unanimidad, aprobar la<strong>\u00a0Resoluci\u00f3n del Recurso de Revisi\u00f3n<\/strong>\u00a0identificado con la clave RRA11523\/21, con los votos particulares de la comisionada Norma Julieta del R\u00edo Venegas y el comisionado Oscar Mauricio Guerra Ford.<\/p>\n\n\n\n<p>Fuente: https:\/\/www.infobae.com\/america\/mexico\/2022\/01\/13\/uif-obligado-a-revelar-investigaciones-contra-amlo-epn-calderon-fox-zedillo-y-salinas\/<\/p>\n","protected":false},"excerpt":{"rendered":"<p>Financiamiento al terrorismo, operaciones con recursos de procedencia il\u00edcita y otros presuntos delitos destacaron dentro de la solicitud a la [&hellip;]<\/p>\n","protected":false},"author":1,"featured_media":19229,"comment_status":"open","ping_status":"open","sticky":false,"template":"","format":"standard","meta":{"site-sidebar-layout":"default","site-content-layout":"","ast-site-content-layout":"default","site-content-style":"default","site-sidebar-style":"default","ast-global-header-display":"","ast-banner-title-visibility":"","ast-main-header-display":"","ast-hfb-above-header-display":"","ast-hfb-below-header-display":"","ast-hfb-mobile-header-display":"","site-post-title":"","ast-breadcrumbs-content":"","ast-featured-img":"","footer-sml-layout":"","theme-transparent-header-meta":"","adv-header-id-meta":"","stick-header-meta":"","header-above-stick-meta":"","header-main-stick-meta":"","header-below-stick-meta":"","astra-migrate-meta-layouts":"default","ast-page-background-enabled":"default","ast-page-background-meta":{"desktop":{"background-color":"var(--ast-global-color-4)","background-image":"","background-repeat":"repeat","background-position":"center center","background-size":"auto","background-attachment":"scroll","background-type":"","background-media":"","overlay-type":"","overlay-color":"","overlay-opacity":"","overlay-gradient":""},"tablet":{"background-color":"","background-image":"","background-repeat":"repeat","background-position":"center center","background-size":"auto","background-attachment":"scroll","background-type":"","background-media":"","overlay-type":"","overlay-color":"","overlay-opacity":"","overlay-gradient":""},"mobile":{"background-color":"","background-image":"","background-repeat":"repeat","background-position":"center center","background-size":"auto","background-attachment":"scroll","background-type":"","background-media":"","overlay-type":"","overlay-color":"","overlay-opacity":"","overlay-gradient":""}},"ast-content-background-meta":{"desktop":{"background-color":"var(--ast-global-color-5)","background-image":"","background-repeat":"repeat","background-position":"center center","background-size":"auto","background-attachment":"scroll","background-type":"","background-media":"","overlay-type":"","overlay-color":"","overlay-opacity":"","overlay-gradient":""},"tablet":{"background-color":"var(--ast-global-color-5)","background-image":"","background-repeat":"repeat","background-position":"center center","background-size":"auto","background-attachment":"scroll","background-type":"","background-media":"","overlay-type":"","overlay-color":"","overlay-opacity":"","overlay-gradient":""},"mobile":{"background-color":"var(--ast-global-color-5)","background-image":"","background-repeat":"repeat","background-position":"center center","background-size":"auto","background-attachment":"scroll","background-type":"","background-media":"","overlay-type":"","overlay-color":"","overlay-opacity":"","overlay-gradient":""}},"footnotes":""},"categories":[8],"tags":[199,2868,5190,6891,1735,4149,6893,5507,6894],"class_list":["post-19228","post","type-post","status-publish","format-standard","has-post-thumbnail","hentry","category-noticias","tag-amlo","tag-carlos-salinas-de-gortari","tag-epn","tag-expresidentes-mexico","tag-felipe-calderon","tag-inai","tag-traicion-a-la-patria","tag-vicente-fox","tag-zedillo-ernesto"],"_links":{"self":[{"href":"https:\/\/losperiodistas.com.mx\/portal\/wp-json\/wp\/v2\/posts\/19228","targetHints":{"allow":["GET"]}}],"collection":[{"href":"https:\/\/losperiodistas.com.mx\/portal\/wp-json\/wp\/v2\/posts"}],"about":[{"href":"https:\/\/losperiodistas.com.mx\/portal\/wp-json\/wp\/v2\/types\/post"}],"author":[{"embeddable":true,"href":"https:\/\/losperiodistas.com.mx\/portal\/wp-json\/wp\/v2\/users\/1"}],"replies":[{"embeddable":true,"href":"https:\/\/losperiodistas.com.mx\/portal\/wp-json\/wp\/v2\/comments?post=19228"}],"version-history":[{"count":1,"href":"https:\/\/losperiodistas.com.mx\/portal\/wp-json\/wp\/v2\/posts\/19228\/revisions"}],"predecessor-version":[{"id":19230,"href":"https:\/\/losperiodistas.com.mx\/portal\/wp-json\/wp\/v2\/posts\/19228\/revisions\/19230"}],"wp:featuredmedia":[{"embeddable":true,"href":"https:\/\/losperiodistas.com.mx\/portal\/wp-json\/wp\/v2\/media\/19229"}],"wp:attachment":[{"href":"https:\/\/losperiodistas.com.mx\/portal\/wp-json\/wp\/v2\/media?parent=19228"}],"wp:term":[{"taxonomy":"category","embeddable":true,"href":"https:\/\/losperiodistas.com.mx\/portal\/wp-json\/wp\/v2\/categories?post=19228"},{"taxonomy":"post_tag","embeddable":true,"href":"https:\/\/losperiodistas.com.mx\/portal\/wp-json\/wp\/v2\/tags?post=19228"}],"curies":[{"name":"wp","href":"https:\/\/api.w.org\/{rel}","templated":true}]}}