{"id":19225,"date":"2022-01-13T05:07:13","date_gmt":"2022-01-13T11:07:13","guid":{"rendered":"http:\/\/losperiodistas.com.mx\/portal\/?p=19225"},"modified":"2022-01-13T05:07:14","modified_gmt":"2022-01-13T11:07:14","slug":"lopez-obrador-un-optimista-con-otros-datos-opinion-el-pais","status":"publish","type":"post","link":"https:\/\/losperiodistas.com.mx\/portal\/lopez-obrador-un-optimista-con-otros-datos-opinion-el-pais\/","title":{"rendered":"L\u00f3pez Obrador, un optimista con otros datos | Opini\u00f3n | El Pa\u00eds"},"content":{"rendered":"\n<p style=\"font-size:18px\"><em>El Gobierno obradorista est\u00e1 en la cuenta regresiva de una carrera contra el tiempo para demostrar que los m\u00e9ritos del sexenio van mucho m\u00e1s all\u00e1 de las buenas intenciones y de la lucha por las causas justas<\/em><\/p>\n\n\n\n<p><\/p>\n\n\n\n<figure class=\"wp-block-image size-large\"><img fetchpriority=\"high\" decoding=\"async\" width=\"1024\" height=\"671\" src=\"https:\/\/losperiodistas.com.mx\/portal\/wp-content\/uploads\/2022\/01\/Captura-de-Pantalla-2022-01-13-a-las-5.03.13-1024x671.jpg\" alt=\"\" class=\"wp-image-19226\" srcset=\"https:\/\/losperiodistas.com.mx\/portal\/wp-content\/uploads\/2022\/01\/Captura-de-Pantalla-2022-01-13-a-las-5.03.13-1024x671.jpg 1024w, https:\/\/losperiodistas.com.mx\/portal\/wp-content\/uploads\/2022\/01\/Captura-de-Pantalla-2022-01-13-a-las-5.03.13-300x197.jpg 300w, https:\/\/losperiodistas.com.mx\/portal\/wp-content\/uploads\/2022\/01\/Captura-de-Pantalla-2022-01-13-a-las-5.03.13-768x504.jpg 768w, https:\/\/losperiodistas.com.mx\/portal\/wp-content\/uploads\/2022\/01\/Captura-de-Pantalla-2022-01-13-a-las-5.03.13.jpg 1516w\" sizes=\"(max-width: 1024px) 100vw, 1024px\" \/><figcaption>El presidente Andr\u00e9s Manuel L\u00f3pez Obrador visita una zona de Chiapas en donde se construir\u00e1 una estaci\u00f3n del Tren Maya. CUARTOSCURO (CUARTOSCURO)<\/figcaption><\/figure>\n\n\n\n<p><\/p>\n\n\n\n<p class=\"has-vivid-cyan-blue-color has-text-color has-medium-font-size\">JORGE ZEPEDA PATTERSON \/ PENS\u00c1NDOLO BIEN \/ OPINI\u00d3N \/ EL PA\u00cdS<\/p>\n\n\n\n<p>Que el presidente Andr\u00e9s Manuel L\u00f3pez Obrador es un hombre idealista no hay duda. Pero&nbsp;<a href=\"https:\/\/elpais.com\/mexico\/2021-12-02\/lopez-obrador-se-da-un-bano-de-masas-por-todo-lo-alto-para-celebrar-el-ecuador-de-su-mandato.html\">a mitad de su Gobierno<\/a>&nbsp;hace esfuerzos denodados para pasar a la historia tambi\u00e9n como un realizador. Una r\u00e1pida revisi\u00f3n a sus logros y expectativas en lo que resta del sexenio muestra que se trata de una batalla incierta. En ese sentido, su Gobierno est\u00e1 en la cuenta regresiva de una carrera contra el tiempo para demostrar que los m\u00e9ritos del sexenio van mucho m\u00e1s all\u00e1 de las buenas intenciones y de la lucha por las causas justas. Es decir, que su optimismo no se debe a los propios datos, que los dem\u00e1s no comparten.<\/p>\n\n\n\n<p>Primero, repasemos lo que ya no fue. Es decir, los concretos que no podr\u00e1 sumar a sus trofeos. De entrada, el tema de la inseguridad p\u00fablica. Pese al ambicioso proyecto de la Guardia Nacional, el despliegue de cuarteles en el territorio y la preponderancia del Ej\u00e9rcito, la violencia no se redujo, aunque tampoco sigui\u00f3 creciendo. M\u00e1s all\u00e1 de la estad\u00edstica, es evidente la expansi\u00f3n de los c\u00e1rteles en nuevas actividades delictivas, en otros sectores de la econom\u00eda y de la pol\u00edtica. En resumen, no funcion\u00f3 el llamado a los \u201cabrazos no balazos\u201d, que los narcos entendieron como&nbsp;<a href=\"https:\/\/elpais.com\/mexico\/2022-01-12\/un-dron-explosiones-e-impunidad-el-cjng-exhibe-su-capacidad-de-fuego-en-michoacan.html\">un vac\u00edo de poder que les permiti\u00f3 expandirse<\/a>.<\/p>\n\n\n\n<p>Tampoco lo ser\u00e1 la econom\u00eda. En su toma de posesi\u00f3n L\u00f3pez Obrador habl\u00f3 de un objetivo de crecimiento de entre 5 y 6% anual en el PIB, confiando en que la dispersi\u00f3n de recursos entre los sectores populares ampliar\u00eda el mercado interno y reactivar\u00eda la econom\u00eda nacional. Resulta obvio que la pandemia y sus secuelas frustraron cualquier posibilidad de poner a prueba esa hip\u00f3tesis. Despu\u00e9s del descalabro de 2020 y la lenta recuperaci\u00f3n que hoy se observa, el sexenio dif\u00edcilmente terminar\u00e1 cerca del 2% anual promedio que ostentan los gobiernos priistas y panistas anteriores.<\/p>\n\n\n\n<p>La salud p\u00fablica es otro rengl\u00f3n en el que el Gobierno de la Cuarta Transformaci\u00f3n ten\u00eda enormes expectativas; nada m\u00e1s y nada menos que instaurar un sistema de salud gratuito y universal, comparable al de Dinamarca, en palabras del presidente. Como en el caso de la econom\u00eda, la pandemia arruin\u00f3 cualquier posibilidad de que tales intenciones tuvieran alguna oportunidad de cumplirse. Pero incluso antes de la covid, pod\u00eda advertirse que se trataba de un objetivo complicado. El encomiable intento de terminar con los monopolios y las malas pr\u00e1cticas en la distribuci\u00f3n de las medicinas produjo&nbsp;<a href=\"https:\/\/elpais.com\/mexico\/2021-11-11\/lopez-obrador-admite-el-desabasto-de-medicamentos-y-exige-al-secretario-de-salud-una-solucion-ya-no-hay-excusas.html\">un desabasto de lamentables consecuencias<\/a>&nbsp;que nunca fue previsto. Posteriormente, el sistema de salud en su conjunto debi\u00f3 ser desatendido por la pandemia, como sucedi\u00f3 en el resto del mundo, lo cual termin\u00f3 por minar cualquier posibilidad de un mejoramiento sustancial del sector.<\/p>\n\n\n\n<p>Si la econom\u00eda, la salud y la inseguridad p\u00fablica, que aparecen invariablemente como los temas que m\u00e1s preocupan a los ciudadanos, no registran avances sustanciales durante el Gobierno de la Cuarta Transformaci\u00f3n, habr\u00eda que preguntarse en qu\u00e9 consistir\u00edan entonces los logros del Gobierno obradorista, que los hay. Residir\u00edan esencialmente en algunos aciertos tangibles y otros m\u00e1s intangibles. Entre los primeros, el mejoramiento de las pr\u00e1cticas recaudatorias del aparato fiscal, uno de los peores entre las econom\u00edas importantes del mundo. Pero quiz\u00e1 resulta aun m\u00e1s destacable el esfuerzo del Gobierno por mejorar el poder adquisitivo de los sectores populares. Y si bien, como se ha dicho, la pandemia barri\u00f3 con muchos de los efectos sociales y econ\u00f3micos de las pol\u00edticas p\u00fablicas, se han conseguido impactos irreversibles en materia de salarios m\u00ednimos y subsidios garantizados por la Constituci\u00f3n en beneficio de sectores desprotegidos. Interesantes resultan tambi\u00e9n los esfuerzos para mejorar el entramado legal de la vida sindical para buscar sacudirse el control de las c\u00fapulas, aunque en la pr\u00e1ctica se ha conseguido a medias. No son los \u00fanicos avances concretos que representan beneficios puntuales y sensibles, aunque quiz\u00e1 sean los m\u00e1s destacados.<\/p>\n\n\n\n<p>Pero sin duda lo m\u00e1s trascendente del Gobierno lopezobradorista tendr\u00eda que ver con la intenci\u00f3n de imprimir un cambio sustancial en la conducci\u00f3n del pa\u00eds por parte de la clase pol\u00edtica y las \u00e9lites. Destaca, sin duda, la exigencia para atender la desigualdad social y regional, un problema que podr\u00eda atentar contra el tejido de la sociedad mexicana. De igual forma el combate a la corrupci\u00f3n y al gasto suntuario en la administraci\u00f3n p\u00fablica, que hab\u00edan adquirido niveles escandalosos, incluso para los par\u00e1metros nacionales. Quiz\u00e1 los logros espec\u00edficos no sean necesariamente para presumir en todos estos \u00e1mbitos, lo cual podr\u00eda ser atribuible a diversos factores incluyendo las propias insuficiencias del movimiento morenista, pero ciertamente el Gobierno de la 4T ha tenido el m\u00e9rito de cambiar la narrativa de usos y costumbres de los actores pol\u00edticos con respecto al patrimonio p\u00fablico. Modificar s\u00edmbolos y valores es un primer paso, aunque para efectos pr\u00e1cticos queden inventariados dentro de los intangibles.<\/p>\n\n\n\n<p>Bajo cualquier criterio es evidente que los resultados de la Cuarta Transformaci\u00f3n son m\u00e1s modestos que sus propias expectativas y L\u00f3pez Obrador est\u00e1 consciente de ello, pese al optimismo que exhibe en sus conferencias&nbsp;<em>ma\u00f1aneras<\/em>. Sabe que ha tocado pared en materia de seguridad p\u00fablica, econom\u00eda y salud. Pero a\u00fan mantiene la esperanza de que los ambiciosos proyectos de obra p\u00fablica en el sureste constituyan un detonante clave para que su Gobierno sea considerado bajo una lupa favorable en el terreno de los logros concretos. Quiz\u00e1 de all\u00ed las prisas. Por un lado, est\u00e1&nbsp;<a href=\"https:\/\/elpais.com\/mexico\/2021-10-14\/un-museo-del-mamut-banos-tematicos-y-1000-viviendas-militares-dentro-de-las-obras-del-futuro-aeropuerto-felipe-angeles.html\">el aeropuerto de Santa Luc\u00eda<\/a>, aunque en este caso se trata de un proyecto que simplemente sirvi\u00f3 para responder a las duras cr\u00edticas que recibi\u00f3 al suspender la obra que se hab\u00eda iniciado en Texcoco. En cambio, la refiner\u00eda Dos Bocas, el proyecto Trans\u00edstmico y el Tren Maya representan la gran esperanza de impulsar profundos cambios.<\/p>\n\n\n\n<p>De los tres, el objetivo de comunicar al Golfo con el Pac\u00edfico es quiz\u00e1 el m\u00e1s importante, pero dif\u00edcilmente se ver\u00e1n resultados en varios a\u00f1os por la complejidad y diversidad de las obras implicadas. La refiner\u00eda quedar\u00e1 terminada, pero no se ve como haga una diferencia sustancial en la compleja situaci\u00f3n de Pemex. De all\u00ed que la ni\u00f1a de los ojos del presidente sea el Tren Maya y, por consiguiente, la impaciencia y en ocasiones acciones desesperadas de L\u00f3pez Obrador para despejar los muchos obst\u00e1culos jur\u00eddicos, ecol\u00f3gicos, sociales y econ\u00f3micos. Decretos pol\u00e9micos para eximir al tren de normas jur\u00eddicas, presupuestales o ecol\u00f3gicas; cambios incesantes de los responsables a cargo de las obras; intervenci\u00f3n cada vez mayor del ej\u00e9rcito para subsanar todo obst\u00e1culo. El Tren Maya se ha convertido en un mantra a ojos del presidente. En la prueba palpable de que su Gobierno ser\u00e1 capaz de generar un proyecto que cambie el rostro de una regi\u00f3n y la vida de sus habitantes. En suma, que fue un presidente realizador y no solo un idealista. Veremos.<\/p>\n\n\n\n<p><a href=\"https:\/\/plus.elpais.com\/newsletters\/lnp\/1\/348\"><strong>Suscr\u00edbase aqu\u00ed<\/strong><\/a>a la\u00a0<em>newsletter<\/em>\u00a0de EL PA\u00cdS M\u00e9xico y reciba todas las claves informativas de la actualidad de este pa\u00eds<\/p>\n\n\n\n<p>Fuente: https:\/\/elpais.com\/mexico\/opinion\/2022-01-13\/lopez-obrador-un-optimista-con-otros-datos.html<\/p>\n","protected":false},"excerpt":{"rendered":"<p>El Gobierno obradorista est\u00e1 en la cuenta regresiva de una carrera contra el tiempo para demostrar que los m\u00e9ritos del [&hellip;]<\/p>\n","protected":false},"author":1,"featured_media":19226,"comment_status":"open","ping_status":"open","sticky":false,"template":"","format":"standard","meta":{"site-sidebar-layout":"default","site-content-layout":"","ast-site-content-layout":"default","site-content-style":"default","site-sidebar-style":"default","ast-global-header-display":"","ast-banner-title-visibility":"","ast-main-header-display":"","ast-hfb-above-header-display":"","ast-hfb-below-header-display":"","ast-hfb-mobile-header-display":"","site-post-title":"","ast-breadcrumbs-content":"","ast-featured-img":"","footer-sml-layout":"","theme-transparent-header-meta":"","adv-header-id-meta":"","stick-header-meta":"","header-above-stick-meta":"","header-main-stick-meta":"","header-below-stick-meta":"","astra-migrate-meta-layouts":"default","ast-page-background-enabled":"default","ast-page-background-meta":{"desktop":{"background-color":"var(--ast-global-color-4)","background-image":"","background-repeat":"repeat","background-position":"center center","background-size":"auto","background-attachment":"scroll","background-type":"","background-media":"","overlay-type":"","overlay-color":"","overlay-opacity":"","overlay-gradient":""},"tablet":{"background-color":"","background-image":"","background-repeat":"repeat","background-position":"center center","background-size":"auto","background-attachment":"scroll","background-type":"","background-media":"","overlay-type":"","overlay-color":"","overlay-opacity":"","overlay-gradient":""},"mobile":{"background-color":"","background-image":"","background-repeat":"repeat","background-position":"center center","background-size":"auto","background-attachment":"scroll","background-type":"","background-media":"","overlay-type":"","overlay-color":"","overlay-opacity":"","overlay-gradient":""}},"ast-content-background-meta":{"desktop":{"background-color":"var(--ast-global-color-5)","background-image":"","background-repeat":"repeat","background-position":"center center","background-size":"auto","background-attachment":"scroll","background-type":"","background-media":"","overlay-type":"","overlay-color":"","overlay-opacity":"","overlay-gradient":""},"tablet":{"background-color":"var(--ast-global-color-5)","background-image":"","background-repeat":"repeat","background-position":"center center","background-size":"auto","background-attachment":"scroll","background-type":"","background-media":"","overlay-type":"","overlay-color":"","overlay-opacity":"","overlay-gradient":""},"mobile":{"background-color":"var(--ast-global-color-5)","background-image":"","background-repeat":"repeat","background-position":"center center","background-size":"auto","background-attachment":"scroll","background-type":"","background-media":"","overlay-type":"","overlay-color":"","overlay-opacity":"","overlay-gradient":""}},"footnotes":""},"categories":[8],"tags":[6890,199,1325],"class_list":["post-19225","post","type-post","status-publish","format-standard","has-post-thumbnail","hentry","category-noticias","tag-4t-mexico","tag-amlo","tag-tren-maya"],"_links":{"self":[{"href":"https:\/\/losperiodistas.com.mx\/portal\/wp-json\/wp\/v2\/posts\/19225","targetHints":{"allow":["GET"]}}],"collection":[{"href":"https:\/\/losperiodistas.com.mx\/portal\/wp-json\/wp\/v2\/posts"}],"about":[{"href":"https:\/\/losperiodistas.com.mx\/portal\/wp-json\/wp\/v2\/types\/post"}],"author":[{"embeddable":true,"href":"https:\/\/losperiodistas.com.mx\/portal\/wp-json\/wp\/v2\/users\/1"}],"replies":[{"embeddable":true,"href":"https:\/\/losperiodistas.com.mx\/portal\/wp-json\/wp\/v2\/comments?post=19225"}],"version-history":[{"count":1,"href":"https:\/\/losperiodistas.com.mx\/portal\/wp-json\/wp\/v2\/posts\/19225\/revisions"}],"predecessor-version":[{"id":19227,"href":"https:\/\/losperiodistas.com.mx\/portal\/wp-json\/wp\/v2\/posts\/19225\/revisions\/19227"}],"wp:featuredmedia":[{"embeddable":true,"href":"https:\/\/losperiodistas.com.mx\/portal\/wp-json\/wp\/v2\/media\/19226"}],"wp:attachment":[{"href":"https:\/\/losperiodistas.com.mx\/portal\/wp-json\/wp\/v2\/media?parent=19225"}],"wp:term":[{"taxonomy":"category","embeddable":true,"href":"https:\/\/losperiodistas.com.mx\/portal\/wp-json\/wp\/v2\/categories?post=19225"},{"taxonomy":"post_tag","embeddable":true,"href":"https:\/\/losperiodistas.com.mx\/portal\/wp-json\/wp\/v2\/tags?post=19225"}],"curies":[{"name":"wp","href":"https:\/\/api.w.org\/{rel}","templated":true}]}}