{"id":19222,"date":"2022-01-13T05:01:13","date_gmt":"2022-01-13T11:01:13","guid":{"rendered":"http:\/\/losperiodistas.com.mx\/portal\/?p=19222"},"modified":"2022-01-13T05:01:14","modified_gmt":"2022-01-13T11:01:14","slug":"politico-provida-y-profamilia-mexicano-denuncia-censura-de-twitter-aci","status":"publish","type":"post","link":"https:\/\/losperiodistas.com.mx\/portal\/politico-provida-y-profamilia-mexicano-denuncia-censura-de-twitter-aci\/","title":{"rendered":"Pol\u00edtico provida y profamilia mexicano denuncia censura de Twitter | ACI"},"content":{"rendered":"\n<p><\/p>\n\n\n\n<figure class=\"wp-block-image size-large\"><img fetchpriority=\"high\" decoding=\"async\" width=\"1024\" height=\"569\" src=\"https:\/\/losperiodistas.com.mx\/portal\/wp-content\/uploads\/2022\/01\/Captura-de-Pantalla-2022-01-13-a-las-4.58.17-1024x569.png\" alt=\"\" class=\"wp-image-19223\" srcset=\"https:\/\/losperiodistas.com.mx\/portal\/wp-content\/uploads\/2022\/01\/Captura-de-Pantalla-2022-01-13-a-las-4.58.17-1024x569.png 1024w, https:\/\/losperiodistas.com.mx\/portal\/wp-content\/uploads\/2022\/01\/Captura-de-Pantalla-2022-01-13-a-las-4.58.17-300x167.png 300w, https:\/\/losperiodistas.com.mx\/portal\/wp-content\/uploads\/2022\/01\/Captura-de-Pantalla-2022-01-13-a-las-4.58.17-768x427.png 768w, https:\/\/losperiodistas.com.mx\/portal\/wp-content\/uploads\/2022\/01\/Captura-de-Pantalla-2022-01-13-a-las-4.58.17.png 1516w\" sizes=\"(max-width: 1024px) 100vw, 1024px\" \/><figcaption>Foto referencial. Cr\u00e9dito: Unsplas<\/figcaption><\/figure>\n\n\n\n<p><\/p>\n\n\n\n<p class=\"has-vivid-cyan-blue-color has-text-color has-medium-font-size\">WALTER S\u00c1NCHEZ SILVA \/ ACI PRENSA<\/p>\n\n\n\n<p>Carlos Leal, pol\u00edtico provida y profamilia mexicano, denunci\u00f3 la censura de la red social Twitter, que bloque\u00f3 su cuenta temporalmente sin precisar la causa de esta medida en su contra.<\/p>\n\n\n\n<p>El 11 de enero, Twitter bloque\u00f3 la cuenta de Leal, quien ha sido diputado del estado de Nuevo Le\u00f3n, en donde el pol\u00edtico<a href=\"https:\/\/www.aciprensa.com\/noticias\/amplian-proteccion-a-la-familia-en-constitucion-de-nuevo-leon-mexico-36481\"> impuls\u00f3 una reforma que ampli\u00f3 la protecci\u00f3n de la familia<\/a>.<\/p>\n\n\n\n<p>\u201cTras una revisi\u00f3n detallada, determinamos que tu cuenta incumpli\u00f3 las Reglas de Twitter. Ahora tu cuenta est\u00e1 moment\u00e1neamente en modo solo lectura\u201d, indicaba el mensaje que Leal recibi\u00f3 en su <a href=\"https:\/\/twitter.com\/CarlosLealMx\">cuenta de Twitter<\/a>.<\/p>\n\n\n\n<p>En un segundo mensaje, Twitter se\u00f1al\u00f3 que fueron limitadas \u201ctemporalmente algunas de las funciones de tu cuenta\u201d y que estas se restablecer\u00edan en 12 horas.<\/p>\n\n\n\n<p>\u201c<strong>No me lleg\u00f3 ning\u00fan mensaje sobre alg\u00fan tuit que haya sido contrario a las reglas de Twitter<\/strong>. Quer\u00eda dar un <em>like<\/em> y me apareci\u00f3 un mensaje: que mi cuenta estaba limitada por doce horas\u201d, explic\u00f3 Leal en declaraciones a ACI Prensa.<\/p>\n\n\n\n<p>\u201cYa no pod\u00eda hacer nada, solo pod\u00eda mandar mensajes de manera directa. Cinco minutos despu\u00e9s ya no pod\u00eda hacerlo y me apareci\u00f3 el mensaje de que la cuenta estaba bloqueada y pod\u00eda estar as\u00ed hasta por una semana\u201d, indic\u00f3.<\/p>\n\n\n\n<p>\u201cL<strong>a verdad no s\u00e9 cu\u00e1l haya sido el motivo por el cu\u00e1l Twitter me bloque\u00f3 <\/strong>y limit\u00f3 la cuenta\u201d, a\u00f1adi\u00f3 Carlos Leal.<\/p>\n\n\n\n<p>El pol\u00edtico provida indic\u00f3 que solo ten\u00eda acceso a la lectura y ver lo que otros usuarios y seguidores escriben, pero no pod\u00eda redactar, ni dar <em>like<\/em> ni retuits ni mandar mensajes directos.&nbsp;<\/p>\n\n\n\n<p>Leal tambi\u00e9n dijo a ACI Prensa que \u201c<strong>es lamentable que empiecen con la censura, y sobre todo sin saber por qu\u00e9 me est\u00e1n censurando<\/strong>, y tampoco hay manera en que pueda enviarle un mensaje a Twitter para preguntarles por qu\u00e9 me est\u00e1n censurando\u201d.<\/p>\n\n\n\n<p>\u201cNo hay una manera, dependemos directamente de ellos\u201d, concluy\u00f3.<\/p>\n\n\n\n<p>Al momento de publicar esta nota, la cuenta de Twitter de Carlos Leal ya ha sido desbloqueada.<\/p>\n\n\n\n<p><em>Colabor\u00f3 con esta nota David Ramos, jefe de la Oficina de ACI Prensa en M\u00e9xico.<\/em><\/p>\n\n\n\n<p>Fuente: https:\/\/www.aciprensa.com\/noticias\/politico-provida-y-profamilia-mexicano-denuncia-censura-de-twitter-73194<\/p>\n","protected":false},"excerpt":{"rendered":"<p>WALTER S\u00c1NCHEZ SILVA \/ ACI PRENSA Carlos Leal, pol\u00edtico provida y profamilia mexicano, denunci\u00f3 la censura de la red social [&hellip;]<\/p>\n","protected":false},"author":1,"featured_media":19223,"comment_status":"open","ping_status":"open","sticky":false,"template":"","format":"standard","meta":{"site-sidebar-layout":"default","site-content-layout":"","ast-site-content-layout":"default","site-content-style":"default","site-sidebar-style":"default","ast-global-header-display":"","ast-banner-title-visibility":"","ast-main-header-display":"","ast-hfb-above-header-display":"","ast-hfb-below-header-display":"","ast-hfb-mobile-header-display":"","site-post-title":"","ast-breadcrumbs-content":"","ast-featured-img":"","footer-sml-layout":"","theme-transparent-header-meta":"","adv-header-id-meta":"","stick-header-meta":"","header-above-stick-meta":"","header-main-stick-meta":"","header-below-stick-meta":"","astra-migrate-meta-layouts":"default","ast-page-background-enabled":"default","ast-page-background-meta":{"desktop":{"background-color":"var(--ast-global-color-4)","background-image":"","background-repeat":"repeat","background-position":"center center","background-size":"auto","background-attachment":"scroll","background-type":"","background-media":"","overlay-type":"","overlay-color":"","overlay-opacity":"","overlay-gradient":""},"tablet":{"background-color":"","background-image":"","background-repeat":"repeat","background-position":"center center","background-size":"auto","background-attachment":"scroll","background-type":"","background-media":"","overlay-type":"","overlay-color":"","overlay-opacity":"","overlay-gradient":""},"mobile":{"background-color":"","background-image":"","background-repeat":"repeat","background-position":"center center","background-size":"auto","background-attachment":"scroll","background-type":"","background-media":"","overlay-type":"","overlay-color":"","overlay-opacity":"","overlay-gradient":""}},"ast-content-background-meta":{"desktop":{"background-color":"var(--ast-global-color-5)","background-image":"","background-repeat":"repeat","background-position":"center center","background-size":"auto","background-attachment":"scroll","background-type":"","background-media":"","overlay-type":"","overlay-color":"","overlay-opacity":"","overlay-gradient":""},"tablet":{"background-color":"var(--ast-global-color-5)","background-image":"","background-repeat":"repeat","background-position":"center center","background-size":"auto","background-attachment":"scroll","background-type":"","background-media":"","overlay-type":"","overlay-color":"","overlay-opacity":"","overlay-gradient":""},"mobile":{"background-color":"var(--ast-global-color-5)","background-image":"","background-repeat":"repeat","background-position":"center center","background-size":"auto","background-attachment":"scroll","background-type":"","background-media":"","overlay-type":"","overlay-color":"","overlay-opacity":"","overlay-gradient":""}},"footnotes":""},"categories":[8],"tags":[6888,6889,5797],"class_list":["post-19222","post","type-post","status-publish","format-standard","has-post-thumbnail","hentry","category-noticias","tag-carlos-leal","tag-provida-mexico","tag-twitter-censura"],"_links":{"self":[{"href":"https:\/\/losperiodistas.com.mx\/portal\/wp-json\/wp\/v2\/posts\/19222","targetHints":{"allow":["GET"]}}],"collection":[{"href":"https:\/\/losperiodistas.com.mx\/portal\/wp-json\/wp\/v2\/posts"}],"about":[{"href":"https:\/\/losperiodistas.com.mx\/portal\/wp-json\/wp\/v2\/types\/post"}],"author":[{"embeddable":true,"href":"https:\/\/losperiodistas.com.mx\/portal\/wp-json\/wp\/v2\/users\/1"}],"replies":[{"embeddable":true,"href":"https:\/\/losperiodistas.com.mx\/portal\/wp-json\/wp\/v2\/comments?post=19222"}],"version-history":[{"count":1,"href":"https:\/\/losperiodistas.com.mx\/portal\/wp-json\/wp\/v2\/posts\/19222\/revisions"}],"predecessor-version":[{"id":19224,"href":"https:\/\/losperiodistas.com.mx\/portal\/wp-json\/wp\/v2\/posts\/19222\/revisions\/19224"}],"wp:featuredmedia":[{"embeddable":true,"href":"https:\/\/losperiodistas.com.mx\/portal\/wp-json\/wp\/v2\/media\/19223"}],"wp:attachment":[{"href":"https:\/\/losperiodistas.com.mx\/portal\/wp-json\/wp\/v2\/media?parent=19222"}],"wp:term":[{"taxonomy":"category","embeddable":true,"href":"https:\/\/losperiodistas.com.mx\/portal\/wp-json\/wp\/v2\/categories?post=19222"},{"taxonomy":"post_tag","embeddable":true,"href":"https:\/\/losperiodistas.com.mx\/portal\/wp-json\/wp\/v2\/tags?post=19222"}],"curies":[{"name":"wp","href":"https:\/\/api.w.org\/{rel}","templated":true}]}}