{"id":19219,"date":"2022-01-13T04:55:01","date_gmt":"2022-01-13T10:55:01","guid":{"rendered":"http:\/\/losperiodistas.com.mx\/portal\/?p=19219"},"modified":"2022-01-13T04:55:02","modified_gmt":"2022-01-13T10:55:02","slug":"efemerides-del-13-de-enero-que-paso-un-dia-como-hoy-adn-40","status":"publish","type":"post","link":"https:\/\/losperiodistas.com.mx\/portal\/efemerides-del-13-de-enero-que-paso-un-dia-como-hoy-adn-40\/","title":{"rendered":"Efem\u00e9rides del 13 de enero: Qu\u00e9 pas\u00f3 un d\u00eda como hoy | ADN 40"},"content":{"rendered":"\n<p style=\"font-size:18px\"><em>\u00bfSabes qu\u00e9 pas\u00f3 un d\u00eda como hoy? El 13 de enero se celebra el \u2018D\u00eda Mundial de Lucha contra la Depresi\u00f3n\u2019. Conoce las efem\u00e9rides de este d\u00eda.<\/em><\/p>\n\n\n\n<p><\/p>\n\n\n\n<figure class=\"wp-block-image size-large\"><img fetchpriority=\"high\" decoding=\"async\" width=\"968\" height=\"605\" src=\"https:\/\/losperiodistas.com.mx\/portal\/wp-content\/uploads\/2022\/01\/efem-enero-13.jpeg\" alt=\"\" class=\"wp-image-19220\" srcset=\"https:\/\/losperiodistas.com.mx\/portal\/wp-content\/uploads\/2022\/01\/efem-enero-13.jpeg 968w, https:\/\/losperiodistas.com.mx\/portal\/wp-content\/uploads\/2022\/01\/efem-enero-13-300x188.jpeg 300w, https:\/\/losperiodistas.com.mx\/portal\/wp-content\/uploads\/2022\/01\/efem-enero-13-768x480.jpeg 768w\" sizes=\"(max-width: 968px) 100vw, 968px\" \/><\/figure>\n\n\n\n<p><\/p>\n\n\n\n<p class=\"has-vivid-cyan-blue-color has-text-color has-medium-font-size\">ADN 40<\/p>\n\n\n\n<h2 class=\"wp-block-heading\">Qu\u00e9 se conmemora cada 13 de enero<\/h2>\n\n\n\n<h2 class=\"wp-block-heading\">D\u00eda Mundial de Lucha contra la Depresi\u00f3n<\/h2>\n\n\n\n<p>El&nbsp;<strong>13 de enero<\/strong>&nbsp;se busca generar conciencia sobre este trastorno emocional que afecta a m\u00e1s de 300 millones de personas en el mundo, siendo considerada como la primera causa mundial de discapacidad.<\/p>\n\n\n\n<h2 class=\"wp-block-heading\">Efem\u00e9rides del 13 de enero de 2022<\/h2>\n\n\n\n<p>1532: En Sevilla, el rey firma una real c\u00e9dula que proh\u00edbe marcar a los indios americanos con hierros candentes.<\/p>\n\n\n\n<p>1776: En los Estados Unidos, George Washington, al frente de sus tropas, entra triunfante en Nueva York.<\/p>\n\n\n\n<figure class=\"wp-block-image\"><img decoding=\"async\" src=\"https:\/\/tvazteca.brightspotcdn.com\/dims4\/default\/e6937d0\/2147483647\/strip\/true\/crop\/1200x750+0+0\/resize\/968x605!\/format\/jpg\/quality\/80\/?url=https%3A%2F%2Ftvazteca.brightspotcdn.com%2Fc9%2F35%2F59dd03ae4a789e0c8d4323c600f2%2Fefemerides-13-de-enero-1.jpg\" alt=\"efem\u00e9rides 13 de enero 1.jpg\"\/><\/figure>\n\n\n\n<p>1787: En Austria se revocan las \u00faltimas leyes en contra de la brujer\u00eda.<\/p>\n\n\n\n<p>1914: M\u00e9xico suspende pagos.<\/p>\n\n\n\n<p>1915: Un terremoto destruye por completo la ciudad de Avezzano (Italia) y provoca la muerte de casi 30 000 personas.<\/p>\n\n\n\n<p>1916: Muere el general Victoriano Huerta, quien ocup\u00f3 de forma ileg\u00edtima la presidencia de M\u00e9xico tras ordenar el asesinato del Presidente Francisco I. Madero e instaurar la dictadura m\u00e1s sangrienta en la historia del pa\u00eds.<\/p>\n\n\n\n<p>1927: Descubrimiento del testamento ol\u00f3grafo de Hern\u00e1n Cort\u00e9s, conquistador de M\u00e9xico.<\/p>\n\n\n\n<p>1930: Mickey Mouse debuta en las tiras c\u00f3micas.<\/p>\n\n\n\n<p>1936: El poeta espa\u00f1ol Miguel Hern\u00e1ndez publica&nbsp;<em>El rayo que no cesa.<\/em><\/p>\n\n\n\n<p>1945: La aviaci\u00f3n estadounidense comienza un ataque contra Saig\u00f3n, Amoy y Hong Kong.<\/p>\n\n\n\n<p>1950: En la Uni\u00f3n Sovi\u00e9tica se restablece la pena de muerte.<\/p>\n\n\n\n<p>1955: El dictador de Nicaragua, Anastasio Somoza, desaf\u00eda al presidente democr\u00e1tico de Costa Rica, Jos\u00e9 Figueres, a resolver la disputa entre los dos pa\u00edses mediante un duelo a pistola.<\/p>\n\n\n\n<p>1969: En Londres (Reino Unido), el grupo brit\u00e1nico de rock<em>&nbsp;The Beatles&nbsp;<\/em>lanza el \u00e1lbum&nbsp;<em>Yellow Submarine<\/em>.<\/p>\n\n\n\n<figure class=\"wp-block-image\"><img decoding=\"async\" src=\"https:\/\/tvazteca.brightspotcdn.com\/dims4\/default\/08829ec\/2147483647\/strip\/true\/crop\/1280x854+0+0\/resize\/968x646!\/format\/jpg\/quality\/80\/?url=https%3A%2F%2Ftvazteca.brightspotcdn.com%2F7f%2F52%2F5f5363994d4fa47016b2792d71b9%2Fefemerides-13-de-enero-2.jpg\" alt=\"efem\u00e9rides 13 de enero 2.jpg\"\/><\/figure>\n\n\n\n<p>1974: Muere Salvador Novo, destacado escritor que form\u00f3 parte del grupo \u201cLos Contempor\u00e1neos\u201d, y fue cronista de la Ciudad de M\u00e9xico.<\/p>\n\n\n\n<p>1974: En Argentina se inaugura la primera central at\u00f3mica de Latinoam\u00e9rica, la central nuclear Atucha.<\/p>\n\n\n\n<p>1985: Un equipo de m\u00e9dicos franceses consigue cambiar la sangre de un feto por medio de una transfusi\u00f3n intrauterina.<\/p>\n\n\n\n<p>1990: Douglas Wilder, de Virginia, se convierte en el primer gobernador negro en la historia de Estados Unidos<\/p>\n\n\n\n<p>1993: En Par\u00eds se firma un acuerdo para la prohibici\u00f3n de&nbsp;<a href=\"https:\/\/www.adn40.mx\/noticia\/internacional\/notas\/2018-04-14-09-31\/union-europea-respalda-medidas-en-contra-de-armas-quimicas\" target=\"_blank\" rel=\"noreferrer noopener\">armas qu\u00edmicas&nbsp;<\/a>.<\/p>\n\n\n\n<p>1998: Alfredo Ormando se prende fuego en Roma como protesta contra la Iglesia cat\u00f3lica por la homofobia.<\/p>\n\n\n\n<p>1999:&nbsp;<a href=\"https:\/\/www.adn40.mx\/deportes\/michael-jordan-tenis-subasta-gm-especial\" target=\"_blank\" rel=\"noreferrer noopener\">Michael Jordan&nbsp;<\/a>deja la NBA.<\/p>\n\n\n\n<figure class=\"wp-block-image\"><img decoding=\"async\" src=\"https:\/\/tvazteca.brightspotcdn.com\/dims4\/default\/9c070d9\/2147483647\/strip\/true\/crop\/640x400+0+0\/resize\/968x605!\/format\/jpg\/quality\/80\/?url=https%3A%2F%2Ftvazteca.brightspotcdn.com%2Fca%2F4c%2Fefb69dc24eef8c06041d93d936ba%2Fmichael-jordan-tenis-subasta-1.jpg\" alt=\"Michael Jordan, tenis, subasta 1.jpg\"\/><\/figure>\n\n\n\n<p>1999: La crisis que afronta Brasil provoca el p\u00e1nico en todos los mercados financieros internacionales.<\/p>\n\n\n\n<p>2001: En El Salvador, un terremoto de magnitud 8,0 en la escala de Richter produce cerca de 944 muertos y p\u00e9rdidas econ\u00f3micas calculadas en 3 000 millones de d\u00f3lares.<\/p>\n\n\n\n<p>2006: En Acassuso (Buenos Aires) roban 147 cajas de seguridad de la sucursal del Banco R\u00edo. Es considerado el \u201crobo del siglo\u201d.<\/p>\n\n\n\n<p>2012: En las inmediaciones de la isla del Giglio, en la costa italiana de la Toscana sucede el accidente del barco Costa Concordia con 32 muertos.<\/p>\n\n\n\n<p>Fuente: https:\/\/www.adn40.mx\/mexico\/efemerides-13-de-enero-gm-especial<\/p>\n","protected":false},"excerpt":{"rendered":"<p>\u00bfSabes qu\u00e9 pas\u00f3 un d\u00eda como hoy? El 13 de enero se celebra el \u2018D\u00eda Mundial de Lucha contra la [&hellip;]<\/p>\n","protected":false},"author":1,"featured_media":19220,"comment_status":"open","ping_status":"open","sticky":false,"template":"","format":"standard","meta":{"site-sidebar-layout":"default","site-content-layout":"","ast-site-content-layout":"default","site-content-style":"default","site-sidebar-style":"default","ast-global-header-display":"","ast-banner-title-visibility":"","ast-main-header-display":"","ast-hfb-above-header-display":"","ast-hfb-below-header-display":"","ast-hfb-mobile-header-display":"","site-post-title":"","ast-breadcrumbs-content":"","ast-featured-img":"","footer-sml-layout":"","theme-transparent-header-meta":"","adv-header-id-meta":"","stick-header-meta":"","header-above-stick-meta":"","header-main-stick-meta":"","header-below-stick-meta":"","astra-migrate-meta-layouts":"default","ast-page-background-enabled":"default","ast-page-background-meta":{"desktop":{"background-color":"var(--ast-global-color-4)","background-image":"","background-repeat":"repeat","background-position":"center center","background-size":"auto","background-attachment":"scroll","background-type":"","background-media":"","overlay-type":"","overlay-color":"","overlay-opacity":"","overlay-gradient":""},"tablet":{"background-color":"","background-image":"","background-repeat":"repeat","background-position":"center center","background-size":"auto","background-attachment":"scroll","background-type":"","background-media":"","overlay-type":"","overlay-color":"","overlay-opacity":"","overlay-gradient":""},"mobile":{"background-color":"","background-image":"","background-repeat":"repeat","background-position":"center center","background-size":"auto","background-attachment":"scroll","background-type":"","background-media":"","overlay-type":"","overlay-color":"","overlay-opacity":"","overlay-gradient":""}},"ast-content-background-meta":{"desktop":{"background-color":"var(--ast-global-color-5)","background-image":"","background-repeat":"repeat","background-position":"center center","background-size":"auto","background-attachment":"scroll","background-type":"","background-media":"","overlay-type":"","overlay-color":"","overlay-opacity":"","overlay-gradient":""},"tablet":{"background-color":"var(--ast-global-color-5)","background-image":"","background-repeat":"repeat","background-position":"center center","background-size":"auto","background-attachment":"scroll","background-type":"","background-media":"","overlay-type":"","overlay-color":"","overlay-opacity":"","overlay-gradient":""},"mobile":{"background-color":"var(--ast-global-color-5)","background-image":"","background-repeat":"repeat","background-position":"center center","background-size":"auto","background-attachment":"scroll","background-type":"","background-media":"","overlay-type":"","overlay-color":"","overlay-opacity":"","overlay-gradient":""}},"footnotes":""},"categories":[8],"tags":[6884,6887,6882,6883,6885,6886],"class_list":["post-19219","post","type-post","status-publish","format-standard","has-post-thumbnail","hentry","category-noticias","tag-armas-quimicas","tag-brujeria","tag-depresion","tag-michael-jordan","tag-salvador-novo","tag-yellow-submarine"],"_links":{"self":[{"href":"https:\/\/losperiodistas.com.mx\/portal\/wp-json\/wp\/v2\/posts\/19219","targetHints":{"allow":["GET"]}}],"collection":[{"href":"https:\/\/losperiodistas.com.mx\/portal\/wp-json\/wp\/v2\/posts"}],"about":[{"href":"https:\/\/losperiodistas.com.mx\/portal\/wp-json\/wp\/v2\/types\/post"}],"author":[{"embeddable":true,"href":"https:\/\/losperiodistas.com.mx\/portal\/wp-json\/wp\/v2\/users\/1"}],"replies":[{"embeddable":true,"href":"https:\/\/losperiodistas.com.mx\/portal\/wp-json\/wp\/v2\/comments?post=19219"}],"version-history":[{"count":1,"href":"https:\/\/losperiodistas.com.mx\/portal\/wp-json\/wp\/v2\/posts\/19219\/revisions"}],"predecessor-version":[{"id":19221,"href":"https:\/\/losperiodistas.com.mx\/portal\/wp-json\/wp\/v2\/posts\/19219\/revisions\/19221"}],"wp:featuredmedia":[{"embeddable":true,"href":"https:\/\/losperiodistas.com.mx\/portal\/wp-json\/wp\/v2\/media\/19220"}],"wp:attachment":[{"href":"https:\/\/losperiodistas.com.mx\/portal\/wp-json\/wp\/v2\/media?parent=19219"}],"wp:term":[{"taxonomy":"category","embeddable":true,"href":"https:\/\/losperiodistas.com.mx\/portal\/wp-json\/wp\/v2\/categories?post=19219"},{"taxonomy":"post_tag","embeddable":true,"href":"https:\/\/losperiodistas.com.mx\/portal\/wp-json\/wp\/v2\/tags?post=19219"}],"curies":[{"name":"wp","href":"https:\/\/api.w.org\/{rel}","templated":true}]}}