{"id":19216,"date":"2022-01-13T04:00:05","date_gmt":"2022-01-13T10:00:05","guid":{"rendered":"http:\/\/losperiodistas.com.mx\/portal\/?p=19216"},"modified":"2022-01-13T04:49:25","modified_gmt":"2022-01-13T10:49:25","slug":"incrementos-de-hasta-el-66-registra-el-tabulador-de-sueldos-del-ayuntamiento-de-puebla-en-plena-crisis-por-covid-19-ljo","status":"publish","type":"post","link":"https:\/\/losperiodistas.com.mx\/portal\/incrementos-de-hasta-el-66-registra-el-tabulador-de-sueldos-del-ayuntamiento-de-puebla-en-plena-crisis-por-covid-19-ljo\/","title":{"rendered":"Incrementos de hasta el 66 % registra el tabulador de sueldos del ayuntamiento de Puebla en plena crisis por Covid-19 | LJO"},"content":{"rendered":"\n<p><\/p>\n\n\n\n<figure class=\"wp-block-embed is-type-video is-provider-youtube wp-block-embed-youtube wp-embed-aspect-16-9 wp-has-aspect-ratio\"><div class=\"wp-block-embed__wrapper\">\n<iframe title=\"Por mayor\u00eda de votos el cabildo capitalino aprob\u00f3 este mi\u00e9rcoles el Plan Municipal de Desarrollo\" width=\"500\" height=\"281\" src=\"https:\/\/www.youtube.com\/embed\/gD1WFX17TN8?feature=oembed\" frameborder=\"0\" allow=\"accelerometer; autoplay; clipboard-write; encrypted-media; gyroscope; picture-in-picture; web-share\" referrerpolicy=\"strict-origin-when-cross-origin\" allowfullscreen><\/iframe>\n<\/div><\/figure>\n\n\n\n<p><\/p>\n\n\n\n<p class=\"has-vivid-cyan-blue-color has-text-color has-medium-font-size\">EFRA\u00cdN N\u00da\u00d1EZ \/ LA JORNADA DE ORIENTE<\/p>\n\n\n\n<p>Incrementos de hasta 18 por ciento en las percepciones de los cargos de primer nivel y del 66 por ciento en jefaturas de departamento, as\u00ed como un salario para el gerente municipal por encima del de los regidores, registra el tabulador de sueldos de la Comuna capitalina, contenido en el Presupuesto de Egresos para el ejercicio fiscal 2022 del municipio de Puebla.<\/p>\n\n\n\n<p>Esta fue una de las razones, por las que la fracci\u00f3n de Morena en el cabildo capitalino vot\u00f3 en contra del Plan Municipal de Desarrollo avalado este mi\u00e9rcoles por mayor\u00eda, grupo que adem\u00e1s cuestion\u00f3 que el documento invisibiliza a grupos que no son afines a la derecha poblana.<\/p>\n\n\n\n<p>En una revisi\u00f3n al tabulador de sueldos se confirm\u00f3 que los salarios de la s\u00edndico municipal, Guadalupe Arrubarrena Garc\u00eda; la tesorera Mar\u00eda Isabel Garc\u00eda Ramos y la contralora, Alejandra Escand\u00f3n Torres tendr\u00e1n un incremento del 18 por ciento en el tope m\u00e1s bajo y de 14 por ciento en el m\u00e1s alto, respecto a lo que percibieron sus antecesores.<\/p>\n\n\n\n<p><a href=\"https:\/\/www.lajornadadeoriente.com.mx\/puebla\/colectivo-de-mujeres-artesanas-desalojo\/\" target=\"_blank\" rel=\"noreferrer noopener\">El sueldo de estas funcionarias<\/a>&nbsp;ir\u00e1 de los 65 a los 80 mil pesos mensuales, mientras que durante el ejercicio fiscal 2021, sus antecesores percibieron un salario que iba de los 55 mil a los 70 mil pesos.<\/p>\n\n\n\n<p>Tambi\u00e9n llama la atenci\u00f3n que el gerente municipal, cargo de nueva creaci\u00f3n que ocupar\u00e1 el panista Ad\u00e1n Dom\u00ednguez S\u00e1nchez, ser\u00e1 de entre 70 a 90 mil pesos, equiparado con el de la secretaria de Seguridad Ciudadana, Consuelo Cruz Galindo.<\/p>\n\n\n\n<p>La percepci\u00f3n salarial de Dom\u00ednguez S\u00e1nchez es incluso superior a la de los regidores, los cuales tuvieron un incremento de hasta el 19 por ciento en el tope m\u00e1s bajo y del 5.7 por ciento en el m\u00e1s alto y percibir\u00e1n de 64 mil 300 a 74 mil pesos al mes.<\/p>\n\n\n\n<p>Sin embargo, el incremento m\u00e1s significativo en el tabulador se registr\u00f3 en el cargo de jefe de departamento, el cual ser\u00e1 de 27 mil a 32 mil pesos.<\/p>\n\n\n\n<p>El aumento fue del 66 por ciento respecto al tope m\u00e1s bajo y del 6.6 por ciento en el m\u00e1s alto, ya que durante la administraci\u00f3n de Claudia Rivera Vivanco, quienes ostentaban este cargo percib\u00edan de 16 mil 185 a 30 mil pesos mensuales.<\/p>\n\n\n\n<h2 class=\"wp-block-heading\">Regidores de Morena cuestionan la falta de austeridad<\/h2>\n\n\n\n<p>Falta de austeridad en la administraci\u00f3n municipal, que se expresa en un aumento injustificado de algunos funcionarios de Eduardo Rivera P\u00e9rez, cuestionaron los integrantes de la fracci\u00f3n de Morena en el cabildo capitalino, durante la aprobaci\u00f3n del Plan Municipal de Desarrollo.<\/p>\n\n\n\n<p>Al justificar el voto en abstenci\u00f3n de la fracci\u00f3n de regidores de Morena respecto al documento, el coordinador Leobardo Rodr\u00edguez Ju\u00e1rez cuestion\u00f3 que en el Presupuesto de Egresos para el ejercicio fiscal 2022 se equipar\u00f3 sin justificaci\u00f3n el sueldo del gerente municipal, Ad\u00e1n Dom\u00ednguez al de la titular de la Secretar\u00eda de Seguridad Ciudadana y es superior al de los regidores, argumentando una posible situaci\u00f3n de vulnerabilidad del funcionario panista.<\/p>\n\n\n\n<p>Manifest\u00f3 que la medida va en contra de la pol\u00edtica de austeridad del gobierno del&nbsp;<a href=\"https:\/\/twitter.com\/lopezobrador_\" target=\"_blank\" rel=\"noreferrer noopener\">presidente Andr\u00e9s Manuel L\u00f3pez Obrador<\/a>, al tiempo de desestimar que las mil 200 personas consultadas para construir el plan no representan ni el 10 por ciento del m\u00e1s del mill\u00f3n 600 mil personas que viven en Puebla capital.<\/p>\n\n\n\n<p>Asimismo, cuestion\u00f3 que se haya invisibilizado de la consulta del plan a los sectores m\u00e1s marginados del municipio y a los sectores que hist\u00f3ricamente han sido borrados por los gobiernos de derecha.<\/p>\n\n\n\n<p>En tanto, el cabildo capitalino aprob\u00f3 este mi\u00e9rcoles por mayor\u00eda el Plan Municipal de Desarrollo que se basa en los ejes de recuperaci\u00f3n econ\u00f3mica, desarrollo humano, seguridad, urbanismo y medio ambiente, as\u00ed como finanzas sanas.<\/p>\n\n\n\n<p>Durante la votaci\u00f3n de lo que ser\u00e1 el plan rector del municipio durante los pr\u00f3ximos tres a\u00f1os, Eduardo Rivera afirm\u00f3 que el documento es el resultado de la opini\u00f3n de mil 200 personas, consultadas a trav\u00e9s de siete foros ciudadanos, tres especializados en ni\u00f1ez y juventud, dos a los pueblos ind\u00edgenas, cinco virtuales y 318 cuestionarios.<\/p>\n\n\n\n<p>Sostuvo que la intenci\u00f3n del plan es posicionar a Puebla en el lugar que merece a nivel nacional a trav\u00e9s de enfoques como el desarrollo de la zona metropolitana, desarrollo de comunidades ind\u00edgenas, comunidades en situaci\u00f3n de vulnerabilidad, igualdad sustantiva de g\u00e9nero, derechos humanos, ni\u00f1ez y adolescencia, personas con discapacidad, as\u00ed como datos abiertos.<\/p>\n\n\n\n<p>\u201cNuestro prop\u00f3sito es crear un nuevo modelo de ciudad donde haya un entorno seguro, accesible, equitativo y con m\u00e1s y mejores oportunidades\u201d, acot\u00f3.<\/p>\n\n\n\n<p>Fuente: https:\/\/www.lajornadadeoriente.com.mx\/puebla\/cabildo-plan-municipal-de-desarrollo-regidores\/<\/p>\n","protected":false},"excerpt":{"rendered":"<p>EFRA\u00cdN N\u00da\u00d1EZ \/ LA JORNADA DE ORIENTE Incrementos de hasta 18 por ciento en las percepciones de los cargos de [&hellip;]<\/p>\n","protected":false},"author":1,"featured_media":19217,"comment_status":"open","ping_status":"open","sticky":false,"template":"","format":"standard","meta":{"site-sidebar-layout":"default","site-content-layout":"","ast-site-content-layout":"default","site-content-style":"default","site-sidebar-style":"default","ast-global-header-display":"","ast-banner-title-visibility":"","ast-main-header-display":"","ast-hfb-above-header-display":"","ast-hfb-below-header-display":"","ast-hfb-mobile-header-display":"","site-post-title":"","ast-breadcrumbs-content":"","ast-featured-img":"","footer-sml-layout":"","theme-transparent-header-meta":"","adv-header-id-meta":"","stick-header-meta":"","header-above-stick-meta":"","header-main-stick-meta":"","header-below-stick-meta":"","astra-migrate-meta-layouts":"default","ast-page-background-enabled":"default","ast-page-background-meta":{"desktop":{"background-color":"var(--ast-global-color-4)","background-image":"","background-repeat":"repeat","background-position":"center center","background-size":"auto","background-attachment":"scroll","background-type":"","background-media":"","overlay-type":"","overlay-color":"","overlay-opacity":"","overlay-gradient":""},"tablet":{"background-color":"","background-image":"","background-repeat":"repeat","background-position":"center center","background-size":"auto","background-attachment":"scroll","background-type":"","background-media":"","overlay-type":"","overlay-color":"","overlay-opacity":"","overlay-gradient":""},"mobile":{"background-color":"","background-image":"","background-repeat":"repeat","background-position":"center center","background-size":"auto","background-attachment":"scroll","background-type":"","background-media":"","overlay-type":"","overlay-color":"","overlay-opacity":"","overlay-gradient":""}},"ast-content-background-meta":{"desktop":{"background-color":"var(--ast-global-color-5)","background-image":"","background-repeat":"repeat","background-position":"center center","background-size":"auto","background-attachment":"scroll","background-type":"","background-media":"","overlay-type":"","overlay-color":"","overlay-opacity":"","overlay-gradient":""},"tablet":{"background-color":"var(--ast-global-color-5)","background-image":"","background-repeat":"repeat","background-position":"center center","background-size":"auto","background-attachment":"scroll","background-type":"","background-media":"","overlay-type":"","overlay-color":"","overlay-opacity":"","overlay-gradient":""},"mobile":{"background-color":"var(--ast-global-color-5)","background-image":"","background-repeat":"repeat","background-position":"center center","background-size":"auto","background-attachment":"scroll","background-type":"","background-media":"","overlay-type":"","overlay-color":"","overlay-opacity":"","overlay-gradient":""}},"footnotes":""},"categories":[1],"tags":[6881,191,6880],"class_list":["post-19216","post","type-post","status-publish","format-standard","has-post-thumbnail","hentry","category-sin-categoria","tag-aumento-sueldos","tag-ayuntamiento-de-puebla","tag-presupuesto-egresos-2022"],"_links":{"self":[{"href":"https:\/\/losperiodistas.com.mx\/portal\/wp-json\/wp\/v2\/posts\/19216","targetHints":{"allow":["GET"]}}],"collection":[{"href":"https:\/\/losperiodistas.com.mx\/portal\/wp-json\/wp\/v2\/posts"}],"about":[{"href":"https:\/\/losperiodistas.com.mx\/portal\/wp-json\/wp\/v2\/types\/post"}],"author":[{"embeddable":true,"href":"https:\/\/losperiodistas.com.mx\/portal\/wp-json\/wp\/v2\/users\/1"}],"replies":[{"embeddable":true,"href":"https:\/\/losperiodistas.com.mx\/portal\/wp-json\/wp\/v2\/comments?post=19216"}],"version-history":[{"count":1,"href":"https:\/\/losperiodistas.com.mx\/portal\/wp-json\/wp\/v2\/posts\/19216\/revisions"}],"predecessor-version":[{"id":19218,"href":"https:\/\/losperiodistas.com.mx\/portal\/wp-json\/wp\/v2\/posts\/19216\/revisions\/19218"}],"wp:featuredmedia":[{"embeddable":true,"href":"https:\/\/losperiodistas.com.mx\/portal\/wp-json\/wp\/v2\/media\/19217"}],"wp:attachment":[{"href":"https:\/\/losperiodistas.com.mx\/portal\/wp-json\/wp\/v2\/media?parent=19216"}],"wp:term":[{"taxonomy":"category","embeddable":true,"href":"https:\/\/losperiodistas.com.mx\/portal\/wp-json\/wp\/v2\/categories?post=19216"},{"taxonomy":"post_tag","embeddable":true,"href":"https:\/\/losperiodistas.com.mx\/portal\/wp-json\/wp\/v2\/tags?post=19216"}],"curies":[{"name":"wp","href":"https:\/\/api.w.org\/{rel}","templated":true}]}}