{"id":19213,"date":"2022-01-13T04:24:57","date_gmt":"2022-01-13T10:24:57","guid":{"rendered":"http:\/\/losperiodistas.com.mx\/portal\/?p=19213"},"modified":"2022-01-13T04:43:33","modified_gmt":"2022-01-13T10:43:33","slug":"por-segundo-dia-el-coronavirus-en-mexico-rompe-maximo-historico-44-mil-187-contagios-revista-proceso","status":"publish","type":"post","link":"https:\/\/losperiodistas.com.mx\/portal\/por-segundo-dia-el-coronavirus-en-mexico-rompe-maximo-historico-44-mil-187-contagios-revista-proceso\/","title":{"rendered":"Por segundo d\u00eda el coronavirus en M\u00e9xico rompe m\u00e1ximo hist\u00f3rico: 44 mil 187 contagios | Revista Proceso"},"content":{"rendered":"\n<p style=\"font-size:18px\"><em>Asciende a 222 mil 221 el n\u00famero de personas con s\u00edntomas en los \u00faltimos 14 d\u00edas, de acuerdo con la Secretaria de Salud.<\/em><\/p>\n\n\n\n<p><\/p>\n\n\n\n<figure class=\"wp-block-image size-large\"><img fetchpriority=\"high\" decoding=\"async\" width=\"1024\" height=\"535\" src=\"https:\/\/losperiodistas.com.mx\/portal\/wp-content\/uploads\/2022\/01\/Captura-de-Pantalla-2022-01-13-a-las-4.38.35-1024x535.png\" alt=\"\" class=\"wp-image-19214\" srcset=\"https:\/\/losperiodistas.com.mx\/portal\/wp-content\/uploads\/2022\/01\/Captura-de-Pantalla-2022-01-13-a-las-4.38.35-1024x535.png 1024w, https:\/\/losperiodistas.com.mx\/portal\/wp-content\/uploads\/2022\/01\/Captura-de-Pantalla-2022-01-13-a-las-4.38.35-300x157.png 300w, https:\/\/losperiodistas.com.mx\/portal\/wp-content\/uploads\/2022\/01\/Captura-de-Pantalla-2022-01-13-a-las-4.38.35-768x401.png 768w, https:\/\/losperiodistas.com.mx\/portal\/wp-content\/uploads\/2022\/01\/Captura-de-Pantalla-2022-01-13-a-las-4.38.35.png 1478w\" sizes=\"(max-width: 1024px) 100vw, 1024px\" \/><figcaption>Fila en una farmacia para aplicaci\u00f3n de pruebas de covid. Foto: J. Ra\u00fal P\u00e9rez<\/figcaption><\/figure>\n\n\n\n<p><\/p>\n\n\n\n<p class=\"has-vivid-cyan-blue-color has-text-color has-medium-font-size\">REVISTA PROCESO<\/p>\n\n\n\n<p>CIUDAD DE M\u00c9XICO (apro).- La curva de contagios por covid-19 sigue con una tendencia al alza y este mi\u00e9rcoles alcanz\u00f3 un nuevo r\u00e9cord al registrarse 44 mil 187 casos, seg\u00fan el reporte de la Secretar\u00eda de Salud.<\/p>\n\n\n\n<p>Un d\u00eda antes se hab\u00eda alcanzado la cifra m\u00e1s alta de infectados para un d\u00eda en lo que va de la pandemia, al reportarse 33 mil 626 casos de lunes a martes.<\/p>\n\n\n\n<h5 class=\"wp-block-heading\">NOTICIAS RELACIONADAS<\/h5>\n\n\n\n<ul class=\"wp-block-list\"><li><a href=\"https:\/\/www.proceso.com.mx\/nacional\/cdmx\/2022\/1\/12\/covid-19-asi-esta-la-ocupacion-hospitalaria-en-las-16-alcaldias-de-la-cdmx-278982.html\">Covid-19: As\u00ed est\u00e1 la ocupaci\u00f3n hospitalaria en las 16 alcald\u00edas de la CDMX<\/a><\/li><li><a href=\"https:\/\/www.proceso.com.mx\/internacional\/2022\/1\/12\/en-una-semana-casi-el-doble-de-contagios-por-covid-19-en-america-ops-278962.html\">En una semana, casi el doble de contagios por covid-19 en Am\u00e9rica: OPS<\/a><\/li><li><a href=\"https:\/\/www.proceso.com.mx\/nacional\/2022\/1\/12\/claudia-sheinbaum-anuncia-que-no-esta-contagiada-de-covid-19-ya-me-hice-la-prueba-soy-negativa-278953.html\">Claudia Sheinbaum anuncia que no est\u00e1 contagiada de covid-19: \u00abYa me hice la prueba, soy negativa\u00bb<\/a><\/li><li><a href=\"https:\/\/www.proceso.com.mx\/nacional\/2022\/1\/11\/covid-19-en-mexico-este-martes-se-reporto-la-cifra-maxima-de-contagios-de-toda-la-pandemia-278908.html\">Covid-19 en M\u00e9xico: este martes se report\u00f3 la cifra m\u00e1xima de contagios de toda la pandemia<\/a><\/li><\/ul>\n\n\n\n<p>A la fecha, suman ya 4 millones 214 mil 253 las personas afectadas por el virus en sus diferentes variantes.<\/p>\n\n\n\n<p>El reporte t\u00e9cnico se\u00f1ala adem\u00e1s que hay 222 mil 221 personas consideradas como casos activos, con reporte de s\u00edntomas en los \u00faltimos 14 d\u00edas.<\/p>\n\n\n\n<p>Con respecto a las defunciones, el n\u00famero total ascendi\u00f3 a 300 mil 764, sumadas ya las 190 muertes registradas en las \u00faltimas 24 horas.<\/p>\n\n\n\n<p>Adem\u00e1s, indic\u00f3 que la ocupaci\u00f3n nacional hospitalaria en camas generales subi\u00f3 a 24% y en camas de terapia intensiva a 15 por ciento.<\/p>\n\n\n\n<p>Y destac\u00f3 que los pacientes que se han recuperado de la enfermedad son tres millones 373 mil 393.<\/p>\n\n\n\n<figure class=\"wp-block-embed is-type-rich is-provider-twitter wp-block-embed-twitter\"><div class=\"wp-block-embed__wrapper\">\n<blockquote class=\"twitter-tweet\" data-width=\"500\" data-dnt=\"true\"><p lang=\"es\" dir=\"ltr\">Comunicado T\u00e9cnico Diario <a href=\"https:\/\/twitter.com\/hashtag\/COVID19?src=hash&amp;ref_src=twsrc%5Etfw\">#COVID19<\/a> | 12 de enero de 2022<br><br>\u27a1\ufe0f <a href=\"https:\/\/t.co\/E3fbJtYJcB\">https:\/\/t.co\/E3fbJtYJcB<\/a> <a href=\"https:\/\/t.co\/wds9a1YBus\">pic.twitter.com\/wds9a1YBus<\/a><\/p>&mdash; SALUD M\u00e9xico (@SSalud_mx) <a href=\"https:\/\/twitter.com\/SSalud_mx\/status\/1481429494024093700?ref_src=twsrc%5Etfw\">January 13, 2022<\/a><\/blockquote><script async src=\"https:\/\/platform.twitter.com\/widgets.js\" charset=\"utf-8\"><\/script>\n<\/div><\/figure>\n\n\n\n<p>Fuente: https:\/\/www.proceso.com.mx\/nacional\/2022\/1\/12\/por-segundo-dia-el-coronavirus-en-mexico-rompe-maximo-historico-44-mil-187-contagios-278993.html<\/p>\n","protected":false},"excerpt":{"rendered":"<p>Asciende a 222 mil 221 el n\u00famero de personas con s\u00edntomas en los \u00faltimos 14 d\u00edas, de acuerdo con la [&hellip;]<\/p>\n","protected":false},"author":1,"featured_media":19214,"comment_status":"open","ping_status":"open","sticky":false,"template":"","format":"standard","meta":{"site-sidebar-layout":"default","site-content-layout":"","ast-site-content-layout":"default","site-content-style":"default","site-sidebar-style":"default","ast-global-header-display":"","ast-banner-title-visibility":"","ast-main-header-display":"","ast-hfb-above-header-display":"","ast-hfb-below-header-display":"","ast-hfb-mobile-header-display":"","site-post-title":"","ast-breadcrumbs-content":"","ast-featured-img":"","footer-sml-layout":"","theme-transparent-header-meta":"","adv-header-id-meta":"","stick-header-meta":"","header-above-stick-meta":"","header-main-stick-meta":"","header-below-stick-meta":"","astra-migrate-meta-layouts":"default","ast-page-background-enabled":"default","ast-page-background-meta":{"desktop":{"background-color":"var(--ast-global-color-4)","background-image":"","background-repeat":"repeat","background-position":"center center","background-size":"auto","background-attachment":"scroll","background-type":"","background-media":"","overlay-type":"","overlay-color":"","overlay-opacity":"","overlay-gradient":""},"tablet":{"background-color":"","background-image":"","background-repeat":"repeat","background-position":"center center","background-size":"auto","background-attachment":"scroll","background-type":"","background-media":"","overlay-type":"","overlay-color":"","overlay-opacity":"","overlay-gradient":""},"mobile":{"background-color":"","background-image":"","background-repeat":"repeat","background-position":"center center","background-size":"auto","background-attachment":"scroll","background-type":"","background-media":"","overlay-type":"","overlay-color":"","overlay-opacity":"","overlay-gradient":""}},"ast-content-background-meta":{"desktop":{"background-color":"var(--ast-global-color-5)","background-image":"","background-repeat":"repeat","background-position":"center center","background-size":"auto","background-attachment":"scroll","background-type":"","background-media":"","overlay-type":"","overlay-color":"","overlay-opacity":"","overlay-gradient":""},"tablet":{"background-color":"var(--ast-global-color-5)","background-image":"","background-repeat":"repeat","background-position":"center center","background-size":"auto","background-attachment":"scroll","background-type":"","background-media":"","overlay-type":"","overlay-color":"","overlay-opacity":"","overlay-gradient":""},"mobile":{"background-color":"var(--ast-global-color-5)","background-image":"","background-repeat":"repeat","background-position":"center center","background-size":"auto","background-attachment":"scroll","background-type":"","background-media":"","overlay-type":"","overlay-color":"","overlay-opacity":"","overlay-gradient":""}},"footnotes":""},"categories":[8],"tags":[1536,5593,3748],"class_list":["post-19213","post","type-post","status-publish","format-standard","has-post-thumbnail","hentry","category-noticias","tag-covid-19-mexico","tag-omicron","tag-ssa"],"_links":{"self":[{"href":"https:\/\/losperiodistas.com.mx\/portal\/wp-json\/wp\/v2\/posts\/19213","targetHints":{"allow":["GET"]}}],"collection":[{"href":"https:\/\/losperiodistas.com.mx\/portal\/wp-json\/wp\/v2\/posts"}],"about":[{"href":"https:\/\/losperiodistas.com.mx\/portal\/wp-json\/wp\/v2\/types\/post"}],"author":[{"embeddable":true,"href":"https:\/\/losperiodistas.com.mx\/portal\/wp-json\/wp\/v2\/users\/1"}],"replies":[{"embeddable":true,"href":"https:\/\/losperiodistas.com.mx\/portal\/wp-json\/wp\/v2\/comments?post=19213"}],"version-history":[{"count":1,"href":"https:\/\/losperiodistas.com.mx\/portal\/wp-json\/wp\/v2\/posts\/19213\/revisions"}],"predecessor-version":[{"id":19215,"href":"https:\/\/losperiodistas.com.mx\/portal\/wp-json\/wp\/v2\/posts\/19213\/revisions\/19215"}],"wp:featuredmedia":[{"embeddable":true,"href":"https:\/\/losperiodistas.com.mx\/portal\/wp-json\/wp\/v2\/media\/19214"}],"wp:attachment":[{"href":"https:\/\/losperiodistas.com.mx\/portal\/wp-json\/wp\/v2\/media?parent=19213"}],"wp:term":[{"taxonomy":"category","embeddable":true,"href":"https:\/\/losperiodistas.com.mx\/portal\/wp-json\/wp\/v2\/categories?post=19213"},{"taxonomy":"post_tag","embeddable":true,"href":"https:\/\/losperiodistas.com.mx\/portal\/wp-json\/wp\/v2\/tags?post=19213"}],"curies":[{"name":"wp","href":"https:\/\/api.w.org\/{rel}","templated":true}]}}