{"id":19205,"date":"2022-01-13T04:35:22","date_gmt":"2022-01-13T10:35:22","guid":{"rendered":"http:\/\/losperiodistas.com.mx\/portal\/?p=19205"},"modified":"2022-01-13T04:35:24","modified_gmt":"2022-01-13T10:35:24","slug":"que-esperar-de-la-sexta-extincion-masiva-del-mundo-dw","status":"publish","type":"post","link":"https:\/\/losperiodistas.com.mx\/portal\/que-esperar-de-la-sexta-extincion-masiva-del-mundo-dw\/","title":{"rendered":"Qu\u00e9 esperar de la sexta extinci\u00f3n masiva del mundo | DW"},"content":{"rendered":"\n<p style=\"font-size:18px\"><em>Los seres humanos que viven hoy en d\u00eda son testigos del comienzo de la primera extinci\u00f3n masiva en 65 millones de a\u00f1os. \u00bfQu\u00e9 significa la p\u00e9rdida de biodiversidad para nosotros y el medio ambiente?<\/em><\/p>\n\n\n\n<p><\/p>\n\n\n\n<figure class=\"wp-block-image size-large\"><img fetchpriority=\"high\" decoding=\"async\" width=\"1024\" height=\"577\" src=\"https:\/\/losperiodistas.com.mx\/portal\/wp-content\/uploads\/2022\/01\/Captura-de-Pantalla-2022-01-13-a-las-4.25.53-1024x577.png\" alt=\"\" class=\"wp-image-19206\" srcset=\"https:\/\/losperiodistas.com.mx\/portal\/wp-content\/uploads\/2022\/01\/Captura-de-Pantalla-2022-01-13-a-las-4.25.53-1024x577.png 1024w, https:\/\/losperiodistas.com.mx\/portal\/wp-content\/uploads\/2022\/01\/Captura-de-Pantalla-2022-01-13-a-las-4.25.53-300x169.png 300w, https:\/\/losperiodistas.com.mx\/portal\/wp-content\/uploads\/2022\/01\/Captura-de-Pantalla-2022-01-13-a-las-4.25.53-768x433.png 768w, https:\/\/losperiodistas.com.mx\/portal\/wp-content\/uploads\/2022\/01\/Captura-de-Pantalla-2022-01-13-a-las-4.25.53.png 1402w\" sizes=\"(max-width: 1024px) 100vw, 1024px\" \/><figcaption>Los impactos de la p\u00e9rdida de biodiversidad podr\u00edan tener amplias repercusiones.<\/figcaption><\/figure>\n\n\n\n<p>ALISTAIR WALSH \/ DW<\/p>\n\n\n\n<p>Unos 65 millones de a\u00f1os despu\u00e9s de la \u00faltima extinci\u00f3n masiva, que marc\u00f3 el fin de los dinosaurios en el planeta, los cient\u00edficos advierten de que estamos en los primeros estertores de otra aniquilaci\u00f3n de este tipo. A diferencia de otras, esta sexta extinci\u00f3n masiva \u2013o extinci\u00f3n del Antropoceno\u2013 es la \u00fanica causada por el ser humano, y en ella intervienen el cambio clim\u00e1tico, la destrucci\u00f3n del h\u00e1bitat, la contaminaci\u00f3n y la agricultura industrial.<\/p>\n\n\n\n<p>En las extinciones masivas, al menos tres cuartas partes de las especies dejan de existir en unos 3 millones de a\u00f1os. Algunos cient\u00edficos creen que, al ritmo actual, podr\u00edamos estar en camino de perder ese n\u00famero en unos pocos siglos.<\/p>\n\n\n\n<p>Solo en las pr\u00f3ximas d\u00e9cadas, al menos un mill\u00f3n de especies corren el riesgo de desaparecer. Eso es lo que se estima en un informe hist\u00f3rico publicado en 2019, pero muchos cient\u00edficos dicen que podr\u00eda ser un recuento insuficiente.&nbsp;<\/p>\n\n\n\n<p>Intentar predecir los resultados de un colapso total de la biodiversidad es casi un arte negro: los ecosistemas son incre\u00edblemente complejos. Sin embargo, los cient\u00edficos est\u00e1n de acuerdo en que hay varias predicciones claras si las extinciones contin\u00faan a este ritmo. Y todos los efectos est\u00e1n inextricablemente relacionados, como un juego de Jenga.<\/p>\n\n\n\n<h2 class=\"wp-block-heading\"><strong>P\u00e9rdida de seguridad alimentaria<\/strong><\/h2>\n\n\n\n<p>\u00abCreo que lo primero que veremos es que nuestro suministro de alimentos empieza a reducirse de forma notable, ya que gran parte de nuestra alimentaci\u00f3n depende de la polinizaci\u00f3n\u00bb, afirma Corey Bradshaw, profesor de ecolog\u00eda global en la Universidad Flinders de Australia del Sur, que utiliza modelos matem\u00e1ticos para mostrar la interacci\u00f3n entre los seres humanos y los ecosistemas.<a href=\"https:\/\/www.dw.com\/es\/qu%C3%A9-esperar-de-la-sexta-extinci%C3%B3n-masiva-del-mundo\/a-60405030#\"><\/a><\/p>\n\n\n\n<figure class=\"wp-block-image size-large\"><img decoding=\"async\" width=\"1024\" height=\"625\" src=\"https:\/\/losperiodistas.com.mx\/portal\/wp-content\/uploads\/2022\/01\/Captura-de-Pantalla-2022-01-13-a-las-4.29.12-1024x625.png\" alt=\"\" class=\"wp-image-19207\" srcset=\"https:\/\/losperiodistas.com.mx\/portal\/wp-content\/uploads\/2022\/01\/Captura-de-Pantalla-2022-01-13-a-las-4.29.12-1024x625.png 1024w, https:\/\/losperiodistas.com.mx\/portal\/wp-content\/uploads\/2022\/01\/Captura-de-Pantalla-2022-01-13-a-las-4.29.12-300x183.png 300w, https:\/\/losperiodistas.com.mx\/portal\/wp-content\/uploads\/2022\/01\/Captura-de-Pantalla-2022-01-13-a-las-4.29.12-768x469.png 768w, https:\/\/losperiodistas.com.mx\/portal\/wp-content\/uploads\/2022\/01\/Captura-de-Pantalla-2022-01-13-a-las-4.29.12.png 1402w\" sizes=\"(max-width: 1024px) 100vw, 1024px\" \/><\/figure>\n\n\n\n<p>Alrededor de un tercio del suministro mundial de alimentos depende de polinizadores como las abejas, y, si mueren, los rendimientos agr\u00edcolas podr\u00edan caer en picado, dijo Bradshaw.<\/p>\n\n\n\n<p>Algunas plagas de los cultivos podr\u00edan prosperar al desaparecer los depredadores, lo que afectar\u00eda a\u00fan m\u00e1s a las cosechas de los monocultivos.<\/p>\n\n\n\n<p>Y millones de personas dependen de las especies silvestres para alimentarse y ganarse la vida, sobre todo de la pesca costera y continental, que es especialmente vulnerable a la desaparici\u00f3n.<\/p>\n\n\n\n<p>Seg\u00fan Bradshaw, esta falta de seguridad alimentaria, que tambi\u00e9n estar\u00e1 relacionada con el aumento de la sequ\u00eda y las inundaciones, afectar\u00e1 m\u00e1s a las regiones m\u00e1s pobres, en particular al \u00c1frica subsahariana y a partes del sudeste asi\u00e1tico.<\/p>\n\n\n\n<h2 class=\"wp-block-heading\"><strong>Fertilidad del suelo<\/strong><\/h2>\n\n\n\n<p>Tambi\u00e9n se espera que la calidad del suelo se deteriore si los microorganismos cr\u00edticos mueren. Aunque est\u00e1n poco representados en los datos, algunos investigadores creen que pueden estar desapareciendo a un ritmo m\u00e1s r\u00e1pido que otras especies. Su desaparici\u00f3n podr\u00eda agravar la erosi\u00f3n, lo que a su vez provocar\u00eda m\u00e1s inundaciones, as\u00ed como una menor fertilidad, que a su vez repercutir\u00eda en el crecimiento de los cultivos.<a href=\"https:\/\/www.dw.com\/es\/qu%C3%A9-esperar-de-la-sexta-extinci%C3%B3n-masiva-del-mundo\/a-60405030#\"><\/a><\/p>\n\n\n\n<figure class=\"wp-block-image size-large\"><img decoding=\"async\" width=\"1024\" height=\"623\" src=\"https:\/\/losperiodistas.com.mx\/portal\/wp-content\/uploads\/2022\/01\/Captura-de-Pantalla-2022-01-13-a-las-4.29.46-1024x623.png\" alt=\"\" class=\"wp-image-19208\" srcset=\"https:\/\/losperiodistas.com.mx\/portal\/wp-content\/uploads\/2022\/01\/Captura-de-Pantalla-2022-01-13-a-las-4.29.46-1024x623.png 1024w, https:\/\/losperiodistas.com.mx\/portal\/wp-content\/uploads\/2022\/01\/Captura-de-Pantalla-2022-01-13-a-las-4.29.46-300x182.png 300w, https:\/\/losperiodistas.com.mx\/portal\/wp-content\/uploads\/2022\/01\/Captura-de-Pantalla-2022-01-13-a-las-4.29.46-768x467.png 768w, https:\/\/losperiodistas.com.mx\/portal\/wp-content\/uploads\/2022\/01\/Captura-de-Pantalla-2022-01-13-a-las-4.29.46.png 1408w\" sizes=\"(max-width: 1024px) 100vw, 1024px\" \/><\/figure>\n\n\n\n<p>Colman O&#8217;Criodain, director de pol\u00edticas de la organizaci\u00f3n conservacionista WWF International, dijo que esto era especialmente peligroso.&nbsp;<\/p>\n\n\n\n<p>\u00abLa materia org\u00e1nica es, en cierto modo, el pegamento que mantiene todo unido. Si pensamos en ello como en un pud\u00edn de Navidad, tiene algunos ingredientes secos como el pan rallado y la harina y los frutos secos, pero son los huevos y el brandy, entre otros, los que lo mantienen unido y lo hacen suave y blando y le dan su forma\u00bb, dijo O&#8217;Criodain.<\/p>\n\n\n\n<h2 class=\"wp-block-heading\"><strong>Escasez de agua y desastres naturales<\/strong><\/h2>\n\n\n\n<p>Gran parte del agua dulce del mundo procede de humedales que purifican y redistribuyen esta fuente de vida. Por ejemplo, la torre de agua del Himalaya, que se alimenta de r\u00edos y humedales, abastece a unos dos mil millones de personas. Si sistemas como estos se colapsan, como resultado de impactos que incluyen la floraci\u00f3n de algas y el retroceso de la vegetaci\u00f3n, la humanidad podr\u00eda perder mucha agua para beber y para uso agr\u00edcola.<\/p>\n\n\n\n<p>A medida que los bosques retroceden, es probable que los patrones de lluvia cambien, ya que la evapotranspiraci\u00f3n \u2013el proceso en el que la humedad se devuelve a la atm\u00f3sfera a trav\u00e9s de la evaporaci\u00f3n y la transpiraci\u00f3n de las plantas\u2013 se ve afectada, secando a\u00fan m\u00e1s el paisaje, como se ha visto en el Amazonas.<\/p>\n\n\n\n<p>La Organizaci\u00f3n de las Naciones Unidas para la Agricultura y la Alimentaci\u00f3n calcula que a partir de 2015 se talaron unos 10 millones de hect\u00e1reas de bosque al a\u00f1o.<a href=\"https:\/\/www.dw.com\/es\/qu%C3%A9-esperar-de-la-sexta-extinci%C3%B3n-masiva-del-mundo\/a-60405030#\"><\/a><\/p>\n\n\n\n<figure class=\"wp-block-image size-large\"><img loading=\"lazy\" decoding=\"async\" width=\"1024\" height=\"623\" src=\"https:\/\/losperiodistas.com.mx\/portal\/wp-content\/uploads\/2022\/01\/Captura-de-Pantalla-2022-01-13-a-las-4.30.18-1024x623.png\" alt=\"\" class=\"wp-image-19209\" srcset=\"https:\/\/losperiodistas.com.mx\/portal\/wp-content\/uploads\/2022\/01\/Captura-de-Pantalla-2022-01-13-a-las-4.30.18-1024x623.png 1024w, https:\/\/losperiodistas.com.mx\/portal\/wp-content\/uploads\/2022\/01\/Captura-de-Pantalla-2022-01-13-a-las-4.30.18-300x182.png 300w, https:\/\/losperiodistas.com.mx\/portal\/wp-content\/uploads\/2022\/01\/Captura-de-Pantalla-2022-01-13-a-las-4.30.18-768x467.png 768w, https:\/\/losperiodistas.com.mx\/portal\/wp-content\/uploads\/2022\/01\/Captura-de-Pantalla-2022-01-13-a-las-4.30.18.png 1408w\" sizes=\"(max-width: 1024px) 100vw, 1024px\" \/><\/figure>\n\n\n\n<p>Y con la p\u00e9rdida de \u00e1rboles y vegetaci\u00f3n \u2013reguladores fundamentales del di\u00f3xido de carbono atmosf\u00e9rico\u2013 se prev\u00e9 que el cambio clim\u00e1tico empeore, desencadenando m\u00e1s fen\u00f3menos meteorol\u00f3gicos extremos. Las condiciones m\u00e1s secas y los bosques insalubres tambi\u00e9n aumentan el riesgo de incendios forestales.<\/p>\n\n\n\n<p>Mientras tanto, las p\u00e9rdidas de cosechas y otras amenazas ecol\u00f3gicas probablemente desencadenen migraciones masivas para escapar del hambre y de los conflictos por la disminuci\u00f3n de los recursos.<\/p>\n\n\n\n<h2 class=\"wp-block-heading\"><strong>P\u00e9rdida de resiliencia y m\u00e1s pandemias<\/strong><\/h2>\n\n\n\n<p>\u00abLo que hemos hecho como humanos es simplificar todo el planeta, especialmente los ecosistemas de producci\u00f3n, hasta tal punto que se han vuelto vulnerables\u00bb, dijo a DW Carl Folke, cient\u00edfico medioambiental transdisciplinar y fundador del Centro de Resiliencia de Estocolmo para la investigaci\u00f3n de la ciencia de la sostenibilidad.<\/p>\n\n\n\n<p>\u00abLa resiliencia suele llamarse la ciencia de la sorpresa. Si vives en condiciones muy estables y todo es predecible, no necesitas ese colch\u00f3n de biodiversidad. Pero si vives en tiempos m\u00e1s turbulentos con situaciones m\u00e1s imprevisibles, ese tipo de cartera de opciones se vuelve extremadamente importante\u00bb, dijo Folke.<a href=\"https:\/\/www.dw.com\/es\/qu%C3%A9-esperar-de-la-sexta-extinci%C3%B3n-masiva-del-mundo\/a-60405030#\"><\/a><\/p>\n\n\n\n<figure class=\"wp-block-image size-large\"><img loading=\"lazy\" decoding=\"async\" width=\"1024\" height=\"623\" src=\"https:\/\/losperiodistas.com.mx\/portal\/wp-content\/uploads\/2022\/01\/Captura-de-Pantalla-2022-01-13-a-las-4.30.46-1024x623.png\" alt=\"\" class=\"wp-image-19210\" srcset=\"https:\/\/losperiodistas.com.mx\/portal\/wp-content\/uploads\/2022\/01\/Captura-de-Pantalla-2022-01-13-a-las-4.30.46-1024x623.png 1024w, https:\/\/losperiodistas.com.mx\/portal\/wp-content\/uploads\/2022\/01\/Captura-de-Pantalla-2022-01-13-a-las-4.30.46-300x182.png 300w, https:\/\/losperiodistas.com.mx\/portal\/wp-content\/uploads\/2022\/01\/Captura-de-Pantalla-2022-01-13-a-las-4.30.46-768x467.png 768w, https:\/\/losperiodistas.com.mx\/portal\/wp-content\/uploads\/2022\/01\/Captura-de-Pantalla-2022-01-13-a-las-4.30.46.png 1408w\" sizes=\"(max-width: 1024px) 100vw, 1024px\" \/><\/figure>\n\n\n\n<p>Los investigadores tambi\u00e9n han advertido de que la p\u00e9rdida de biodiversidad podr\u00eda provocar un mayor riesgo de pandemias, ya que los animales salvajes y los seres humanos entran en contacto m\u00e1s estrecho a trav\u00e9s de la fragmentaci\u00f3n del h\u00e1bitat y la alteraci\u00f3n de los sistemas naturales.<\/p>\n\n\n\n<p>El ejemplo m\u00e1s citado de que esto ya est\u00e1 ocurriendo es el brote de \u00e9bola de 2014 en \u00c1frica Occidental, que se cree que fue causado por ni\u00f1os que jugaban en un \u00e1rbol hueco lleno de murci\u00e9lagos. Aunque el origen del COVID-19 a\u00fan no est\u00e1 claro, los resultados de algunos estudios cient\u00edficos lo relacionan con los murci\u00e9lagos silvestres.<\/p>\n\n\n\n<h2 class=\"wp-block-heading\"><strong>Una p\u00e9rdida fundamental del patrimonio, la cultura y lo intangible<\/strong><\/h2>\n\n\n\n<p>Estos efectos son solo los que se pueden cuantificar. Para muchos conservacionistas y cient\u00edficos, dejar que las especies se extingan de forma imprudente es similar al vandalismo. Incluso si sobrevivimos y evitamos las consecuencias catastr\u00f3ficas, el mundo quedar\u00eda muy mermado de forma irreversible por las extinciones masivas.<\/p>\n\n\n\n<p>Las p\u00e9rdidas m\u00e1s tr\u00e1gicas podr\u00edan ser las que ni siquiera podemos ver.&nbsp;<\/p>\n\n\n\n<p>\u00abPiensa en las consecuencias de la extinci\u00f3n como si se quemara una galer\u00eda de arte. Ni siquiera est\u00e1 pensando en un valor potencial directo, sino en la p\u00e9rdida intangible del Patrimonio Mundial\u00bb, dijo Thomas Brooks, cient\u00edfico jefe de la Uni\u00f3n Internacional para la Conservaci\u00f3n de la Naturaleza (UICN).<\/p>\n\n\n\n<p>\u00abRecuerde que cualquier especie es producto de millones de a\u00f1os de evoluci\u00f3n. Estamos ante la p\u00e9rdida de lo que hace que la humanidad forme parte del planeta. Estamos viendo lo que nos hace completos\u00bb, continu\u00f3.<a href=\"https:\/\/www.dw.com\/es\/qu%C3%A9-esperar-de-la-sexta-extinci%C3%B3n-masiva-del-mundo\/a-60405030#\"><\/a><\/p>\n\n\n\n<figure class=\"wp-block-image size-large\"><img loading=\"lazy\" decoding=\"async\" width=\"1024\" height=\"641\" src=\"https:\/\/losperiodistas.com.mx\/portal\/wp-content\/uploads\/2022\/01\/Captura-de-Pantalla-2022-01-13-a-las-4.31.18-1024x641.png\" alt=\"\" class=\"wp-image-19211\" srcset=\"https:\/\/losperiodistas.com.mx\/portal\/wp-content\/uploads\/2022\/01\/Captura-de-Pantalla-2022-01-13-a-las-4.31.18-1024x641.png 1024w, https:\/\/losperiodistas.com.mx\/portal\/wp-content\/uploads\/2022\/01\/Captura-de-Pantalla-2022-01-13-a-las-4.31.18-300x188.png 300w, https:\/\/losperiodistas.com.mx\/portal\/wp-content\/uploads\/2022\/01\/Captura-de-Pantalla-2022-01-13-a-las-4.31.18-768x481.png 768w, https:\/\/losperiodistas.com.mx\/portal\/wp-content\/uploads\/2022\/01\/Captura-de-Pantalla-2022-01-13-a-las-4.31.18.png 1408w\" sizes=\"(max-width: 1024px) 100vw, 1024px\" \/><\/figure>\n\n\n\n<h2 class=\"wp-block-heading\"><strong>\u00bfPuede invertirse la p\u00e9rdida de especies?<\/strong><\/h2>\n\n\n\n<p>A pesar de estas predicciones catastr\u00f3ficas, hay motivos para el optimismo. Si los humanos hacen algo.<\/p>\n\n\n\n<p>\u00abLa conservaci\u00f3n de la vida en la Tierra se enfrenta a lo que a veces parecen ser probabilidades insuperables. Pero, por otro lado, tambi\u00e9n hay muchas historias inspiradoras de \u00e9xito, y ejemplos de casos en los que la gente ha sido capaz de cambiar el rumbo, de poner en marcha acciones que permiten doblar la curva o que las tendencias vayan en la direcci\u00f3n correcta\u00bb, dijo Brooks.<\/p>\n\n\n\n<p>El cient\u00edfico est\u00e1 \u00edntimamente familiarizado con los retos a los que se enfrenta. La UICN elabora minuciosamente la&nbsp;<a href=\"https:\/\/www.iucnredlist.org\/\" target=\"_blank\" rel=\"noreferrer noopener\">Lista Roja<\/a>, que constituye la base fundamental de los conocimientos cient\u00edficos sobre la p\u00e9rdida de especies.<\/p>\n\n\n\n<p>La investigaci\u00f3n demuestra que los esfuerzos de conservaci\u00f3n funcionan.\u00a0<a href=\"https:\/\/conbio.onlinelibrary.wiley.com\/doi\/10.1111\/conl.12762\" target=\"_blank\" rel=\"noreferrer noopener\">Un estudio reciente<\/a>\u00a0revel\u00f3 que, de no haber sido por las intervenciones de conservaci\u00f3n, las p\u00e9rdidas habr\u00edan sido de tres a cuatro veces peores desde 1993.<\/p>\n\n\n\n<h2 class=\"wp-block-heading\">Algas: \u00bfpodr\u00edan revertir la crisis clim\u00e1tica?<\/h2>\n\n\n\n<p><a href=\"https:\/\/www.dw.com\/es\/algas-podr%C3%ADan-revertir-la-crisis-clim%C3%A1tica\/av-60359875\">https:\/\/www.dw.com\/es\/algas-podr%C3%ADan-revertir-la-crisis-clim%C3%A1tica\/av-60359875<\/a><\/p>\n\n\n\n<p>La ampliaci\u00f3n de los \u00e9xitos de conservaci\u00f3n \u2013como la reintroducci\u00f3n de castores en Europa\u2013 parece ser un arma clave en la batalla contra la p\u00e9rdida de biodiversidad.<\/p>\n\n\n\n<p>Elizabeth L. Bennett, vicepresidenta de la Wildlife Conservation Society para la conservaci\u00f3n de especies, es categ\u00f3rica al afirmar que el establecimiento de grandes \u00e1reas de conservaci\u00f3n puede suponer una diferencia significativa para la biodiversidad.<\/p>\n\n\n\n<p>\u00abSi se hace en los lugares adecuados y se planifica y gestiona muy bien, sin duda ser\u00e1 de gran ayuda\u00bb, afirma.<\/p>\n\n\n\n<p>Como primer paso hacia ese objetivo, la Sociedad para la Conservaci\u00f3n de la Vida Silvestre est\u00e1 impulsando la adopci\u00f3n del acuerdo \u00ab30 por 30\u00bb en el Convenio sobre la Diversidad Biol\u00f3gica de Kunming (COP15) en primavera, en el que el 30 % de las tierras y los mares se pondr\u00edan bajo protecci\u00f3n para 2030, aproximadamente el doble de lo que el mundo tiene ahora.<\/p>\n\n\n\n<p>Conseguirlo ser\u00eda un buen comienzo, pero cualquier acuerdo que se alcance en la COP15 ser\u00e1 solo el principio de un largo camino.<\/p>\n\n\n\n<p>(few)<\/p>\n\n\n\n<p>Fuente: https:\/\/www.dw.com\/es\/qu%C3%A9-esperar-de-la-sexta-extinci%C3%B3n-masiva-del-mundo\/a-60405030<\/p>\n","protected":false},"excerpt":{"rendered":"<p>Los seres humanos que viven hoy en d\u00eda son testigos del comienzo de la primera extinci\u00f3n masiva en 65 millones [&hellip;]<\/p>\n","protected":false},"author":1,"featured_media":19206,"comment_status":"open","ping_status":"open","sticky":false,"template":"","format":"standard","meta":{"site-sidebar-layout":"default","site-content-layout":"","ast-site-content-layout":"default","site-content-style":"default","site-sidebar-style":"default","ast-global-header-display":"","ast-banner-title-visibility":"","ast-main-header-display":"","ast-hfb-above-header-display":"","ast-hfb-below-header-display":"","ast-hfb-mobile-header-display":"","site-post-title":"","ast-breadcrumbs-content":"","ast-featured-img":"","footer-sml-layout":"","theme-transparent-header-meta":"","adv-header-id-meta":"","stick-header-meta":"","header-above-stick-meta":"","header-main-stick-meta":"","header-below-stick-meta":"","astra-migrate-meta-layouts":"default","ast-page-background-enabled":"default","ast-page-background-meta":{"desktop":{"background-color":"var(--ast-global-color-4)","background-image":"","background-repeat":"repeat","background-position":"center center","background-size":"auto","background-attachment":"scroll","background-type":"","background-media":"","overlay-type":"","overlay-color":"","overlay-opacity":"","overlay-gradient":""},"tablet":{"background-color":"","background-image":"","background-repeat":"repeat","background-position":"center center","background-size":"auto","background-attachment":"scroll","background-type":"","background-media":"","overlay-type":"","overlay-color":"","overlay-opacity":"","overlay-gradient":""},"mobile":{"background-color":"","background-image":"","background-repeat":"repeat","background-position":"center center","background-size":"auto","background-attachment":"scroll","background-type":"","background-media":"","overlay-type":"","overlay-color":"","overlay-opacity":"","overlay-gradient":""}},"ast-content-background-meta":{"desktop":{"background-color":"var(--ast-global-color-5)","background-image":"","background-repeat":"repeat","background-position":"center center","background-size":"auto","background-attachment":"scroll","background-type":"","background-media":"","overlay-type":"","overlay-color":"","overlay-opacity":"","overlay-gradient":""},"tablet":{"background-color":"var(--ast-global-color-5)","background-image":"","background-repeat":"repeat","background-position":"center center","background-size":"auto","background-attachment":"scroll","background-type":"","background-media":"","overlay-type":"","overlay-color":"","overlay-opacity":"","overlay-gradient":""},"mobile":{"background-color":"var(--ast-global-color-5)","background-image":"","background-repeat":"repeat","background-position":"center center","background-size":"auto","background-attachment":"scroll","background-type":"","background-media":"","overlay-type":"","overlay-color":"","overlay-opacity":"","overlay-gradient":""}},"footnotes":""},"categories":[8],"tags":[3706,6876,6879,6877,6878],"class_list":["post-19205","post","type-post","status-publish","format-standard","has-post-thumbnail","hentry","category-noticias","tag-alimentacion","tag-biodiversidad","tag-extincion-masiva","tag-medio-ambiente","tag-seguridad-alimentaria"],"_links":{"self":[{"href":"https:\/\/losperiodistas.com.mx\/portal\/wp-json\/wp\/v2\/posts\/19205","targetHints":{"allow":["GET"]}}],"collection":[{"href":"https:\/\/losperiodistas.com.mx\/portal\/wp-json\/wp\/v2\/posts"}],"about":[{"href":"https:\/\/losperiodistas.com.mx\/portal\/wp-json\/wp\/v2\/types\/post"}],"author":[{"embeddable":true,"href":"https:\/\/losperiodistas.com.mx\/portal\/wp-json\/wp\/v2\/users\/1"}],"replies":[{"embeddable":true,"href":"https:\/\/losperiodistas.com.mx\/portal\/wp-json\/wp\/v2\/comments?post=19205"}],"version-history":[{"count":1,"href":"https:\/\/losperiodistas.com.mx\/portal\/wp-json\/wp\/v2\/posts\/19205\/revisions"}],"predecessor-version":[{"id":19212,"href":"https:\/\/losperiodistas.com.mx\/portal\/wp-json\/wp\/v2\/posts\/19205\/revisions\/19212"}],"wp:featuredmedia":[{"embeddable":true,"href":"https:\/\/losperiodistas.com.mx\/portal\/wp-json\/wp\/v2\/media\/19206"}],"wp:attachment":[{"href":"https:\/\/losperiodistas.com.mx\/portal\/wp-json\/wp\/v2\/media?parent=19205"}],"wp:term":[{"taxonomy":"category","embeddable":true,"href":"https:\/\/losperiodistas.com.mx\/portal\/wp-json\/wp\/v2\/categories?post=19205"},{"taxonomy":"post_tag","embeddable":true,"href":"https:\/\/losperiodistas.com.mx\/portal\/wp-json\/wp\/v2\/tags?post=19205"}],"curies":[{"name":"wp","href":"https:\/\/api.w.org\/{rel}","templated":true}]}}